{"id":71713,"date":"2023-04-21T09:29:52","date_gmt":"2023-04-21T07:29:52","guid":{"rendered":"https:\/\/www.mojevrijeme.hr\/magazin\/?p=71713"},"modified":"2023-04-21T09:29:55","modified_gmt":"2023-04-21T07:29:55","slug":"radnici-ce-u-mirovinu-tek-sa-70-godina-sve-vise-je-strucnjaka-koji-to-tvrde","status":"publish","type":"post","link":"https:\/\/www.mojevrijeme.hr\/magazin\/2023\/04\/radnici-ce-u-mirovinu-tek-sa-70-godina-sve-vise-je-strucnjaka-koji-to-tvrde\/","title":{"rendered":"Radnici \u0107e u mirovinu tek sa 70 godina, sve vi\u0161e je stru\u010dnjaka koji to tvrde"},"content":{"rendered":"\n<p>Dobna granica za dr\u017eavnu mirovinu mogla bi se pove\u0107ati na 70 godina do 2050. godine, upozoravaju britanski stru\u010dnjaci, ali ne samo oni. Piramidalno dizajnirani mirovinsku sustavi zami\u0161ljeni za demografske uvjete koji ve\u0107 ne postoje desetlje\u0107ima, uru\u0161avaju se diljem svijeta.<\/p>\n\n\n\n<p>Britanski Institut za fiskalne studije upozorio je da \u0107e milijuni ljudi morati odgoditi umirovljenje. Navode da bi starenje stanovni\u0161tva Ujedinjenog Kraljevstva moglo dovesti do pove\u0107anja dobne granice za mirovinu kako bi se odr\u017eao udio ljudi koji su u radnoj snazi. Tako\u0111er su upozorili da radnici u svojim tridesetima i \u010detrdesetima godinama \u017eivota ne \u0161tede dovoljno za mirovinu.<\/p>\n\n\n\n<p>Zamjenik direktora Instituta za fiskalne studije, <strong>Carl Emmerson<\/strong>, rekao je za Sky News: &#8220;Jedna opcija za pomo\u0107 ljudima koji nedovoljno \u0161tede je pove\u0107anje iznosa dr\u017eavne mirovine. No, to nije izgledno u svijetu u kojem se, prema vladinim projekcijama, sljede\u0107ih 50 godina o\u010dekuje da \u0107emo potro\u0161iti ekvivalent od 100 milijardi funti vi\u0161e na dr\u017eavnu mirovinu zbog <em>triple lock<\/em> politike, starenja stanovni\u0161tva i \u010dinjenice da ljudi \u017eive du\u017ee u starijoj dobi&#8221;, naveo je.<\/p><div id=\"mojev-2042791916\" class=\"mojev-u-tekstu mojev-entity-placement\" style=\"margin-left: auto;margin-right: auto;text-align: center;\"><div class=\"mojev-adlabel\">oglas<\/div><div style=\"height: 250px;\"><script async src=\"https:\/\/pagead2.googlesyndication.com\/pagead\/js\/adsbygoogle.js?client=ca-pub-8106111766207173\"\r\n     crossorigin=\"anonymous\"><\/script>\r\n<!-- Prikazni 1 u tekstu -->\r\n<ins class=\"adsbygoogle\"\r\n     style=\"display:block\"\r\n     data-ad-client=\"ca-pub-8106111766207173\"\r\n     data-ad-slot=\"8535551207\"\r\n     data-ad-format=\"auto\"\r\n     data-full-width-responsive=\"true\"><\/ins>\r\n<script>\r\n     (adsbygoogle = window.adsbygoogle || []).push({});\r\n<\/script><\/div><\/div><br style=\"clear: both; display: block; float: none;\"\/>\n\n\n\n<h3 class=\"wp-block-heading\">Hrvatska je katastrofalno lo\u0161a<\/h3>\n\n\n\n<p>Podsjetimo, i <strong>Allianzovo<\/strong> drugo izdanje Izvje\u0161\u0107a o globalnim mirovinama u kojem je analizirano 75 mirovinskih sustava diljem svijeta, upozorava na katastrofalno stanje \u2013 <a href=\"https:\/\/www.mojevrijeme.hr\/magazin\/2023\/04\/hrvatska-treba-produlji-radni-vijek-i-povecati-stope-doprinosa-sustav-je-los\/\" data-type=\"post\" data-id=\"71642\" target=\"_blank\" rel=\"noreferrer noopener\">pogotovo u Hrvatskoj<\/a>. &#8220;Za odr\u017eivi mirovinski sustav <em>(u Hrvatskoj, op.a)<\/em> potrebno je uzeti u obzir vi\u0161e stope doprinosa, ali i potencijalno produljenje radnog vijeka osiguranika. S obzirom na sna\u017ean drugi stup, mjere bi mogle biti usmjerene na tre\u0107i stup (privatna \u0161tednja) i bolje mogu\u0107nosti zapo\u0161ljavanja za starije zaposlenike&#8221;, savjetuje Allianz.<\/p>\n\n\n\n<p>Allianz je kao dobro ugo\u0111ene mirovinske sustave naveo one u Danskoj, \u0160vedskoj i nizozemskoj. Oni dijele jednu zajedni\u010dku stavku: odredili su smjer odr\u017eivosti vrlo rano, na vrijeme kad je demografska nestabilnost postala o\u010digledna.<\/p>\n<div id=\"mojev-2746077176\" class=\"mojev-kraj-teksta mojev-entity-placement\" style=\"margin-bottom: 20px;margin-left: auto;margin-right: auto;text-align: center;\"><div class=\"mojev-adlabel\">oglas<\/div><div style=\"height: 250px;\"><script async src=\"https:\/\/pagead2.googlesyndication.com\/pagead\/js\/adsbygoogle.js?client=ca-pub-8106111766207173\"\r\n     crossorigin=\"anonymous\"><\/script>\r\n<!-- Display-1 -->\r\n<ins class=\"adsbygoogle\"\r\n     style=\"display:block\"\r\n     data-ad-client=\"ca-pub-8106111766207173\"\r\n     data-ad-slot=\"1465712950\"\r\n     data-ad-format=\"auto\"\r\n     data-full-width-responsive=\"true\"><\/ins>\r\n<script>\r\n     (adsbygoogle = window.adsbygoogle || []).push({});\r\n<\/script><\/div><\/div>","protected":false},"excerpt":{"rendered":"<p>&#8216;Jedna opcija za pomo\u0107 ljudima koji nedovoljno \u0161tede je pove\u0107anje iznosa dr\u017eavne mirovine. No, to nije izgledno.&#8217;<\/p>\n","protected":false},"author":1,"featured_media":71718,"comment_status":"closed","ping_status":"closed","sticky":false,"template":"","format":"standard","meta":{"footnotes":""},"categories":[9],"tags":[2706,18],"class_list":["post-71713","post","type-post","status-publish","format-standard","has-post-thumbnail","hentry","category-vijesti","tag-dob-za-umirovljenje","tag-mirovine"],"_links":{"self":[{"href":"https:\/\/www.mojevrijeme.hr\/magazin\/wp-json\/wp\/v2\/posts\/71713","targetHints":{"allow":["GET"]}}],"collection":[{"href":"https:\/\/www.mojevrijeme.hr\/magazin\/wp-json\/wp\/v2\/posts"}],"about":[{"href":"https:\/\/www.mojevrijeme.hr\/magazin\/wp-json\/wp\/v2\/types\/post"}],"author":[{"embeddable":true,"href":"https:\/\/www.mojevrijeme.hr\/magazin\/wp-json\/wp\/v2\/users\/1"}],"replies":[{"embeddable":true,"href":"https:\/\/www.mojevrijeme.hr\/magazin\/wp-json\/wp\/v2\/comments?post=71713"}],"version-history":[{"count":0,"href":"https:\/\/www.mojevrijeme.hr\/magazin\/wp-json\/wp\/v2\/posts\/71713\/revisions"}],"wp:featuredmedia":[{"embeddable":true,"href":"https:\/\/www.mojevrijeme.hr\/magazin\/wp-json\/wp\/v2\/media\/71718"}],"wp:attachment":[{"href":"https:\/\/www.mojevrijeme.hr\/magazin\/wp-json\/wp\/v2\/media?parent=71713"}],"wp:term":[{"taxonomy":"category","embeddable":true,"href":"https:\/\/www.mojevrijeme.hr\/magazin\/wp-json\/wp\/v2\/categories?post=71713"},{"taxonomy":"post_tag","embeddable":true,"href":"https:\/\/www.mojevrijeme.hr\/magazin\/wp-json\/wp\/v2\/tags?post=71713"}],"curies":[{"name":"wp","href":"https:\/\/api.w.org\/{rel}","templated":true}]}}