{"id":71721,"date":"2023-04-21T10:15:22","date_gmt":"2023-04-21T08:15:22","guid":{"rendered":"https:\/\/www.mojevrijeme.hr\/magazin\/?p=71721"},"modified":"2023-04-21T10:20:18","modified_gmt":"2023-04-21T08:20:18","slug":"svekrva-mi-je-bila-poput-majke-nadam-se-da-sam-joj-uzvratila-ljubav","status":"publish","type":"post","link":"https:\/\/www.mojevrijeme.hr\/magazin\/2023\/04\/svekrva-mi-je-bila-poput-majke-nadam-se-da-sam-joj-uzvratila-ljubav\/","title":{"rendered":"&#8216;Svekrva mi je bila poput majke, nadam se da sam joj uzvratila ljubav&#8217;"},"content":{"rendered":"\n<p><em>Pri\u010de o odnosima svekrva i snaha izazivaju uvijek veliku pozornost. Naj\u010de\u0161\u0107e su te\u0161ke, ponekad tu\u017ene i govore o nerazumijevanju, sukobu generacija, ali i o promjenama obiteljskih uloga. No ponekad nas iznenade tople i nje\u017ene ispovijesti koje na\u0161i \u010ditatelji \u017eele podijeliti s nama i drugim \u010ditateljima. Ovo je jedna od tih pri\u010da.<\/em><\/p>\n\n\n\n<p>&#8220;Bila sam snaha, a sada sam svekrva. \u017divim na periferiji malog grada. Kada sam se udala, roditelji mog mu\u017ea imali su &nbsp;oku\u0107nicu sa ne\u0161to \u017eivotinja, izme\u0111u ostalog i svinje. Bili su to jako vrijedni ljudi. Iako su oboje radili u firmama, ipak su odr\u017eavali i vrt i \u017eivotinje. \u010cesto sam \u010dula njihove pri\u010de kako su do\u0161li sa sela gdje je bilo te\u0161ko obra\u0111ivati zemlju i kako su krenuli od nule&#8221;, ka\u017ee na\u0161a \u010ditateljica pa dodaje: &#8220;Cijenila sam ih jer mi je bilo jasno kako su te\u0161ko odgajali svog sina, mog mu\u017ea.&#8221;<\/p>\n\n\n\n<p>Ipak, priznaje, te\u0161ko ih je pratila u poslovima u vrtu i oko stoke. &#8220;Odrasla sam u malo ve\u0107em gradu, a majka mi je govorila da moram biti svoja i zavr\u0161iti \u0161kole. Nitko od mene nije tra\u017eio niti da idem u vrt, niti da brinem o \u017eivotinjama. Nisam \u017eeljela biti &#8216;gospo\u0111a&#8217;. Trudila sam se raditi ono \u0161to sam znala i mogla. Ipak, bilo mi je neugodno oti\u0107i po salatu ili mrkvu, znaju\u0107i da se moja svekrva trudila oko toga, a ja ni\u0161ta.&#8221;<\/p><div id=\"mojev-2172137079\" class=\"mojev-u-tekstu mojev-entity-placement\" style=\"margin-left: auto;margin-right: auto;text-align: center;\"><div class=\"mojev-adlabel\">oglas<\/div><div style=\"height: 250px;\"><script async src=\"https:\/\/pagead2.googlesyndication.com\/pagead\/js\/adsbygoogle.js?client=ca-pub-8106111766207173\"\r\n     crossorigin=\"anonymous\"><\/script>\r\n<!-- Prikazni 1 u tekstu -->\r\n<ins class=\"adsbygoogle\"\r\n     style=\"display:block\"\r\n     data-ad-client=\"ca-pub-8106111766207173\"\r\n     data-ad-slot=\"8535551207\"\r\n     data-ad-format=\"auto\"\r\n     data-full-width-responsive=\"true\"><\/ins>\r\n<script>\r\n     (adsbygoogle = window.adsbygoogle || []).push({});\r\n<\/script><\/div><\/div><br style=\"clear: both; display: block; float: none;\"\/>\n\n\n\n<p>Ka\u017ee, jednoga je dana sjela sa svekrvom na kavu, kako bi o svemu porazgovarale. &#8220;Pa\u017eljivo sam slu\u0161ala njenu pri\u010du o te\u0161kom \u017eivotu i kako nije mogla zavr\u0161iti \u0161kolu jer je bila slu\u0161kinja. Nije ni mogla oti\u0107i raditi u Njema\u010dku, jer bi to zna\u010dilo da mora ostaviti mu\u017ea i djecu. Shvatila sam da iako u nekim stvarima neuka, ima toplo srce i ljubav. Godinama smo \u017eivjeli u zajedni\u010dkom ku\u0107anstvu. Iako je radila, \u010desto je \u010duvala svoje unuke i brinula o vrtu i cvije\u0107u.&#8221;<\/p>\n\n\n\n\n\n<p><\/p>\n\n\n\n<p>Svekrva je u starosti postala bolesna i dementna, a na\u0161a \u010ditateljica je dobila priliku uzvratiti joj za svo dobro koje je u\u010dinila za svog sina, snahu i unuke. &#8220;Svaki dan sam promatrala kako se polako gasi jedan \u017eivot i kako \u0107u uskoro izgubiti osobu koja mi je bila poput majke. Njegovala sam je i uga\u0111ala koliko sam mogla, a ona je bila tako zahvalna \u010dak i za male stvari. Iako je imala samo dva razreda osnovne \u0161kole i te\u0161ko se znala potpisati, znanje, mudrost i ljubav koje mi je ostavila u naslje\u0111e smatrala sam najljep\u0161im darom koji sam dobila od \u017eene koja je rodila mog mu\u017ea. Kada je umrla, iza nje su u vrtu ostale ru\u017ee koje i danas cvjetaju i podsje\u0107aju me na nju.&#8221;<\/p>\n\n\n\n<p>&#8220;Sada sam ja svekrva. Na svoju snahu gledam kao na k\u0107er. U mnogo\u010demu je sposobnija od mene, ali me po\u0161tuje. Poma\u017eem joj kad i koliko joj treba. Nas dvije nismo suparnice, nego jednostavno volimo, svaka na svoj na\u010din, istog \u010dovjeka. Ne o\u010dekujem da me moja snaha dvori pod stare dane jer je ne smatram slu\u0161kinjom. Dogovorili smo se kao obitelj da, kada vi\u0161e ne budem mogla brinuti za sebe sama, smjeste me u dom. Svojoj snahi \u017eelim ostaviti u naslje\u0111e svoje iskustvo i ljubav prema obitelji. Mo\u017eda \u0107e i ona gledati neke ru\u017ee poslije mene&#8221;, zaklju\u010duje na\u0161a \u010ditateljica u ovoj lijepoj obiteljskoj pri\u010di.<\/p>\n\n\n\n<div id=\"crveno\"><\/p>\n\n\n\n<h3 class=\"wp-block-heading\">Zanima nas va\u0161a pri\u010da<\/h3>\n\n\n\n<p>\u017delite li i vi, posve anonimno, podijeliti svoje iskustvo i vi\u0111enje ove teme s nama i na\u0161im \u010ditateljima, mo\u017eete to u\u010diniti putem web obrasca <a rel=\"noreferrer noopener\" href=\"https:\/\/www.mojevrijeme.hr\/magazin\/povjerljivo\/\" target=\"_blank\">Povjerljivo<\/a>. Napi\u0161ite svoju pri\u010du!<\/p>\n\n\n\n<p><\/div>\n<div id=\"mojev-952071531\" class=\"mojev-kraj-teksta mojev-entity-placement\" style=\"margin-bottom: 20px;margin-left: auto;margin-right: auto;text-align: center;\"><div class=\"mojev-adlabel\">oglas<\/div><div style=\"height: 250px;\"><script async src=\"https:\/\/pagead2.googlesyndication.com\/pagead\/js\/adsbygoogle.js?client=ca-pub-8106111766207173\"\r\n     crossorigin=\"anonymous\"><\/script>\r\n<!-- Display-1 -->\r\n<ins class=\"adsbygoogle\"\r\n     style=\"display:block\"\r\n     data-ad-client=\"ca-pub-8106111766207173\"\r\n     data-ad-slot=\"1465712950\"\r\n     data-ad-format=\"auto\"\r\n     data-full-width-responsive=\"true\"><\/ins>\r\n<script>\r\n     (adsbygoogle = window.adsbygoogle || []).push({});\r\n<\/script><\/div><\/div>","protected":false},"excerpt":{"rendered":"<p>&#8216;Pa\u017eljivo sam slu\u0161ala njenu pri\u010du o te\u0161kom \u017eivotu i kako nije mogla zavr\u0161iti \u0161kolu jer je bila slu\u0161kinja. Nije ni mogla oti\u0107i raditi u Njema\u010dku jer bi to zna\u010dilo da mora ostaviti mu\u017ea i djecu.&#8217;<\/p>\n","protected":false},"author":1,"featured_media":71725,"comment_status":"closed","ping_status":"closed","sticky":false,"template":"","format":"standard","meta":{"footnotes":""},"categories":[2],"tags":[198,3437,315,314],"class_list":["post-71721","post","type-post","status-publish","format-standard","has-post-thumbnail","hentry","category-mozaik","tag-obitelj","tag-obiteljski-odnosi","tag-snaha","tag-svekrva"],"_links":{"self":[{"href":"https:\/\/www.mojevrijeme.hr\/magazin\/wp-json\/wp\/v2\/posts\/71721","targetHints":{"allow":["GET"]}}],"collection":[{"href":"https:\/\/www.mojevrijeme.hr\/magazin\/wp-json\/wp\/v2\/posts"}],"about":[{"href":"https:\/\/www.mojevrijeme.hr\/magazin\/wp-json\/wp\/v2\/types\/post"}],"author":[{"embeddable":true,"href":"https:\/\/www.mojevrijeme.hr\/magazin\/wp-json\/wp\/v2\/users\/1"}],"replies":[{"embeddable":true,"href":"https:\/\/www.mojevrijeme.hr\/magazin\/wp-json\/wp\/v2\/comments?post=71721"}],"version-history":[{"count":0,"href":"https:\/\/www.mojevrijeme.hr\/magazin\/wp-json\/wp\/v2\/posts\/71721\/revisions"}],"wp:featuredmedia":[{"embeddable":true,"href":"https:\/\/www.mojevrijeme.hr\/magazin\/wp-json\/wp\/v2\/media\/71725"}],"wp:attachment":[{"href":"https:\/\/www.mojevrijeme.hr\/magazin\/wp-json\/wp\/v2\/media?parent=71721"}],"wp:term":[{"taxonomy":"category","embeddable":true,"href":"https:\/\/www.mojevrijeme.hr\/magazin\/wp-json\/wp\/v2\/categories?post=71721"},{"taxonomy":"post_tag","embeddable":true,"href":"https:\/\/www.mojevrijeme.hr\/magazin\/wp-json\/wp\/v2\/tags?post=71721"}],"curies":[{"name":"wp","href":"https:\/\/api.w.org\/{rel}","templated":true}]}}