{"id":71841,"date":"2023-04-22T21:02:13","date_gmt":"2023-04-22T19:02:13","guid":{"rendered":"https:\/\/www.mojevrijeme.hr\/magazin\/?p=71841"},"modified":"2023-04-22T21:02:16","modified_gmt":"2023-04-22T19:02:16","slug":"umirovljenika-ubila-leteca-krava-nije-imao-sanse","status":"publish","type":"post","link":"https:\/\/www.mojevrijeme.hr\/magazin\/2023\/04\/umirovljenika-ubila-leteca-krava-nije-imao-sanse\/","title":{"rendered":"Umirovljenika ubila lete\u0107a krava, nije imao \u0161anse"},"content":{"rendered":"\n<p><strong>Shivdayal Sharma<\/strong>,(82) istog je trena preminuo nakon \u0161to je na njega sa sto metara visine pala &#8211; krava. \u017divotinja se nalazila na tra\u010dnicama kada je u nju udario brzi vlak i odbacio je nebu pod oblake.<\/p>\n\n\n\n<p>Nezapam\u0107eni incident dogodio se u indijskom Alwaru kada je krava zalutala na obli\u017enju \u017eeljezni\u010dku prugu. Indijski mediji navode da je kraj nesretnog mu\u0161karca kojeg je zdrobila krava u slobodnom padu stajala jo\u0161 jedna osoba, no na sre\u0107u \u2013 za dlaku je izbjegla smrt.<\/p>\n\n\n\n<p>Incidenti s kravama na tra\u010dnicama postali su zabrinjavaju\u0107e \u010desti s \u010dak 26.180 prijavljenih slu\u010dajeva od 2022. do 2023. godine. Ova alarmantna statistika potaknula je mnoge da od vlasti zatra\u017ee stro\u017ee sigurnosne propise kako bi se za\u0161titile \u017eivotinje i sprije\u010dila materijalna \u0161teta na vlakovima.<\/p><div id=\"mojev-2466014804\" class=\"mojev-u-tekstu mojev-entity-placement\" style=\"margin-left: auto;margin-right: auto;text-align: center;\"><div class=\"mojev-adlabel\">oglas<\/div><div style=\"height: 250px;\"><script async src=\"https:\/\/pagead2.googlesyndication.com\/pagead\/js\/adsbygoogle.js?client=ca-pub-8106111766207173\"\r\n     crossorigin=\"anonymous\"><\/script>\r\n<!-- Prikazni 1 u tekstu -->\r\n<ins class=\"adsbygoogle\"\r\n     style=\"display:block\"\r\n     data-ad-client=\"ca-pub-8106111766207173\"\r\n     data-ad-slot=\"8535551207\"\r\n     data-ad-format=\"auto\"\r\n     data-full-width-responsive=\"true\"><\/ins>\r\n<script>\r\n     (adsbygoogle = window.adsbygoogle || []).push({});\r\n<\/script><\/div><\/div><br style=\"clear: both; display: block; float: none;\"\/>\n\n\n\n<p>Ministar \u017eeljeznica <strong>Ashwini Vaishnaw<\/strong> izjavio je da vlasti uklanjaju sme\u0107e i raslinje uz prugu kako bi se izbjegli naleti na krave, no u ovom slu\u010daju to nije pomoglo. Na nekim dijelovima pruge podignute su \u010dak i metalne ograde kako \u017eivotinje ne bi pasle na pruzi.<\/p>\n<div id=\"mojev-2464680093\" class=\"mojev-kraj-teksta mojev-entity-placement\" style=\"margin-bottom: 20px;margin-left: auto;margin-right: auto;text-align: center;\"><div class=\"mojev-adlabel\">oglas<\/div><div style=\"height: 250px;\"><script async src=\"https:\/\/pagead2.googlesyndication.com\/pagead\/js\/adsbygoogle.js?client=ca-pub-8106111766207173\"\r\n     crossorigin=\"anonymous\"><\/script>\r\n<!-- Display-1 -->\r\n<ins class=\"adsbygoogle\"\r\n     style=\"display:block\"\r\n     data-ad-client=\"ca-pub-8106111766207173\"\r\n     data-ad-slot=\"1465712950\"\r\n     data-ad-format=\"auto\"\r\n     data-full-width-responsive=\"true\"><\/ins>\r\n<script>\r\n     (adsbygoogle = window.adsbygoogle || []).push({});\r\n<\/script><\/div><\/div>","protected":false},"excerpt":{"rendered":"<p>Na nekim dijelovima \u017eeljeznice podignute su \u010dak i metalne ograde kako \u017eivotinje ne bi pasle na pruzi.<\/p>\n","protected":false},"author":1,"featured_media":71845,"comment_status":"closed","ping_status":"closed","sticky":false,"template":"","format":"standard","meta":{"footnotes":""},"categories":[9],"tags":[596,1588,3448],"class_list":["post-71841","post","type-post","status-publish","format-standard","has-post-thumbnail","hentry","category-vijesti","tag-crna-kronika","tag-indija","tag-krave"],"_links":{"self":[{"href":"https:\/\/www.mojevrijeme.hr\/magazin\/wp-json\/wp\/v2\/posts\/71841","targetHints":{"allow":["GET"]}}],"collection":[{"href":"https:\/\/www.mojevrijeme.hr\/magazin\/wp-json\/wp\/v2\/posts"}],"about":[{"href":"https:\/\/www.mojevrijeme.hr\/magazin\/wp-json\/wp\/v2\/types\/post"}],"author":[{"embeddable":true,"href":"https:\/\/www.mojevrijeme.hr\/magazin\/wp-json\/wp\/v2\/users\/1"}],"replies":[{"embeddable":true,"href":"https:\/\/www.mojevrijeme.hr\/magazin\/wp-json\/wp\/v2\/comments?post=71841"}],"version-history":[{"count":0,"href":"https:\/\/www.mojevrijeme.hr\/magazin\/wp-json\/wp\/v2\/posts\/71841\/revisions"}],"wp:featuredmedia":[{"embeddable":true,"href":"https:\/\/www.mojevrijeme.hr\/magazin\/wp-json\/wp\/v2\/media\/71845"}],"wp:attachment":[{"href":"https:\/\/www.mojevrijeme.hr\/magazin\/wp-json\/wp\/v2\/media?parent=71841"}],"wp:term":[{"taxonomy":"category","embeddable":true,"href":"https:\/\/www.mojevrijeme.hr\/magazin\/wp-json\/wp\/v2\/categories?post=71841"},{"taxonomy":"post_tag","embeddable":true,"href":"https:\/\/www.mojevrijeme.hr\/magazin\/wp-json\/wp\/v2\/tags?post=71841"}],"curies":[{"name":"wp","href":"https:\/\/api.w.org\/{rel}","templated":true}]}}