{"id":71861,"date":"2023-04-23T00:37:08","date_gmt":"2023-04-22T22:37:08","guid":{"rendered":"https:\/\/www.mojevrijeme.hr\/magazin\/?p=71861"},"modified":"2023-04-23T07:37:00","modified_gmt":"2023-04-23T05:37:00","slug":"reakcije-kosor-je-diva-bolja-od-severine-konacno-penzionerka-koja-ne-kuka","status":"publish","type":"post","link":"https:\/\/www.mojevrijeme.hr\/magazin\/2023\/04\/reakcije-kosor-je-diva-bolja-od-severine-konacno-penzionerka-koja-ne-kuka\/","title":{"rendered":"Reakcije: &#8216;Kosor je diva, bolja od Severine, kona\u010dno penzionerka koja ne kuka&#8217;"},"content":{"rendered":"\n<p>Rije\u0161ena je najve\u0107a misterija RTL-ovog showa &#8220;Masked Singer&#8221;. Odu\u0161evila nas je svojim nastupima, a u studio je dovela i harmoniku. Ispod maske Kraljice skrivala se <strong>Jadranka Kosor<\/strong>, biv\u0161a predsjednica Hrvatske demokratske zajednice. <\/p>\n\n\n\n<p>&#8220;Znalo se od prvog nastupa&#8221;, zaklju\u010dili su mnogi nakon \u0161to je Kosor skinula masku. &#8220;Bravo, odli\u010dna je bila! Prava kraljica!&#8221; napisala je jedna obo\u017eavateljica na Facebooku, dok je druga dodala: &#8220;Jadranka je kraljica Hrvata, diva, bolja od Severine!&#8221; Na Twitteru je pak prognozirano kako \u0107e se Kosor kandidirati na idu\u0107im predsjedni\u010dkim izborima te da su joj \u0161anse za pobjedu &#8211; velike.<\/p>\n\n\n\n<p>&#8220;Hvala svima koji su glasali za mene, hvala onima koji su otpo\u010detka mislili da sam to ja&#8221;, rekla je Kosor. Voditeljica ju je pitala kako je uspjela sve &#8211; i biti na \u0161pici i u &#8220;Masked Singeru&#8221;. &#8220;Zato \u0161to sam kraljica&#8221;, rekla je. Otkrila je i kako ju je producent emisije dugo nagovarao da se upusti u ovu avanture te kako je isprva odbila svaku mogu\u0107nost sudjelovanja.<\/p><div id=\"mojev-519612748\" class=\"mojev-u-tekstu mojev-entity-placement\" style=\"margin-left: auto;margin-right: auto;text-align: center;\"><div class=\"mojev-adlabel\">oglas<\/div><div style=\"height: 250px;\"><script async src=\"https:\/\/pagead2.googlesyndication.com\/pagead\/js\/adsbygoogle.js?client=ca-pub-8106111766207173\"\r\n     crossorigin=\"anonymous\"><\/script>\r\n<!-- Prikazni 1 u tekstu -->\r\n<ins class=\"adsbygoogle\"\r\n     style=\"display:block\"\r\n     data-ad-client=\"ca-pub-8106111766207173\"\r\n     data-ad-slot=\"8535551207\"\r\n     data-ad-format=\"auto\"\r\n     data-full-width-responsive=\"true\"><\/ins>\r\n<script>\r\n     (adsbygoogle = window.adsbygoogle || []).push({});\r\n<\/script><\/div><\/div><br style=\"clear: both; display: block; float: none;\"\/>\n\n\n\n<p>Komplimenti na ra\u010dun biv\u0161e premijerke nizali su se cijelu no\u0107. &#8220;Jadranka ima prekrasan glas! \u0160teta \u0161to je ispala!&#8221; &#8220;Odli\u010dno! Ba\u0161 mi drago da malo trgne i ove penzionere da se mogu i zabaviti, a ne samo kukati!&#8221; &#8220;Izgleda kao ona beba lutka \u0161to se na krevete stavljala nekada. Dobro je to ona odradila. Najvi\u0161e me \u017eivciralo \u0161to su je vozili stalno unazad.&#8221; &#8220;Na\u0161a najbolja premijerka. Pod njezinom vladom cvije\u0107e nam je cvjetalo kao u seoskom vrtu!&#8221;<\/p>\n\n\n\n\n\n<p><\/p>\n\n\n\n<p>Kraljica Kosor u emisiji je iznenadila, ali i odu\u0161evila izborom pjesama. Izvela je narodnu pjesmu &#8220;Mamica su \u0161trukle pekli&#8221;, a zatim &#8220;Te\u0161ke boje&#8221; od Bareta i Majki, pa &#8220;Mamu \u0160\u010c&#8221; Leta 3, a u pro\u0161loj emisiji veliki hit &#8220;Iznad Te\u0161nja&#8221; Halida Be\u0161li\u0107a. U polufinalu se odlu\u010dila za Manu Chaoa &#8211; Clandestino.<\/p>\n\n\n\n<figure class=\"wp-block-embed is-type-video is-provider-youtube wp-block-embed-youtube wp-embed-aspect-16-9 wp-has-aspect-ratio\"><div class=\"wp-block-embed__wrapper\">\n<iframe loading=\"lazy\" title=\"Kraljica - &#039;Mama \u0160\u010c!&#039; | MASKED SINGER CROATIA EP4\" width=\"740\" height=\"416\" src=\"https:\/\/www.youtube.com\/embed\/3qnpUd1sogs?feature=oembed\" frameborder=\"0\" allow=\"accelerometer; autoplay; clipboard-write; encrypted-media; gyroscope; picture-in-picture; web-share\" allowfullscreen><\/iframe>\n<\/div><\/figure>\n<div id=\"mojev-1451931007\" class=\"mojev-kraj-teksta mojev-entity-placement\" style=\"margin-bottom: 20px;margin-left: auto;margin-right: auto;text-align: center;\"><div class=\"mojev-adlabel\">oglas<\/div><div style=\"height: 250px;\"><script async src=\"https:\/\/pagead2.googlesyndication.com\/pagead\/js\/adsbygoogle.js?client=ca-pub-8106111766207173\"\r\n     crossorigin=\"anonymous\"><\/script>\r\n<!-- Display-1 -->\r\n<ins class=\"adsbygoogle\"\r\n     style=\"display:block\"\r\n     data-ad-client=\"ca-pub-8106111766207173\"\r\n     data-ad-slot=\"1465712950\"\r\n     data-ad-format=\"auto\"\r\n     data-full-width-responsive=\"true\"><\/ins>\r\n<script>\r\n     (adsbygoogle = window.adsbygoogle || []).push({});\r\n<\/script><\/div><\/div>","protected":false},"excerpt":{"rendered":"<p>Kraljica Kosor u emisiji je iznenadila, ali i odu\u0161evila izborom pjesama. Komplimenti na ra\u010dun biv\u0161e premijerke nizali su se cijelu no\u0107. <\/p>\n","protected":false},"author":1,"featured_media":71866,"comment_status":"closed","ping_status":"closed","sticky":false,"template":"","format":"standard","meta":{"footnotes":""},"categories":[84],"tags":[1275,902],"class_list":["post-71861","post","type-post","status-publish","format-standard","has-post-thumbnail","hentry","category-show","tag-jadranka-kosor","tag-rtl"],"_links":{"self":[{"href":"https:\/\/www.mojevrijeme.hr\/magazin\/wp-json\/wp\/v2\/posts\/71861","targetHints":{"allow":["GET"]}}],"collection":[{"href":"https:\/\/www.mojevrijeme.hr\/magazin\/wp-json\/wp\/v2\/posts"}],"about":[{"href":"https:\/\/www.mojevrijeme.hr\/magazin\/wp-json\/wp\/v2\/types\/post"}],"author":[{"embeddable":true,"href":"https:\/\/www.mojevrijeme.hr\/magazin\/wp-json\/wp\/v2\/users\/1"}],"replies":[{"embeddable":true,"href":"https:\/\/www.mojevrijeme.hr\/magazin\/wp-json\/wp\/v2\/comments?post=71861"}],"version-history":[{"count":0,"href":"https:\/\/www.mojevrijeme.hr\/magazin\/wp-json\/wp\/v2\/posts\/71861\/revisions"}],"wp:featuredmedia":[{"embeddable":true,"href":"https:\/\/www.mojevrijeme.hr\/magazin\/wp-json\/wp\/v2\/media\/71866"}],"wp:attachment":[{"href":"https:\/\/www.mojevrijeme.hr\/magazin\/wp-json\/wp\/v2\/media?parent=71861"}],"wp:term":[{"taxonomy":"category","embeddable":true,"href":"https:\/\/www.mojevrijeme.hr\/magazin\/wp-json\/wp\/v2\/categories?post=71861"},{"taxonomy":"post_tag","embeddable":true,"href":"https:\/\/www.mojevrijeme.hr\/magazin\/wp-json\/wp\/v2\/tags?post=71861"}],"curies":[{"name":"wp","href":"https:\/\/api.w.org\/{rel}","templated":true}]}}