{"id":72083,"date":"2023-04-25T20:15:20","date_gmt":"2023-04-25T18:15:20","guid":{"rendered":"https:\/\/www.mojevrijeme.hr\/magazin\/?p=72083"},"modified":"2023-04-25T20:19:40","modified_gmt":"2023-04-25T18:19:40","slug":"1-maj-u-maksimiru-30-000-porcija-graha-20-000-strukli-i-fantasticna-zabava","status":"publish","type":"post","link":"https:\/\/www.mojevrijeme.hr\/magazin\/2023\/04\/1-maj-u-maksimiru-30-000-porcija-graha-20-000-strukli-i-fantasticna-zabava\/","title":{"rendered":"Praznik rada u Maksimiru: 30.000 porcija graha, 20.000 \u0161trukli i fantasti\u010dna zabava"},"content":{"rendered":"\n<p>Zagreba\u010dki gradona\u010delnik<strong> Tomislav Toma\u0161evi\u0107<\/strong> pozvao je Zagrep\u010dane na tradicionalnu proslavu Me\u0111unarodnog praznika rada 1. svibnja u parku Maksimiru. Program je organiziran na dvije pozornice. <\/p>\n\n\n\n<p>Osim glazbenih nastupa, kreativnih i edukativnih radionica, posjetitelje o\u010dekuje 30.000 porcija graha i 20.000 porcija \u0161trukli koje \u0107e se dijeliti od 10:30 sati. Pibor za hranu bit \u0107e biorazgradiv, pohvalio se gradona\u010delnik. <\/p>\n\n\n\n<p>Uz finu hranu, posjetitelji \u0107e mo\u0107i u\u017eivati u nastupima brojnih izvo\u0111a\u010da me\u0111u kojima su <strong>Zdenka Kova\u010di\u010dek<\/strong> &amp; Greenhouse Blues Band, <strong>Jimmy Stani\u0107<\/strong> &amp;The Boys, feat. Barbara te <strong>Drago Dikli\u0107<\/strong> i Ante Gelo kvartet.<\/p><div id=\"mojev-3599745590\" class=\"mojev-u-tekstu mojev-entity-placement\" style=\"margin-left: auto;margin-right: auto;text-align: center;\"><div class=\"mojev-adlabel\">oglas<\/div><div style=\"height: 250px;\"><script async src=\"https:\/\/pagead2.googlesyndication.com\/pagead\/js\/adsbygoogle.js?client=ca-pub-8106111766207173\"\r\n     crossorigin=\"anonymous\"><\/script>\r\n<!-- Prikazni 1 u tekstu -->\r\n<ins class=\"adsbygoogle\"\r\n     style=\"display:block\"\r\n     data-ad-client=\"ca-pub-8106111766207173\"\r\n     data-ad-slot=\"8535551207\"\r\n     data-ad-format=\"auto\"\r\n     data-full-width-responsive=\"true\"><\/ins>\r\n<script>\r\n     (adsbygoogle = window.adsbygoogle || []).push({});\r\n<\/script><\/div><\/div><br style=\"clear: both; display: block; float: none;\"\/>\n\n\n\n<p>Tradicionalna proslava Praznika rada po\u010deti \u0107e ve\u0107 u osam sati ujutro kada kre\u0107e glazba s velike pozornice, a u 9:45 program \u0107e otvoriti Zagreba\u010dki orkestar ZET-a, nakon kojega nastupaju Akademski mu\u0161ki zbor FER-a i Zli bubnjari. Na pozornicu \u0107e gradona\u010delnik stati u 11:20. Program koji \u0107e zaklju\u010diti DJ Rea vodit \u0107e najbolji plesa\u010d me\u0111u voditeljima \u2013 <strong>Frano Ridjan<\/strong>.<\/p>\n\n\n\n\n\n<p><\/p>\n\n\n\n<p>Paralelno, na maloj pozornici uz ulaz u park, odr\u017eavat \u0107e se edukativne radionice i nastupi plesnih skupina koji su organizirani u suradnji s centrima za kulturu. U blizini male pozornice, posjetitelji \u0107e od 15:00 do 17:30 mo\u0107i besplatno sudjelovati na kvizu op\u0107eg znanja za koji je Grad Zagreb anga\u017eirao profesionalnu i predanu ekipu s dugogodi\u0161njim iskustvom u kreiranju i organiziranju kviza\u0161kog programa i koja je pokrenula zapa\u017eeni projekt KRiP (kviza\u0161ka razbibriga i pi\u0107e).<\/p>\n\n\n\n<div id=\"zeleno\"><\/p>\n\n\n\n<h3 class=\"wp-block-heading\">Velika pozornica<\/h3>\n\n\n\n<p>08.00 \u2013 09.45 Glazba s pozornice<br>09.45 \u2013 10.15 Zagreba\u010dki orkestar ZET-a<br>10.15 \u2013 11.00 Akademski mu\u0161ki zbor Fakulteta elektrotehnike i ra\u010dunarstva<br>11.00 \u2013 11.20 Zli bubnjari<br>11.20 \u2013 11.30 Gradona\u010delnikovo obra\u0107anje prisutnima<br>11.30 \u2013 12.30 Zdenka Kova\u010di\u010dek &amp;Greenhouse Blues Band<br>12.30 \u2013 13.15 Jimmy Stani\u0107 &amp;The Boys, feat. Barbara<br>13.15 \u2013 14.30 Drago Dikli\u0107 i Ante Gelo kvartet<br>14.30 \u2013 16.30 DJ Rea<\/p>\n\n\n\n<p><\/div>\n\n\n\n<div id=\"crveno\"><\/p>\n\n\n\n<h3 class=\"wp-block-heading\">Mala pozornica<\/h3>\n\n\n\n<p>10:00 \u2013 10:15 Nastup pred\u0161kolske plesne skupine Plesnog centra Pu\u010dkog otvorenog u\u010dili\u0161ta<br>10:20 \u2013 11:20 Kazali\u0161na predstava za djecu \u201eDome, slatki dome\u201c (NS Dubrava)<br>11:25 \u2013 11:55 Ma\u0111ioni\u010dar \u201eJapa\u201c \u2013 trikovi i iluzije (Centar za kulturu i film Augusta Cesarca)<br>12:001 \u2013 2:15 \u201eKing Kong Drums\u201c \u2013 udaraljka\u0161ki sastav polaznika Pop rock akademije (Pu\u010dko otvoreno u\u010dili\u0161te)<br>12:20 \u2013 12:30 \u201e5 gitara i 1 blues\u201c &#8211; polaznici te\u010daja gitare Pop rock akademije (Pu\u010dko otvoreno u\u010dili\u0161te)<br>12:35 \u2013 12:55 ZAGREB, OTVORENI GRAD predstavlja &#8211; CommiBalde (glazbenik iz Senegala) (Centar mladih Ribnjak)<br>13:00 \u2013 13:30 \u0160LAGERISTI (Ivana Star\u010devi\u0107 i Matija Antoli\u0107) &#8211; glazbene \u017eelje i pozdravi u domovima umirovljenika (Centar mladih Ribnjak)<br>15:00 \u2013 17:30 Besplatni pub kviz u organizaciji KRiP-a<\/p>\n\n\n\n<p><\/div>\n\n\n\n<div id=\"zuto\"><\/p>\n\n\n\n<h3 class=\"wp-block-heading\">Program ispred male pozornice<\/h3>\n\n\n\n<p>10:00 \u2013 11:30<\/p>\n\n\n\n<p>Vesela \u0161uma \u2013 likovna radionica<br>Radionica keramike za djecu i odrasle<br>Art akademija za djecu mlade<br>Proljetni portret \u2013 Obiteljsko fotografiranje u mobilnom foto studiju<br>Demonstracija rada na tkala\u010dkom stanu<\/p>\n\n\n\n<p>11:30 \u2013 13:00<\/p>\n\n\n\n<p>3R trash art kreativne radionice<br>Mala likovna radionica Japajapaca<br>Radionica \u017eive gline i heklanja plasti\u010dnih vre\u0107ica<br>\u201eTisu\u0107u \u017eelja za bolje sutra\u201c, festival zvijezda \u201eStar Fest\u201c<br>Likovna radionica Zaigrani maksimirskom \u0160\/umom<\/p>\n\n\n\n<p>13:30 \u2013 15:00 Traumatic Arts, ples na svili \u2013 predstava i radionica<\/p>\n\n\n\n<p><\/div>\n<div id=\"mojev-342253735\" class=\"mojev-kraj-teksta mojev-entity-placement\" style=\"margin-bottom: 20px;margin-left: auto;margin-right: auto;text-align: center;\"><div class=\"mojev-adlabel\">oglas<\/div><div style=\"height: 250px;\"><script async src=\"https:\/\/pagead2.googlesyndication.com\/pagead\/js\/adsbygoogle.js?client=ca-pub-8106111766207173\"\r\n     crossorigin=\"anonymous\"><\/script>\r\n<!-- Display-1 -->\r\n<ins class=\"adsbygoogle\"\r\n     style=\"display:block\"\r\n     data-ad-client=\"ca-pub-8106111766207173\"\r\n     data-ad-slot=\"1465712950\"\r\n     data-ad-format=\"auto\"\r\n     data-full-width-responsive=\"true\"><\/ins>\r\n<script>\r\n     (adsbygoogle = window.adsbygoogle || []).push({});\r\n<\/script><\/div><\/div>","protected":false},"excerpt":{"rendered":"<p>Tradicionalna proslava Praznika rada po\u010deti \u0107e ve\u0107 u osam sati ujutro kada kre\u0107e glazba s velike pozornice.<\/p>\n","protected":false},"author":1,"featured_media":59119,"comment_status":"closed","ping_status":"closed","sticky":false,"template":"","format":"standard","meta":{"footnotes":""},"categories":[9],"tags":[658,1710,2670,39],"class_list":["post-72083","post","type-post","status-publish","format-standard","has-post-thumbnail","hentry","category-vijesti","tag-maksimir","tag-praznik-rada","tag-tomislav-tomasevic","tag-zagreb"],"_links":{"self":[{"href":"https:\/\/www.mojevrijeme.hr\/magazin\/wp-json\/wp\/v2\/posts\/72083","targetHints":{"allow":["GET"]}}],"collection":[{"href":"https:\/\/www.mojevrijeme.hr\/magazin\/wp-json\/wp\/v2\/posts"}],"about":[{"href":"https:\/\/www.mojevrijeme.hr\/magazin\/wp-json\/wp\/v2\/types\/post"}],"author":[{"embeddable":true,"href":"https:\/\/www.mojevrijeme.hr\/magazin\/wp-json\/wp\/v2\/users\/1"}],"replies":[{"embeddable":true,"href":"https:\/\/www.mojevrijeme.hr\/magazin\/wp-json\/wp\/v2\/comments?post=72083"}],"version-history":[{"count":0,"href":"https:\/\/www.mojevrijeme.hr\/magazin\/wp-json\/wp\/v2\/posts\/72083\/revisions"}],"wp:featuredmedia":[{"embeddable":true,"href":"https:\/\/www.mojevrijeme.hr\/magazin\/wp-json\/wp\/v2\/media\/59119"}],"wp:attachment":[{"href":"https:\/\/www.mojevrijeme.hr\/magazin\/wp-json\/wp\/v2\/media?parent=72083"}],"wp:term":[{"taxonomy":"category","embeddable":true,"href":"https:\/\/www.mojevrijeme.hr\/magazin\/wp-json\/wp\/v2\/categories?post=72083"},{"taxonomy":"post_tag","embeddable":true,"href":"https:\/\/www.mojevrijeme.hr\/magazin\/wp-json\/wp\/v2\/tags?post=72083"}],"curies":[{"name":"wp","href":"https:\/\/api.w.org\/{rel}","templated":true}]}}