{"id":72147,"date":"2023-04-26T14:47:41","date_gmt":"2023-04-26T12:47:41","guid":{"rendered":"https:\/\/www.mojevrijeme.hr\/magazin\/?p=72147"},"modified":"2023-04-26T14:48:30","modified_gmt":"2023-04-26T12:48:30","slug":"sindikalist-osnovao-novu-umirovljenicku-udrugu-mi-smo-buducnost","status":"publish","type":"post","link":"https:\/\/www.mojevrijeme.hr\/magazin\/2023\/04\/sindikalist-osnovao-novu-umirovljenicku-udrugu-mi-smo-buducnost\/","title":{"rendered":"Sindikalist osnovao novu umirovljeni\u010dku udrugu: Mi smo budu\u0107nost!"},"content":{"rendered":"\n<p>Nova umirovljeni\u010dka udruga predstavljena je u Vara\u017edinu. Ime joj je pomalo neobi\u010dno: Udruga Futur egzaktni \u2013 udruga umirovljenih Vara\u017edinaca.  Na \u010delu udruge je&nbsp;<strong>Branimir Mihalinec<\/strong>, javnosti poznatiji kao biv\u0161i predsjednik Nezavisnog sindikata zaposlenika u srednjim \u0161kolama Hrvatske gdje je na mjestu predsjednika bio od 2005. do 2021. godine.<\/p>\n\n\n\n<p>Kako prenosi <a href=\"https:\/\/varazdinski.net.hr\/vijesti\/drustvo\/4345651\/predstavljena-je-nova-umirovljenicka-udruga-na-celu-joj-je-bivsi-sindikalist-branimir-mihalinec\/\" target=\"_blank\" rel=\"noreferrer noopener\">varazdinski.hr<\/a>, \u010dlanovi ove udruge ne priznaju da su umirovljenici pro\u0161lost i ba\u0161 zato su si nadjenuli to ime. &#8220;Mi smo budu\u0107nost. I to stvarna budu\u0107nost i stvaramo je sada. \u017delja ove udruge je da taj futur ostvarujemo sada, da umirovljenici ne \u017eive u pro\u0161losti nego da lijepo, kvalitetnije, bolje, potpunije, zadovoljnije urede svoj \u017eivot&#8221;, kazao je Mihalinec. <\/p>\n\n\n\n<p>&#8220;Isplanirali smo oboga\u0107ivanje \u017eivota umirovljenika kroz mnoge sekcije koje \u0107e voditi poznati i ugledni Vara\u017edinci koji su se ve\u0107 dokazali. Imat \u0107emo knji\u017eevnu sekciju, likovnu, glazbenu, foto sekciju, povijesnu, kazali\u0161nu&#8230; Ima ih mnogo i to \u0107e biti sukus na\u0161eg rada&#8221;, navodi. <\/p><div id=\"mojev-523933728\" class=\"mojev-u-tekstu mojev-entity-placement\" style=\"margin-left: auto;margin-right: auto;text-align: center;\"><div class=\"mojev-adlabel\">oglas<\/div><div style=\"height: 250px;\"><script async src=\"https:\/\/pagead2.googlesyndication.com\/pagead\/js\/adsbygoogle.js?client=ca-pub-8106111766207173\"\r\n     crossorigin=\"anonymous\"><\/script>\r\n<!-- Prikazni 1 u tekstu -->\r\n<ins class=\"adsbygoogle\"\r\n     style=\"display:block\"\r\n     data-ad-client=\"ca-pub-8106111766207173\"\r\n     data-ad-slot=\"8535551207\"\r\n     data-ad-format=\"auto\"\r\n     data-full-width-responsive=\"true\"><\/ins>\r\n<script>\r\n     (adsbygoogle = window.adsbygoogle || []).push({});\r\n<\/script><\/div><\/div><br style=\"clear: both; display: block; float: none;\"\/>\n\n\n\n<p>Jednu od sekcija vodit \u0107e socijalni pedagog i psihoterapeut\u00a0<strong>Neboj\u0161a Bu\u0111anovac<\/strong>. Udruzi se pridru\u017eio i knji\u017eevnik i profesor u mirovini\u00a0<strong>\u017deljko Funda<\/strong>. Novi \u010dlanovi se upisuju u prostorijama 1. mjesnog odbora svaki ponedjeljak od 9 do 11 sati.<\/p>\n\n\n\n<h3 class=\"wp-block-heading\">Ho\u0107e li utjecati na politiku?<\/h3>\n\n\n\n<p>&#8220;Po\u0161to smo mi udruga, a ne politi\u010dka stranka, utjecati na politiku na\u0161eg grada mo\u017eemo kroz dru\u0161tveni anga\u017eman, naro\u010dito na to da pomogne umirovljenicima i starijim osobama za dru\u0161tveni \u017eivot. Jedna od prvih ideja \u0107e biti poku\u0161aj smanjivanja arhitektonskih barijera u stambenim zgradama. Grad je rije\u0161io barijere da mo\u017eete u\u0107i u javne ustanove, ali kad umirovljenik ili starija osoba ne mo\u017ee iza\u0107i iz svoje zgrade da bi u\u0161ao u tu ustanovu, onda imamo problem. Mi imamo i za to rje\u0161enje i za to \u0107emo tra\u017eiti i donatore i sponzore da pokrenemo te aktivnosti&#8221;, ka\u017ee Mihalinec.<\/p>\n<div id=\"mojev-1506774440\" class=\"mojev-kraj-teksta mojev-entity-placement\" style=\"margin-bottom: 20px;margin-left: auto;margin-right: auto;text-align: center;\"><div class=\"mojev-adlabel\">oglas<\/div><div style=\"height: 250px;\"><script async src=\"https:\/\/pagead2.googlesyndication.com\/pagead\/js\/adsbygoogle.js?client=ca-pub-8106111766207173\"\r\n     crossorigin=\"anonymous\"><\/script>\r\n<!-- Display-1 -->\r\n<ins class=\"adsbygoogle\"\r\n     style=\"display:block\"\r\n     data-ad-client=\"ca-pub-8106111766207173\"\r\n     data-ad-slot=\"1465712950\"\r\n     data-ad-format=\"auto\"\r\n     data-full-width-responsive=\"true\"><\/ins>\r\n<script>\r\n     (adsbygoogle = window.adsbygoogle || []).push({});\r\n<\/script><\/div><\/div>","protected":false},"excerpt":{"rendered":"<p>Jednu od sekcija vodit \u0107e socijalni pedagog i psihoterapeut\u00a0Neboj\u0161a Bu\u0111anovac, a udruzi se pridru\u017eio i knji\u017eevnik i profesor u mirovini\u00a0\u017deljko Funda. \u010clanovi se upisuju u prostorijama 1. mjesnog odbora svaki ponedjeljak od 9 do 11 sati.<\/p>\n","protected":false},"author":1,"featured_media":32240,"comment_status":"closed","ping_status":"closed","sticky":false,"template":"","format":"standard","meta":{"footnotes":""},"categories":[9],"tags":[3451,3452,1202,77,877],"class_list":["post-72147","post","type-post","status-publish","format-standard","has-post-thumbnail","hentry","category-vijesti","tag-branimir-mihalinec","tag-futur-egzaktni","tag-udruge","tag-umirovljenici","tag-varazdin"],"_links":{"self":[{"href":"https:\/\/www.mojevrijeme.hr\/magazin\/wp-json\/wp\/v2\/posts\/72147","targetHints":{"allow":["GET"]}}],"collection":[{"href":"https:\/\/www.mojevrijeme.hr\/magazin\/wp-json\/wp\/v2\/posts"}],"about":[{"href":"https:\/\/www.mojevrijeme.hr\/magazin\/wp-json\/wp\/v2\/types\/post"}],"author":[{"embeddable":true,"href":"https:\/\/www.mojevrijeme.hr\/magazin\/wp-json\/wp\/v2\/users\/1"}],"replies":[{"embeddable":true,"href":"https:\/\/www.mojevrijeme.hr\/magazin\/wp-json\/wp\/v2\/comments?post=72147"}],"version-history":[{"count":0,"href":"https:\/\/www.mojevrijeme.hr\/magazin\/wp-json\/wp\/v2\/posts\/72147\/revisions"}],"wp:featuredmedia":[{"embeddable":true,"href":"https:\/\/www.mojevrijeme.hr\/magazin\/wp-json\/wp\/v2\/media\/32240"}],"wp:attachment":[{"href":"https:\/\/www.mojevrijeme.hr\/magazin\/wp-json\/wp\/v2\/media?parent=72147"}],"wp:term":[{"taxonomy":"category","embeddable":true,"href":"https:\/\/www.mojevrijeme.hr\/magazin\/wp-json\/wp\/v2\/categories?post=72147"},{"taxonomy":"post_tag","embeddable":true,"href":"https:\/\/www.mojevrijeme.hr\/magazin\/wp-json\/wp\/v2\/tags?post=72147"}],"curies":[{"name":"wp","href":"https:\/\/api.w.org\/{rel}","templated":true}]}}