{"id":72213,"date":"2023-04-27T08:17:36","date_gmt":"2023-04-27T06:17:36","guid":{"rendered":"https:\/\/www.mojevrijeme.hr\/magazin\/?p=72213"},"modified":"2023-04-27T08:26:16","modified_gmt":"2023-04-27T06:26:16","slug":"samo-onima-koji-su-posteno-odradili-puni-staz-vlada-ne-daje-dodatak","status":"publish","type":"post","link":"https:\/\/www.mojevrijeme.hr\/magazin\/2023\/04\/samo-onima-koji-su-posteno-odradili-puni-staz-vlada-ne-daje-dodatak\/","title":{"rendered":"&#8216;Samo onima koji su po\u0161teno odradili &#8216;puni sta\u017e&#8217; Vlada ne daje dodatak&#8217;"},"content":{"rendered":"\n<p><strong>Miodrag \u0160ajatovi\u0107<\/strong>, glavni urednik <a rel=\"noreferrer noopener\" href=\"https:\/\/lidermedia.hr\/komentari\/miodrag-sajatovic-hitno-zabraniti-ezopovu-basnu-o-cvrcku-i-mravu-150281\" target=\"_blank\">Lidera<\/a>, u novom komentaru osvrnuo se na u\u010dinke inflacije i odgovor Vlade RH na nju. Je li Ezopova basna o cvr\u010dku i mravu proma\u0161ena? Jest ako se njega pita. Jer u Hrvatskoj s razru\u0161enim sustavom vrijednosti, \u0161tedi\u0161e se progla\u0161ava nepo\u0161tenima, a du\u017enike sasma suprotno od toga.<\/p>\n\n\n\n<p>&#8220;U dr\u017eavi u kojoj ne postoji sustav vrijednosti sramota je re\u0107i da ima\u0161 \u0161tednju u banci. \u0160tedi\u0161a koji ima na ra\u010dunu, recimo, vi\u0161e od dvadeset tisu\u0107a eura sumnjiv je bez ostatka. To je stekao na nepo\u0161ten na\u010din. Svih je njih, tristotinjak tisu\u0107a, u\u0161tedjelo mulja\u017eama&#8221;, obja\u0161njava stav javnosti \u0160ajatovi\u0107 pa nastavlja:<\/p>\n\n\n\n<p>&#8220;Istodobno prevladava stajali\u0161te da je svaki od 226 tisu\u0107a du\u017enika s blokiranim ra\u010dunom \u017ertva koja ni\u0161ta nije kriva i da su zli vjerovnici krivi za sve. Dakle, svi su \u0161tedi\u0161e lopovi, a svi blokirani \u017ertve. Sad kad su u inflaciji \u0161tedi\u0161e gubitnici, a blokirani (u uvjetima rastu\u0107ih pla\u0107a i realno negativnih kamatnih stopa) dobitnici, mogu\u0107e je zamisliti zadovoljstvo onih koji tro\u0161e vi\u0161e od svojih mogu\u0107nosti i odlaze u minus (naravno, nisu svi blokirani takvi, mnogi su se u dugovima na\u0161li spletom nesretnih okolnosti).&#8221;<\/p><div id=\"mojev-661711146\" class=\"mojev-u-tekstu mojev-entity-placement\" style=\"margin-left: auto;margin-right: auto;text-align: center;\"><div class=\"mojev-adlabel\">oglas<\/div><div style=\"height: 250px;\"><script async src=\"https:\/\/pagead2.googlesyndication.com\/pagead\/js\/adsbygoogle.js?client=ca-pub-8106111766207173\"\r\n     crossorigin=\"anonymous\"><\/script>\r\n<!-- Prikazni 1 u tekstu -->\r\n<ins class=\"adsbygoogle\"\r\n     style=\"display:block\"\r\n     data-ad-client=\"ca-pub-8106111766207173\"\r\n     data-ad-slot=\"8535551207\"\r\n     data-ad-format=\"auto\"\r\n     data-full-width-responsive=\"true\"><\/ins>\r\n<script>\r\n     (adsbygoogle = window.adsbygoogle || []).push({});\r\n<\/script><\/div><\/div><br style=\"clear: both; display: block; float: none;\"\/>\n\n\n\n<p>\u0160ajatovi\u0107 se osvrnuo i na u\u010dinak energetskih dodataka koje Vlada RH, sada ve\u0107 u pravilnim razmacima, dijeli onima s ni\u017eim mirovinama. Podsjetimo, upravo \u0107e sutra umirovljenicima s mirovinama do 610 eura isplatiti pomo\u0107 u iznosu od 160 do 60 eura.<\/p>\n\n\n\n<p>&#8220;Inflacija i njome potaknuta indeksacija primanja donijele su jo\u0161 jednu nepravdu i poruku mladima. A ta poruka glasi: nemojte ni slu\u010dajno raditi 35 ili 40 godina. I nastojte \u0161to vi\u0161e primanja dobiti na ruke umjesto da kao doprinosi odlaze u dr\u017eavni mirovinski fond. Za\u0161to? Pa vrlo jednostavno. Posljednjih godinu dana svi oni koji nisu odradili radni vijek ili su zbog malo zavr\u0161ene \u0161kole imali niske pla\u0107e dobivaju povi\u0161ice i dodatke. Jedina skupina umirovljenika koja je osu\u0111ena na samo dva redovita uskla\u0111ivanja na godinu, koja ni izdaleka nisu dovoljna da kao onima u dr\u017eavnom aparatu nadoknade inflaciju, jest ona u kojoj su oni koji su po\u0161teno u fond upla\u0107ivali cijeli predvi\u0111eni radni vijek&#8221;, navodi glavni urednik Lidera pa zaklju\u010duje:<\/p>\n\n\n\n<p>&#8220;Eto, to su razlozi za\u0161to treba zabraniti Ezopovu basnu o cvr\u010dku i mravu. \u0160tetna je za pripremu mladih generacija za ono \u0161to ih \u010deka u stvarnom \u017eivotu.&#8221; Cijeli komentar potra\u017eite na <a rel=\"noreferrer noopener\" href=\"https:\/\/lidermedia.hr\/komentari\/miodrag-sajatovic-hitno-zabraniti-ezopovu-basnu-o-cvrcku-i-mravu-150281\" target=\"_blank\">ovoj poveznici<\/a>.<\/p>\n<div id=\"mojev-4122373875\" class=\"mojev-kraj-teksta mojev-entity-placement\" style=\"margin-bottom: 20px;margin-left: auto;margin-right: auto;text-align: center;\"><div class=\"mojev-adlabel\">oglas<\/div><div style=\"height: 250px;\"><script async src=\"https:\/\/pagead2.googlesyndication.com\/pagead\/js\/adsbygoogle.js?client=ca-pub-8106111766207173\"\r\n     crossorigin=\"anonymous\"><\/script>\r\n<!-- Display-1 -->\r\n<ins class=\"adsbygoogle\"\r\n     style=\"display:block\"\r\n     data-ad-client=\"ca-pub-8106111766207173\"\r\n     data-ad-slot=\"1465712950\"\r\n     data-ad-format=\"auto\"\r\n     data-full-width-responsive=\"true\"><\/ins>\r\n<script>\r\n     (adsbygoogle = window.adsbygoogle || []).push({});\r\n<\/script><\/div><\/div>","protected":false},"excerpt":{"rendered":"<p>&#8216;Eto, to su razlozi za\u0161to treba zabraniti Ezopovu basnu o cvr\u010dku i mravu. \u0160tetna je za pripremu mladih generacija za ono \u0161to ih \u010deka u stvarnom \u017eivotu.&#8217;<\/p>\n","protected":false},"author":1,"featured_media":72218,"comment_status":"closed","ping_status":"closed","sticky":false,"template":"","format":"standard","meta":{"footnotes":""},"categories":[9],"tags":[3055,18,337],"class_list":["post-72213","post","type-post","status-publish","format-standard","has-post-thumbnail","hentry","category-vijesti","tag-energetski-dodatak","tag-mirovine","tag-staz"],"_links":{"self":[{"href":"https:\/\/www.mojevrijeme.hr\/magazin\/wp-json\/wp\/v2\/posts\/72213","targetHints":{"allow":["GET"]}}],"collection":[{"href":"https:\/\/www.mojevrijeme.hr\/magazin\/wp-json\/wp\/v2\/posts"}],"about":[{"href":"https:\/\/www.mojevrijeme.hr\/magazin\/wp-json\/wp\/v2\/types\/post"}],"author":[{"embeddable":true,"href":"https:\/\/www.mojevrijeme.hr\/magazin\/wp-json\/wp\/v2\/users\/1"}],"replies":[{"embeddable":true,"href":"https:\/\/www.mojevrijeme.hr\/magazin\/wp-json\/wp\/v2\/comments?post=72213"}],"version-history":[{"count":0,"href":"https:\/\/www.mojevrijeme.hr\/magazin\/wp-json\/wp\/v2\/posts\/72213\/revisions"}],"wp:featuredmedia":[{"embeddable":true,"href":"https:\/\/www.mojevrijeme.hr\/magazin\/wp-json\/wp\/v2\/media\/72218"}],"wp:attachment":[{"href":"https:\/\/www.mojevrijeme.hr\/magazin\/wp-json\/wp\/v2\/media?parent=72213"}],"wp:term":[{"taxonomy":"category","embeddable":true,"href":"https:\/\/www.mojevrijeme.hr\/magazin\/wp-json\/wp\/v2\/categories?post=72213"},{"taxonomy":"post_tag","embeddable":true,"href":"https:\/\/www.mojevrijeme.hr\/magazin\/wp-json\/wp\/v2\/tags?post=72213"}],"curies":[{"name":"wp","href":"https:\/\/api.w.org\/{rel}","templated":true}]}}