{"id":72238,"date":"2023-04-27T17:04:10","date_gmt":"2023-04-27T15:04:10","guid":{"rendered":"https:\/\/www.mojevrijeme.hr\/magazin\/?p=72238"},"modified":"2023-04-27T17:06:08","modified_gmt":"2023-04-27T15:06:08","slug":"opet-rastu-mirovine-u-federaciji-bih-sesti-put-u-godini-dana","status":"publish","type":"post","link":"https:\/\/www.mojevrijeme.hr\/magazin\/2023\/04\/opet-rastu-mirovine-u-federaciji-bih-sesti-put-u-godini-dana\/","title":{"rendered":"Opet rastu mirovine u Federaciji BiH, \u0161esti put u godini dana"},"content":{"rendered":"\n<p>Na dana\u0161njoj sjednici Vlade Federacije BiH u Sarajevu usvojena je odluka o novom pove\u0107anju mirovina. Kako je rekao premijer <strong>Novali\u0107<\/strong>, ovo je \u0161esto pove\u0107anje zaredom od travnja pro\u0161le godine.<\/p>\n\n\n\n<p>&#8220;To govori da se rezultati Vlade mjere makroekonomskim sustavom, kao \u0161to je to u cijelom svijetu&#8221;, kazao je Novali\u0107. Usvojeno je linearno pove\u0107anje mirovina za 3,9 posto, a najni\u017ea mirovina iznosi 538 KM (276 eura).<\/p>\n\n\n\n<p>&#8220;U odnosu na 2018. godinu, kada smo donijeli reformski Zakon o PIO-u i omogu\u0107ili redovit rast i isplatu, najni\u017ea mirovina iznosila je 326 KM, a sada \u0107e iznositi 538 KM. To je pove\u0107anje od 212 KM\u201d, kazao je premijer.<\/p><div id=\"mojev-3052797948\" class=\"mojev-u-tekstu mojev-entity-placement\" style=\"margin-left: auto;margin-right: auto;text-align: center;\"><div class=\"mojev-adlabel\">oglas<\/div><div style=\"height: 250px;\"><script async src=\"https:\/\/pagead2.googlesyndication.com\/pagead\/js\/adsbygoogle.js?client=ca-pub-8106111766207173\"\r\n     crossorigin=\"anonymous\"><\/script>\r\n<!-- Prikazni 1 u tekstu -->\r\n<ins class=\"adsbygoogle\"\r\n     style=\"display:block\"\r\n     data-ad-client=\"ca-pub-8106111766207173\"\r\n     data-ad-slot=\"8535551207\"\r\n     data-ad-format=\"auto\"\r\n     data-full-width-responsive=\"true\"><\/ins>\r\n<script>\r\n     (adsbygoogle = window.adsbygoogle || []).push({});\r\n<\/script><\/div><\/div><br style=\"clear: both; display: block; float: none;\"\/>\n\n\n\n<p>U obrazlo\u017eenju odluke navedeno je da je odredbom \u010dlanka 80. Zakona o PIO-u propisano da Vlada Federacije mo\u017ee odlu\u010diti o provedbi izvanrednog uskla\u0111ivanja mirovina, koje se mo\u017ee provesti jednom u teku\u0107oj godini ako stopa rasta realnog bruto doma\u0107eg proizvoda u prethodnoj godini ve\u0107a od tri posto, a ako nema akumuliranog deficita prora\u010duna Federacije, a najvi\u0161e do stope rasta realnog bruto doma\u0107eg proizvoda u prethodnoj godini.<\/p>\n<div id=\"mojev-1610453350\" class=\"mojev-kraj-teksta mojev-entity-placement\" style=\"margin-bottom: 20px;margin-left: auto;margin-right: auto;text-align: center;\"><div class=\"mojev-adlabel\">oglas<\/div><div style=\"height: 250px;\"><script async src=\"https:\/\/pagead2.googlesyndication.com\/pagead\/js\/adsbygoogle.js?client=ca-pub-8106111766207173\"\r\n     crossorigin=\"anonymous\"><\/script>\r\n<!-- Display-1 -->\r\n<ins class=\"adsbygoogle\"\r\n     style=\"display:block\"\r\n     data-ad-client=\"ca-pub-8106111766207173\"\r\n     data-ad-slot=\"1465712950\"\r\n     data-ad-format=\"auto\"\r\n     data-full-width-responsive=\"true\"><\/ins>\r\n<script>\r\n     (adsbygoogle = window.adsbygoogle || []).push({});\r\n<\/script><\/div><\/div>","protected":false},"excerpt":{"rendered":"<p>Ovo je \u0161esto pove\u0107anje mirovine u posljednjih godinu dana, odnosno od travnja pro\u0161le godine.<\/p>\n","protected":false},"author":1,"featured_media":70421,"comment_status":"closed","ping_status":"closed","sticky":false,"template":"","format":"standard","meta":{"footnotes":""},"categories":[9],"tags":[3411,18,971],"class_list":["post-72238","post","type-post","status-publish","format-standard","has-post-thumbnail","hentry","category-vijesti","tag-federacija-bih","tag-mirovine","tag-uskladivanje-mirovina"],"_links":{"self":[{"href":"https:\/\/www.mojevrijeme.hr\/magazin\/wp-json\/wp\/v2\/posts\/72238","targetHints":{"allow":["GET"]}}],"collection":[{"href":"https:\/\/www.mojevrijeme.hr\/magazin\/wp-json\/wp\/v2\/posts"}],"about":[{"href":"https:\/\/www.mojevrijeme.hr\/magazin\/wp-json\/wp\/v2\/types\/post"}],"author":[{"embeddable":true,"href":"https:\/\/www.mojevrijeme.hr\/magazin\/wp-json\/wp\/v2\/users\/1"}],"replies":[{"embeddable":true,"href":"https:\/\/www.mojevrijeme.hr\/magazin\/wp-json\/wp\/v2\/comments?post=72238"}],"version-history":[{"count":0,"href":"https:\/\/www.mojevrijeme.hr\/magazin\/wp-json\/wp\/v2\/posts\/72238\/revisions"}],"wp:featuredmedia":[{"embeddable":true,"href":"https:\/\/www.mojevrijeme.hr\/magazin\/wp-json\/wp\/v2\/media\/70421"}],"wp:attachment":[{"href":"https:\/\/www.mojevrijeme.hr\/magazin\/wp-json\/wp\/v2\/media?parent=72238"}],"wp:term":[{"taxonomy":"category","embeddable":true,"href":"https:\/\/www.mojevrijeme.hr\/magazin\/wp-json\/wp\/v2\/categories?post=72238"},{"taxonomy":"post_tag","embeddable":true,"href":"https:\/\/www.mojevrijeme.hr\/magazin\/wp-json\/wp\/v2\/tags?post=72238"}],"curies":[{"name":"wp","href":"https:\/\/api.w.org\/{rel}","templated":true}]}}