{"id":72283,"date":"2023-04-27T23:01:42","date_gmt":"2023-04-27T21:01:42","guid":{"rendered":"https:\/\/www.mojevrijeme.hr\/magazin\/?p=72283"},"modified":"2023-04-27T23:01:46","modified_gmt":"2023-04-27T21:01:46","slug":"umirovljenici-najvise-podrzavaju-moguci-strajk-lijecnika","status":"publish","type":"post","link":"https:\/\/www.mojevrijeme.hr\/magazin\/2023\/04\/umirovljenici-najvise-podrzavaju-moguci-strajk-lijecnika\/","title":{"rendered":"Umirovljenici najvi\u0161e podr\u017eavaju mogu\u0107i \u0161trajk lije\u010dnika"},"content":{"rendered":"\n<p>Tri od \u010detiri hrvatska gra\u0111ana (74  posto) podr\u017eavaju dono\u0161enje Zakona o radno-pravnom statusu lije\u010dnika kojim bi se, odvojeno od drugih javnih slu\u017ebi, regulirala njihova prava i obveze, pokazalo je anketno istra\u017eivanje koje je agencija Ipsos u travnju provela za Hrvatsku lije\u010dni\u010dku komoru (HLK). <\/p>\n\n\n\n<p>Razina protivljenja zakonu iznimno je niska (samo 11  posto), dok 15 posto gra\u0111ana nema stav o toj temi, izvijestila je Komora. Ipsosovo istra\u017eivanje je pokazalo iznimno visoku podr\u0161ku pove\u0107anju lije\u010dni\u010dkih pla\u0107a. Skoro 9 od 10 gra\u0111ana (87 posto) podr\u017eava pove\u0107anje pla\u0107a lije\u010dnicima.<\/p>\n\n\n\n<p>Posebno je zanimljivo da je podr\u0161ka mogu\u0107em \u0161trajku lije\u010dnika kod gra\u0111ana iznimno visoka. Njih 71 posto podr\u017eava \u0161trajk lije\u010dnika, a isti postotak smatra da ga Vlada nema pravo zabraniti. Sedam posto gra\u0111ana ne zna odgovor na pitanje o podr\u0161ci \u0161trajku, dok ih 20 posto ne podr\u017eava \u0161trajk. Tek 16 posto gra\u0111ana smatra da Vlada ima pravo zabraniti \u0161trajk. Istra\u017eivanje je pokazalo kako najve\u0107u podr\u0161ku \u0161trajku, od \u010dak 77 posto, daju umirovljenici.<\/p><div id=\"mojev-1808165033\" class=\"mojev-u-tekstu mojev-entity-placement\" style=\"margin-left: auto;margin-right: auto;text-align: center;\"><div class=\"mojev-adlabel\">oglas<\/div><div style=\"height: 250px;\"><script async src=\"https:\/\/pagead2.googlesyndication.com\/pagead\/js\/adsbygoogle.js?client=ca-pub-8106111766207173\"\r\n     crossorigin=\"anonymous\"><\/script>\r\n<!-- Prikazni 1 u tekstu -->\r\n<ins class=\"adsbygoogle\"\r\n     style=\"display:block\"\r\n     data-ad-client=\"ca-pub-8106111766207173\"\r\n     data-ad-slot=\"8535551207\"\r\n     data-ad-format=\"auto\"\r\n     data-full-width-responsive=\"true\"><\/ins>\r\n<script>\r\n     (adsbygoogle = window.adsbygoogle || []).push({});\r\n<\/script><\/div><\/div><br style=\"clear: both; display: block; float: none;\"\/>\n\n\n\n<p>Gra\u0111ani za duge liste \u010dekanja odgovornim smatraju podjednako Vladu i Ministarstvo zdravstva (39 posto), dok su na tre\u0107em mjestu (22 posto) ravnatelji zdravstvenih ustanova, pokazalo je istra\u017eivanje. Tek 11 posto gra\u0111ana smatra lije\u010dnike odgovornima za duge liste \u010dekanja.<a href=\"https:\/\/www.hlk.hr\/EasyEdit\/UserFiles\/News\/priopcenje\/priopcenje-638181204929589214.jpeg\"><\/a><\/p>\n<div id=\"mojev-795580446\" class=\"mojev-kraj-teksta mojev-entity-placement\" style=\"margin-bottom: 20px;margin-left: auto;margin-right: auto;text-align: center;\"><div class=\"mojev-adlabel\">oglas<\/div><div style=\"height: 250px;\"><script async src=\"https:\/\/pagead2.googlesyndication.com\/pagead\/js\/adsbygoogle.js?client=ca-pub-8106111766207173\"\r\n     crossorigin=\"anonymous\"><\/script>\r\n<!-- Display-1 -->\r\n<ins class=\"adsbygoogle\"\r\n     style=\"display:block\"\r\n     data-ad-client=\"ca-pub-8106111766207173\"\r\n     data-ad-slot=\"1465712950\"\r\n     data-ad-format=\"auto\"\r\n     data-full-width-responsive=\"true\"><\/ins>\r\n<script>\r\n     (adsbygoogle = window.adsbygoogle || []).push({});\r\n<\/script><\/div><\/div>","protected":false},"excerpt":{"rendered":"<p>Gra\u0111ani za duge liste \u010dekanja odgovornim smatraju podjednako Vladu i Ministarstvo zdravstva.<\/p>\n","protected":false},"author":1,"featured_media":69921,"comment_status":"closed","ping_status":"closed","sticky":false,"template":"","format":"standard","meta":{"footnotes":""},"categories":[9],"tags":[950,1852,77],"class_list":["post-72283","post","type-post","status-publish","format-standard","has-post-thumbnail","hentry","category-vijesti","tag-lijecnici","tag-strajk","tag-umirovljenici"],"_links":{"self":[{"href":"https:\/\/www.mojevrijeme.hr\/magazin\/wp-json\/wp\/v2\/posts\/72283","targetHints":{"allow":["GET"]}}],"collection":[{"href":"https:\/\/www.mojevrijeme.hr\/magazin\/wp-json\/wp\/v2\/posts"}],"about":[{"href":"https:\/\/www.mojevrijeme.hr\/magazin\/wp-json\/wp\/v2\/types\/post"}],"author":[{"embeddable":true,"href":"https:\/\/www.mojevrijeme.hr\/magazin\/wp-json\/wp\/v2\/users\/1"}],"replies":[{"embeddable":true,"href":"https:\/\/www.mojevrijeme.hr\/magazin\/wp-json\/wp\/v2\/comments?post=72283"}],"version-history":[{"count":0,"href":"https:\/\/www.mojevrijeme.hr\/magazin\/wp-json\/wp\/v2\/posts\/72283\/revisions"}],"wp:featuredmedia":[{"embeddable":true,"href":"https:\/\/www.mojevrijeme.hr\/magazin\/wp-json\/wp\/v2\/media\/69921"}],"wp:attachment":[{"href":"https:\/\/www.mojevrijeme.hr\/magazin\/wp-json\/wp\/v2\/media?parent=72283"}],"wp:term":[{"taxonomy":"category","embeddable":true,"href":"https:\/\/www.mojevrijeme.hr\/magazin\/wp-json\/wp\/v2\/categories?post=72283"},{"taxonomy":"post_tag","embeddable":true,"href":"https:\/\/www.mojevrijeme.hr\/magazin\/wp-json\/wp\/v2\/tags?post=72283"}],"curies":[{"name":"wp","href":"https:\/\/api.w.org\/{rel}","templated":true}]}}