{"id":72305,"date":"2023-04-28T09:05:56","date_gmt":"2023-04-28T07:05:56","guid":{"rendered":"https:\/\/www.mojevrijeme.hr\/magazin\/?p=72305"},"modified":"2023-04-28T09:06:14","modified_gmt":"2023-04-28T07:06:14","slug":"uzas-na-sv-duhu-nema-ventilacije-trupla-leze-na-podu-neka-su-i-raspadnuta","status":"publish","type":"post","link":"https:\/\/www.mojevrijeme.hr\/magazin\/2023\/04\/uzas-na-sv-duhu-nema-ventilacije-trupla-leze-na-podu-neka-su-i-raspadnuta\/","title":{"rendered":"U\u017eas na Sv. Duhu; Nema ventilacije, trupla le\u017ee na podu, neka su i raspadnuta"},"content":{"rendered":"\n<p>Zbrinjavanje posmrtnih ostataka u Zavodu za patologiju KB Sveti Duh krajnje je neprimjereno i nehumano, a ravnateljica te bolnice du\u017ena je u suradnji s tijelima ustanove i Gradom Zagrebom probleme rije\u0161iti, poru\u010dili su iz Ministarstva zdravstva, javlja <a href=\"https:\/\/vijesti.hrt.hr\/hrvatska\/minisarstvo-nehumano-zbrinjavanje-posmrtnih-ostataka-u-kb-sveti-duh-10741557\" target=\"_blank\" rel=\"noreferrer noopener\">HRT<\/a>.<\/p>\n\n\n\n<p>U priop\u0107enju su izvijestili kako je Ministarstvo zaprimilo predstavke na nehumane uvjete rada u tom Zavodu u kojima se navodi da ne radi klima i ventilacija dvije godine \u010dime je ugro\u017eeno zdravlje kolega, a jedan od njih je trpio i zdravstvene posljedice.<\/p>\n\n\n\n<p>Iznosi se i \u010dinjenica da preminuli pacijenti le\u017ee u Zavodu, jedan 14 mjeseci, drugi 9 mjeseci, koji su u raspadnutom stanju \u0161to je rezultiralo neizdr\u017eivom smradu u prostoru bez ventilacije \u0161to ne odgovara primjerenim uvjetima za rad.<\/p><div id=\"mojev-1379281852\" class=\"mojev-u-tekstu mojev-entity-placement\" style=\"margin-left: auto;margin-right: auto;text-align: center;\"><div class=\"mojev-adlabel\">oglas<\/div><div style=\"height: 250px;\"><script async src=\"https:\/\/pagead2.googlesyndication.com\/pagead\/js\/adsbygoogle.js?client=ca-pub-8106111766207173\"\r\n     crossorigin=\"anonymous\"><\/script>\r\n<!-- Prikazni 1 u tekstu -->\r\n<ins class=\"adsbygoogle\"\r\n     style=\"display:block\"\r\n     data-ad-client=\"ca-pub-8106111766207173\"\r\n     data-ad-slot=\"8535551207\"\r\n     data-ad-format=\"auto\"\r\n     data-full-width-responsive=\"true\"><\/ins>\r\n<script>\r\n     (adsbygoogle = window.adsbygoogle || []).push({});\r\n<\/script><\/div><\/div><br style=\"clear: both; display: block; float: none;\"\/>\n\n\n\n<p>U predstavkama se, kako navode iz resornog ministarstva, upozorava i na nedostatak fri\u017eidera uslijed \u010dega pokojnici le\u017ee po dva-tri dana na podu mrtva\u010dnice u kojoj temperatura se\u017ee do 25 stupnjeva. Tako\u0111er se upozorava i na izostanak maski s filterima koje su nu\u017ene u obavljanju tog posla, kao \u0161tednju nau\u0161trb zdravlja djelatnika. Djelatnici su, ka\u017eu u predstavki, zamolili ravnateljicu da rije\u0161i slu\u010daj, me\u0111utim, tvrde, nema sluha za tu temu kao niti druge probleme u njenoj bolnici.<\/p>\n\n\n\n<p>Ministarstvo zdravstva je upozorilo ravnateljicu KB Sveti Duh<strong>\u00a0Ana-Mariju \u0160imundi\u0107<\/strong>\u00a0da je du\u017ena u suradnji s tijelima ustanove i osniva\u010dem, Gradom Zagrebom, te probleme rje\u0161avati, a predstavke su tako\u0111er ustupljene sanitarnoj inspekciji koja djeluje u sklopu Dr\u017eavnog inspektorata RH, navodi se u priop\u0107enju Ministarstvo zdravstva.<\/p>\n\n\n\n<p>Ministarstvo je tako reagiralo na snimku koja prikazuje posmrtne ostatke koji su poredani na podu mrtva\u010dnice u bolnici Sveti Duh. Iz ravnateljstva KB Sveti Duh u izjavi za Indeks snimku ne demantiraju, ve\u0107 ka\u017eu da se zbog nedovoljnog broja hladnjaka, tijela preminulih moraju, dok se ne oslobodi hladnjak, privremeno smje\u0161tati u prostoru mrtva\u010dnice.\u00a0<\/p>\n\n\n\n<p><a href=\"https:\/\/vijesti.hrt.hr\/hrvatska\/beros-zgrozila-me-fotografija-iz-sisacke-bolnice-koja-ukazuje-na-nedostatak-strucnosti-i-empatije-10740626\"><\/a><\/p>\n<div id=\"mojev-681038936\" class=\"mojev-kraj-teksta mojev-entity-placement\" style=\"margin-bottom: 20px;margin-left: auto;margin-right: auto;text-align: center;\"><div class=\"mojev-adlabel\">oglas<\/div><div style=\"height: 250px;\"><script async src=\"https:\/\/pagead2.googlesyndication.com\/pagead\/js\/adsbygoogle.js?client=ca-pub-8106111766207173\"\r\n     crossorigin=\"anonymous\"><\/script>\r\n<!-- Display-1 -->\r\n<ins class=\"adsbygoogle\"\r\n     style=\"display:block\"\r\n     data-ad-client=\"ca-pub-8106111766207173\"\r\n     data-ad-slot=\"1465712950\"\r\n     data-ad-format=\"auto\"\r\n     data-full-width-responsive=\"true\"><\/ins>\r\n<script>\r\n     (adsbygoogle = window.adsbygoogle || []).push({});\r\n<\/script><\/div><\/div>","protected":false},"excerpt":{"rendered":"<p>Tako\u0111er se upozorava i na izostanak maski s filterima koje su nu\u017ene u obavljanju tog posla, kao \u0161tednju nau\u0161trb zdravlja djelatnika.<\/p>\n","protected":false},"author":1,"featured_media":72308,"comment_status":"closed","ping_status":"closed","sticky":false,"template":"","format":"standard","meta":{"footnotes":""},"categories":[9],"tags":[3456,39],"class_list":["post-72305","post","type-post","status-publish","format-standard","has-post-thumbnail","hentry","category-vijesti","tag-kb-sveti-duh","tag-zagreb"],"_links":{"self":[{"href":"https:\/\/www.mojevrijeme.hr\/magazin\/wp-json\/wp\/v2\/posts\/72305","targetHints":{"allow":["GET"]}}],"collection":[{"href":"https:\/\/www.mojevrijeme.hr\/magazin\/wp-json\/wp\/v2\/posts"}],"about":[{"href":"https:\/\/www.mojevrijeme.hr\/magazin\/wp-json\/wp\/v2\/types\/post"}],"author":[{"embeddable":true,"href":"https:\/\/www.mojevrijeme.hr\/magazin\/wp-json\/wp\/v2\/users\/1"}],"replies":[{"embeddable":true,"href":"https:\/\/www.mojevrijeme.hr\/magazin\/wp-json\/wp\/v2\/comments?post=72305"}],"version-history":[{"count":0,"href":"https:\/\/www.mojevrijeme.hr\/magazin\/wp-json\/wp\/v2\/posts\/72305\/revisions"}],"wp:featuredmedia":[{"embeddable":true,"href":"https:\/\/www.mojevrijeme.hr\/magazin\/wp-json\/wp\/v2\/media\/72308"}],"wp:attachment":[{"href":"https:\/\/www.mojevrijeme.hr\/magazin\/wp-json\/wp\/v2\/media?parent=72305"}],"wp:term":[{"taxonomy":"category","embeddable":true,"href":"https:\/\/www.mojevrijeme.hr\/magazin\/wp-json\/wp\/v2\/categories?post=72305"},{"taxonomy":"post_tag","embeddable":true,"href":"https:\/\/www.mojevrijeme.hr\/magazin\/wp-json\/wp\/v2\/tags?post=72305"}],"curies":[{"name":"wp","href":"https:\/\/api.w.org\/{rel}","templated":true}]}}