{"id":72311,"date":"2023-04-28T10:37:37","date_gmt":"2023-04-28T08:37:37","guid":{"rendered":"https:\/\/www.mojevrijeme.hr\/magazin\/?p=72311"},"modified":"2023-04-28T10:37:41","modified_gmt":"2023-04-28T08:37:41","slug":"istopio-se-mirovinski-fond-europarlamentarci-u-panici-tko-ce-im-platiti-mirovine","status":"publish","type":"post","link":"https:\/\/www.mojevrijeme.hr\/magazin\/2023\/04\/istopio-se-mirovinski-fond-europarlamentarci-u-panici-tko-ce-im-platiti-mirovine\/","title":{"rendered":"Istopio se mirovinski fond. Europarlamentarci u panici. Tko \u0107e im platiti mirovine?"},"content":{"rendered":"\n<p>Porezni obveznici EU-a mogli bi uskoro izdvajati 23 milijuna eura godi\u0161nje da bi spasili mirovinski plan stotine biv\u0161ih europskih parlamentaraca jer mu prijeti kolaps. Najvi\u0161i du\u017enosnici Europskog parlamenta poku\u0161avaju spasiti naslije\u0111eni mirovinski fond suo\u010den s manjkom od 308 milijuna eura. Bez novca bi mogao ostati ve\u0107 2024., pi\u0161e&nbsp;<a href=\"https:\/\/www.politico.eu\/article\/eu-parliament-pension-pot-face-300-million-euro-hole\/\">politico.eu<\/a>.<\/p>\n\n\n\n<p>&#8220;Fond \u0107e uskoro ostati bez kapitala&#8221;, navodi se u internom dokumentu koji je pripremio najvi\u0161i dr\u017eavni slu\u017ebenik parlamenta<strong> Alessandro Chiocchetti<\/strong>, a u koji je Politico imao uvid. Dokument ka\u017ee da je fond koji koriste stotine biv\u0161ih zastupnika EU-a suo\u010den s &#8220;dramati\u010dnom financijskom situacijom&#8221;.<\/p>\n\n\n\n<h3 class=\"wp-block-heading\">Doprinose ne pla\u0107aju ve\u0107 14 godina<\/h3>\n\n\n\n<p>Kako javlja <a rel=\"noreferrer noopener\" href=\"https:\/\/www.novilist.hr\/novosti\/nema-novca-za-isplate-mirovina-bivsih-europskih-zastupnika-u-prosjeku-2-206-eura-mjesecno-ovo-granici-s-kriminalom\/\" target=\"_blank\">Novi list<\/a>, zastupnici u Europskom parlamentu raspravljali su o dokumentu na zatvorenom sastanku u Strasbourgu u ponedjeljak pro\u0161log tjedna, ali jo\u0161 nisu odlu\u010dili \u0161to u\u010diniti. &#8220;O\u010digledno je isklju\u010dena opcija da se ne poduzme ni\u0161ta u vezi s tim&#8221;, rekao je glasnogovornik Parlamenta.<\/p><div id=\"mojev-1226618040\" class=\"mojev-u-tekstu mojev-entity-placement\" style=\"margin-left: auto;margin-right: auto;text-align: center;\"><div class=\"mojev-adlabel\">oglas<\/div><div style=\"height: 250px;\"><script async src=\"https:\/\/pagead2.googlesyndication.com\/pagead\/js\/adsbygoogle.js?client=ca-pub-8106111766207173\"\r\n     crossorigin=\"anonymous\"><\/script>\r\n<!-- Prikazni 1 u tekstu -->\r\n<ins class=\"adsbygoogle\"\r\n     style=\"display:block\"\r\n     data-ad-client=\"ca-pub-8106111766207173\"\r\n     data-ad-slot=\"8535551207\"\r\n     data-ad-format=\"auto\"\r\n     data-full-width-responsive=\"true\"><\/ins>\r\n<script>\r\n     (adsbygoogle = window.adsbygoogle || []).push({});\r\n<\/script><\/div><\/div><br style=\"clear: both; display: block; float: none;\"\/>\n\n\n\n<p>Europski parlament uspostavio je dopunski mirovinski sustav 1990. godine. Trajao je 30 godina, dok nije zatvoren za nove \u010dlanove 2009. godine, kada je na snagu stupio jedinstven mirovinski sustav. Dio razloga za te\u0161ko stanje fonda je i prestanak uplate doprinosa prije 14 godina.<\/p>\n\n\n\n<p>&#8220;Mislim da se novac poreznih obveznika vi\u0161e ne bi trebao rasipati na strukturu koja je postavljena pomalo poput Ponzijeve sheme&#8221;, rekao je <strong>Daniel Freund<\/strong>, njema\u010dki zastupnik Zelenih u Europskom parlamentu. Ponzijeve sheme su, podsjetimo, oblik la\u017enog ulaganja koje mo\u017ee pre\u017eivjeti samo stalnim dovo\u0111enjem novih \u010dlanova. &#8220;Ovo grani\u010di s kriminalnom djelatno\u0161\u0107u&#8221;, ustvrdio je.<\/p>\n\n\n\n<p><strong>Stephen Hughes<\/strong> \u2013 predsjednik fonda koji je bio britanski zastupnik u Europskom parlamentu s laburistima od 1984. do 2014. \u2013 rekao je da bi Parlament trebao po\u0161tovati svoju obvezu isplate umirovljenicima. &#8220;Parlament je u\u0161ao u ovo \u0161irom otvorenih o\u010diju i mislim da su nepravedni&#8221;, rekao je Hughes.<\/p>\n\n\n\n<p>&#8220;Ti su \u010dlanovi godinama lojalno slu\u017eili Europskom parlamentu i osje\u0107aju se povrije\u0111enima zato \u0161to se s njima postupa na ovakav na\u010din&#8221;, dodao je, tvrde\u0107i da je fondom &#8220;vrlo dobro upravljano&#8221;, ali da je morao funkcionirati bez novca nakon zatvaranja 2009.<\/p>\n\n\n\n<h3 class=\"wp-block-heading\">Na teret poreznih obveznika<\/h3>\n\n\n\n<p>Fond \u2013 \u010dijim ulaganjima zasebno upravlja tvrtka sa sjedi\u0161tem u Luksemburgu \u2013 ima samo oko 55 milijuna eura od 363 milijuna eura, koliko je predvi\u0111eno da \u0107e se morati isplatiti nakon 2074. Zastupnici u Europskom parlamentu upla\u0107ivali su tre\u0107inu doprinosa, a ostatak je nadopunjavao Parlament.<\/p>\n\n\n\n<p>&#8220;Zbog prestanka pla\u0107anja doprinosa od strane \u010dlanova i Parlamenta, nedovoljnog povrata ulaganja i u\u010dinaka uzastopnih financijskih kriza, kao i geopoliti\u010dke nestabilnosti, situacija u fondu se od 2009. naglo pogor\u0161ala&#8221;, stoji u bilje\u0161ci glavnog tajnika. &#8220;Ovaj iznos je nedostatan za ispunjavanje budu\u0107ih obveza isplate mirovina&#8221;, dodaje se u dokumentu. To zna\u010di da bi prora\u010dun EU-a koji financiraju porezni obveznici mogao dodatno izdvojiti oko 23 milijuna eura godi\u0161nje.<\/p>\n\n\n\n<p>Dokument glavnog tajnika, sastavljen za 14 parlamentaraca na sastanku kojim je predsjedala predsjednica EP-a Roberta Metsola 17. travnja, navodi tri potencijalne opcije.<\/p>\n\n\n\n<p>Prvi bi bio ne u\u010diniti ni\u0161ta i pustiti da fond propadne, \u0161to zna\u010di da \u0107e Parlament \u2013 i porezni obveznici \u2013 &#8220;najvjerojatnije&#8221; morati preuzeti mirovinske obveze. Druga bi opcija bila likvidacija fonda i zatim velika pau\u0161alna isplata korisnicima. Tre\u0107e, katastrofa bi se mogla sprije\u010diti nizom izmjena kako bi se poo\u0161trila mirovinska prava, kao \u0161to je podizanje dobi za mirovinu ili jednostavno smanjenje iznosa koji primaju korisnici.<\/p>\n\n\n\n<h3 class=\"wp-block-heading\">U prosjeku 2.206 eura<\/h3>\n\n\n\n<p>\u0160to je osoba du\u017ee slu\u017eila kao parlamentarac, to je pravo bilo ve\u0107e \u2013 914 ljudi, od kojih su ve\u0107ina dugogodi\u0161nji zastupnici u Europskom parlamentu, biv\u0161i zastupnici ili njihovi pre\u017eivjeli \u010dlanovi obitelji, trenutno prima u prosjeku 2.206 eura mjese\u010dno.<\/p>\n\n\n\n<p>Glasnogovornik Parlamenta dodao je da su zastupnici zatra\u017eili dodatne pravne i financijske informacije kako bi ispitali sve mogu\u0107nosti. Parlament je vodio nekoliko pravnih bitaka protiv korisnika fonda \u2013 i pobijedio, i to nakon \u0161to je podigao dobnu granicu za odlazak u mirovinu te poo\u0161trio neke druge odredbe i uvjete kako bi sprije\u010dio naslije\u0111eni fond da iscrpljuje financijske institucije.<\/p>\n\n\n\n<p>Nakon \u017ealbi predstavnika fonda, Sud Europske unije u o\u017eujku je donio kona\u010dnu presudu kojom se priklonio Parlamentu i potvrdio da Ured Parlamenta ima zakonsko pravo proporcionalno smanjivati \u200b\u200bprava korisnika.<\/p>\n<div id=\"mojev-442336474\" class=\"mojev-kraj-teksta mojev-entity-placement\" style=\"margin-bottom: 20px;margin-left: auto;margin-right: auto;text-align: center;\"><div class=\"mojev-adlabel\">oglas<\/div><div style=\"height: 250px;\"><script async src=\"https:\/\/pagead2.googlesyndication.com\/pagead\/js\/adsbygoogle.js?client=ca-pub-8106111766207173\"\r\n     crossorigin=\"anonymous\"><\/script>\r\n<!-- Display-1 -->\r\n<ins class=\"adsbygoogle\"\r\n     style=\"display:block\"\r\n     data-ad-client=\"ca-pub-8106111766207173\"\r\n     data-ad-slot=\"1465712950\"\r\n     data-ad-format=\"auto\"\r\n     data-full-width-responsive=\"true\"><\/ins>\r\n<script>\r\n     (adsbygoogle = window.adsbygoogle || []).push({});\r\n<\/script><\/div><\/div>","protected":false},"excerpt":{"rendered":"<p>Parlament je vodio nekoliko pravnih bitaka protiv korisnika fonda \u2013 i pobijedio, i to nakon \u0161to je podigao dobnu granicu za odlazak u mirovinu te poo\u0161trio neke druge odredbe i uvjete kako bi sprije\u010dio naslije\u0111eni fond da iscrpljuje financijske institucije.<\/p>\n","protected":false},"author":1,"featured_media":72312,"comment_status":"closed","ping_status":"closed","sticky":false,"template":"","format":"standard","meta":{"footnotes":""},"categories":[9],"tags":[],"class_list":["post-72311","post","type-post","status-publish","format-standard","has-post-thumbnail","hentry","category-vijesti"],"_links":{"self":[{"href":"https:\/\/www.mojevrijeme.hr\/magazin\/wp-json\/wp\/v2\/posts\/72311","targetHints":{"allow":["GET"]}}],"collection":[{"href":"https:\/\/www.mojevrijeme.hr\/magazin\/wp-json\/wp\/v2\/posts"}],"about":[{"href":"https:\/\/www.mojevrijeme.hr\/magazin\/wp-json\/wp\/v2\/types\/post"}],"author":[{"embeddable":true,"href":"https:\/\/www.mojevrijeme.hr\/magazin\/wp-json\/wp\/v2\/users\/1"}],"replies":[{"embeddable":true,"href":"https:\/\/www.mojevrijeme.hr\/magazin\/wp-json\/wp\/v2\/comments?post=72311"}],"version-history":[{"count":0,"href":"https:\/\/www.mojevrijeme.hr\/magazin\/wp-json\/wp\/v2\/posts\/72311\/revisions"}],"wp:featuredmedia":[{"embeddable":true,"href":"https:\/\/www.mojevrijeme.hr\/magazin\/wp-json\/wp\/v2\/media\/72312"}],"wp:attachment":[{"href":"https:\/\/www.mojevrijeme.hr\/magazin\/wp-json\/wp\/v2\/media?parent=72311"}],"wp:term":[{"taxonomy":"category","embeddable":true,"href":"https:\/\/www.mojevrijeme.hr\/magazin\/wp-json\/wp\/v2\/categories?post=72311"},{"taxonomy":"post_tag","embeddable":true,"href":"https:\/\/www.mojevrijeme.hr\/magazin\/wp-json\/wp\/v2\/tags?post=72311"}],"curies":[{"name":"wp","href":"https:\/\/api.w.org\/{rel}","templated":true}]}}