{"id":72314,"date":"2023-04-28T10:52:09","date_gmt":"2023-04-28T08:52:09","guid":{"rendered":"https:\/\/www.mojevrijeme.hr\/magazin\/?p=72314"},"modified":"2023-04-28T10:52:13","modified_gmt":"2023-04-28T08:52:13","slug":"zene-vise-ne-zele-ranije-u-mirovinu-novi-trendovi-u-njemackoj","status":"publish","type":"post","link":"https:\/\/www.mojevrijeme.hr\/magazin\/2023\/04\/zene-vise-ne-zele-ranije-u-mirovinu-novi-trendovi-u-njemackoj\/","title":{"rendered":"\u017dene vi\u0161e ne \u017eele ranije u mirovinu, novi trendovi u Njema\u010dkoj"},"content":{"rendered":"\n<p>\u017dene odga\u0111aju odlazak u mirovinu \u2013 \u010dak i ako njihov partner prvi ode u\u00a0mirovinu.\u00a0To pokazuje istra\u017eivanje Instituta njema\u010dkog gospodarstva (IW) K\u00f6ln, prenosi\u00a0<a rel=\"noreferrer noopener\" href=\"http:\/\/xn--politiari%20ve%20godinama%20pokuavaju%20radnike%20zadrati%20dulje%20na%20poslu%20posebno%20ene%2C%20takoer%20kako%20bi%20se%20suprotstavili%20prijetnji%20siromatva%20u%20starosti-3zt85dsxx66bydo1vcb.xn--%20kako%20ene%20postaju%20sve%20vie%20akademski%20obrazovanije%2C%20moe%20se%20oekivati%20kako%20e%20nastaviti%20poveavati%20svoje%20sudjelovanje%20u%20radu%2C%20posebno%20u%20posljednjoj%20fazi%20svog%20radnog%20vijeka%2C%20predviaju%20istraivai-rk1aua96l1e34bj48c6wg0b0k54631fyna.xn--%20meutim%2C%20reforme%20poput%20uvoenja%20odlaska%20u%20mirovinu%20sa%2063%20godine%20nisu%20imale%20nikakvu%20ulogu%20u%20odluci%20ispitanih%20parova-48r5a.\/\" target=\"_blank\">Fenix magazine.<\/a><\/p>\n\n\n\n<p>\u201cRezultat istra\u017eivanja sugerira kako su mnoge \u017eene shvatile koliko je za visinu njihove mirovine va\u017eno da rade \u0161to du\u017ee\u201d, ka\u017ee autorica studije. Znanstvenici su za studiju povezali podatke Socio-Economic Panela (SOEP) s podacima njema\u010dkog mirovinskog osiguranja i usporedio 511 parova u kojima su partneri ro\u0111eni prije 1947. ili kasnije.<\/p>\n\n\n\n<p>Od ro\u0111enih 1947. standardna dob za odlazak u mirovinu postupno se pove\u0107ava sa 65 na 67 godina. Kao rezultat toga proizilazi da parovi razli\u010dite dobi imaju razli\u010ditu to\u010dku u vremenu u kojoj se mogu zakonski umiroviti bez odbitaka.<\/p><div id=\"mojev-2694377916\" class=\"mojev-u-tekstu mojev-entity-placement\" style=\"margin-left: auto;margin-right: auto;text-align: center;\"><div class=\"mojev-adlabel\">oglas<\/div><div style=\"height: 250px;\"><script async src=\"https:\/\/pagead2.googlesyndication.com\/pagead\/js\/adsbygoogle.js?client=ca-pub-8106111766207173\"\r\n     crossorigin=\"anonymous\"><\/script>\r\n<!-- Prikazni 1 u tekstu -->\r\n<ins class=\"adsbygoogle\"\r\n     style=\"display:block\"\r\n     data-ad-client=\"ca-pub-8106111766207173\"\r\n     data-ad-slot=\"8535551207\"\r\n     data-ad-format=\"auto\"\r\n     data-full-width-responsive=\"true\"><\/ins>\r\n<script>\r\n     (adsbygoogle = window.adsbygoogle || []).push({});\r\n<\/script><\/div><\/div><br style=\"clear: both; display: block; float: none;\"\/>\n\n\n\n<h3 class=\"wp-block-heading\"><strong>Mala razlika u mirovinama<\/strong><\/h3>\n\n\n\n<p>U slu\u010daju ro\u0111enih prije 1947. pokazalo se da je mla\u0111i partner \u2013 u \u010detiri od pet slu\u010dajeva to je \u017eena \u2013 puno \u010de\u0161\u0107e prestajao raditi u isto vrijeme kad i stariji partner i zauzvrat prihva\u0107ao odbitke i ni\u017eu mirovinu. U tim slu\u010dajevima prihod ku\u0107anstva uvelike ovisi o jednoj osobi.<\/p>\n\n\n\n<p>Me\u0111utim, mnogi od onih ro\u0111enih nakon 1947. nastavili su raditi. Razvoj je tako\u0111er va\u017ean jer mirovinski sustav u Njema\u010dkoj zbog demografskih promjena ovisi o \u0161to je mogu\u0107e ve\u0107em broju \u017eena koje upla\u0107uju doprinose.<\/p>\n\n\n\n<p>Politi\u010dari ve\u0107 godinama poku\u0161avaju radnike zadr\u017eati dulje na poslu posebno \u017eene, tako\u0111er kako bi se suprotstavili prijetnji siroma\u0161tva u starosti.<\/p>\n\n\n\n<p>\u201cKako \u017eene postaju sve vi\u0161e akademski obrazovanije, mo\u017ee se o\u010dekivati kako \u0107e nastaviti pove\u0107avati svoje sudjelovanje u radu, posebno u posljednjoj fazi svog radnog vijeka\u201d, predvi\u0111aju istra\u017eiva\u010di. Me\u0111utim, reforme poput uvo\u0111enja odlaska u mirovinu sa 63 godine nisu imale nikakvu ulogu u odluci ispitanih parova.<\/p>\n<div id=\"mojev-1744225373\" class=\"mojev-kraj-teksta mojev-entity-placement\" style=\"margin-bottom: 20px;margin-left: auto;margin-right: auto;text-align: center;\"><div class=\"mojev-adlabel\">oglas<\/div><div style=\"height: 250px;\"><script async src=\"https:\/\/pagead2.googlesyndication.com\/pagead\/js\/adsbygoogle.js?client=ca-pub-8106111766207173\"\r\n     crossorigin=\"anonymous\"><\/script>\r\n<!-- Display-1 -->\r\n<ins class=\"adsbygoogle\"\r\n     style=\"display:block\"\r\n     data-ad-client=\"ca-pub-8106111766207173\"\r\n     data-ad-slot=\"1465712950\"\r\n     data-ad-format=\"auto\"\r\n     data-full-width-responsive=\"true\"><\/ins>\r\n<script>\r\n     (adsbygoogle = window.adsbygoogle || []).push({});\r\n<\/script><\/div><\/div>","protected":false},"excerpt":{"rendered":"<p>Politi\u010dari ve\u0107 godinama poku\u0161avaju radnike zadr\u017eati dulje na poslu posebno \u017eene, tako\u0111er kako bi se suprotstavili prijetnji siroma\u0161tva u starosti.<\/p>\n","protected":false},"author":1,"featured_media":72316,"comment_status":"closed","ping_status":"closed","sticky":false,"template":"","format":"standard","meta":{"footnotes":""},"categories":[9],"tags":[2706,18,127,122],"class_list":["post-72314","post","type-post","status-publish","format-standard","has-post-thumbnail","hentry","category-vijesti","tag-dob-za-umirovljenje","tag-mirovine","tag-njemacka","tag-zene"],"_links":{"self":[{"href":"https:\/\/www.mojevrijeme.hr\/magazin\/wp-json\/wp\/v2\/posts\/72314","targetHints":{"allow":["GET"]}}],"collection":[{"href":"https:\/\/www.mojevrijeme.hr\/magazin\/wp-json\/wp\/v2\/posts"}],"about":[{"href":"https:\/\/www.mojevrijeme.hr\/magazin\/wp-json\/wp\/v2\/types\/post"}],"author":[{"embeddable":true,"href":"https:\/\/www.mojevrijeme.hr\/magazin\/wp-json\/wp\/v2\/users\/1"}],"replies":[{"embeddable":true,"href":"https:\/\/www.mojevrijeme.hr\/magazin\/wp-json\/wp\/v2\/comments?post=72314"}],"version-history":[{"count":0,"href":"https:\/\/www.mojevrijeme.hr\/magazin\/wp-json\/wp\/v2\/posts\/72314\/revisions"}],"wp:featuredmedia":[{"embeddable":true,"href":"https:\/\/www.mojevrijeme.hr\/magazin\/wp-json\/wp\/v2\/media\/72316"}],"wp:attachment":[{"href":"https:\/\/www.mojevrijeme.hr\/magazin\/wp-json\/wp\/v2\/media?parent=72314"}],"wp:term":[{"taxonomy":"category","embeddable":true,"href":"https:\/\/www.mojevrijeme.hr\/magazin\/wp-json\/wp\/v2\/categories?post=72314"},{"taxonomy":"post_tag","embeddable":true,"href":"https:\/\/www.mojevrijeme.hr\/magazin\/wp-json\/wp\/v2\/tags?post=72314"}],"curies":[{"name":"wp","href":"https:\/\/api.w.org\/{rel}","templated":true}]}}