{"id":72325,"date":"2023-04-28T14:51:18","date_gmt":"2023-04-28T12:51:18","guid":{"rendered":"https:\/\/www.mojevrijeme.hr\/magazin\/?p=72325"},"modified":"2023-04-28T15:32:25","modified_gmt":"2023-04-28T13:32:25","slug":"mozda-vam-je-stigla-obavijest-o-povratu-poreza-provjerite-svoj-pretinac","status":"publish","type":"post","link":"https:\/\/www.mojevrijeme.hr\/magazin\/2023\/04\/mozda-vam-je-stigla-obavijest-o-povratu-poreza-provjerite-svoj-pretinac\/","title":{"rendered":"Povrat poreza: Mo\u017eda vam je stigla obavijest, provjerite"},"content":{"rendered":"\n<p>U korisni\u010dke pretince sustava<a href=\"https:\/\/gov.hr\/\" target=\"_blank\" rel=\"noreferrer noopener\"> E-gra\u0111ani<\/a> ovoga su tjedna po\u010dele stizati obavijesti o povratu prepla\u0107enog poreza i prireza za 2022. godinu. Predvidivo, ovakva bi obavijest trebala razveselili oko 670.000 gra\u0111ana, a me\u0111u njima \u0107e biti oko 150 tisu\u0107a mla\u0111ih od 25 godina kojima \u0107e porez biti vra\u0107en u cijelosti. <\/p>\n\n\n\n<p>Porezni obveznik rezident ima za 2022. pravo na osobni odbitak, odnosno pravo na neoporezivi dio dohotka u iznosu od 4 tisu\u0107e kuna mjese\u010dno uve\u0107ano za odbitke za uzdr\u017eavanu djecu, supru\u017enika i roditelje, uz uvjet da uzdr\u017eavano dijete odnosno drugi uzdr\u017eavani \u010dlan obitelji nije u 2022. ostvario primitke ve\u0107e od 24 tisu\u0107e kuna.<\/p>\n\n\n\n<p>Dodu\u0161e, ima onih koji su platili manje pa \u0107e tako dobiti obavijest da moraju pokriti razliku. To su primjerice oni koji su koristili porezne olak\u0161ice iako na njih nisu imali pravo.<\/p><div id=\"mojev-1327765526\" class=\"mojev-u-tekstu mojev-entity-placement\" style=\"margin-left: auto;margin-right: auto;text-align: center;\"><div class=\"mojev-adlabel\">oglas<\/div><div style=\"height: 250px;\"><script async src=\"https:\/\/pagead2.googlesyndication.com\/pagead\/js\/adsbygoogle.js?client=ca-pub-8106111766207173\"\r\n     crossorigin=\"anonymous\"><\/script>\r\n<!-- Prikazni 1 u tekstu -->\r\n<ins class=\"adsbygoogle\"\r\n     style=\"display:block\"\r\n     data-ad-client=\"ca-pub-8106111766207173\"\r\n     data-ad-slot=\"8535551207\"\r\n     data-ad-format=\"auto\"\r\n     data-full-width-responsive=\"true\"><\/ins>\r\n<script>\r\n     (adsbygoogle = window.adsbygoogle || []).push({});\r\n<\/script><\/div><\/div><br style=\"clear: both; display: block; float: none;\"\/>\n\n\n\n<p>Iako dio gra\u0111ana vjeruje da povrat poreza dobivaju samo oni koji su ga zatra\u017eili, Porezna uprava automatski provjerava porez na dohodak za ve\u0107inu gra\u0111ana pa se zahtjevi za povratom, \u010dak ni onih koji na njega imaju pravo, nisu trebali predavati. Porezna uprava \u0107e ukupno vratiti oko 230 milijuna eura. Isplata po\u010dinje u svibnju<\/p>\n<div id=\"mojev-3143351043\" class=\"mojev-kraj-teksta mojev-entity-placement\" style=\"margin-bottom: 20px;margin-left: auto;margin-right: auto;text-align: center;\"><div class=\"mojev-adlabel\">oglas<\/div><div style=\"height: 250px;\"><script async src=\"https:\/\/pagead2.googlesyndication.com\/pagead\/js\/adsbygoogle.js?client=ca-pub-8106111766207173\"\r\n     crossorigin=\"anonymous\"><\/script>\r\n<!-- Display-1 -->\r\n<ins class=\"adsbygoogle\"\r\n     style=\"display:block\"\r\n     data-ad-client=\"ca-pub-8106111766207173\"\r\n     data-ad-slot=\"1465712950\"\r\n     data-ad-format=\"auto\"\r\n     data-full-width-responsive=\"true\"><\/ins>\r\n<script>\r\n     (adsbygoogle = window.adsbygoogle || []).push({});\r\n<\/script><\/div><\/div>","protected":false},"excerpt":{"rendered":"<p>Iako dio gra\u0111ana vjeruje da povrat poreza dobivaju samo oni koji su ga zatra\u017eili, Porezna uprava automatski provjerava porez na dohodak za ve\u0107inu gra\u0111ana pa se zahtjevi za povratom, \u010dak ni onih koji na njega imaju pravo, nisu trebali predavati.<\/p>\n","protected":false},"author":1,"featured_media":61385,"comment_status":"closed","ping_status":"closed","sticky":false,"template":"","format":"standard","meta":{"footnotes":""},"categories":[9],"tags":[534,17,2273],"class_list":["post-72325","post","type-post","status-publish","format-standard","has-post-thumbnail","hentry","category-vijesti","tag-e-gradani","tag-novac","tag-povrat-poreza"],"_links":{"self":[{"href":"https:\/\/www.mojevrijeme.hr\/magazin\/wp-json\/wp\/v2\/posts\/72325","targetHints":{"allow":["GET"]}}],"collection":[{"href":"https:\/\/www.mojevrijeme.hr\/magazin\/wp-json\/wp\/v2\/posts"}],"about":[{"href":"https:\/\/www.mojevrijeme.hr\/magazin\/wp-json\/wp\/v2\/types\/post"}],"author":[{"embeddable":true,"href":"https:\/\/www.mojevrijeme.hr\/magazin\/wp-json\/wp\/v2\/users\/1"}],"replies":[{"embeddable":true,"href":"https:\/\/www.mojevrijeme.hr\/magazin\/wp-json\/wp\/v2\/comments?post=72325"}],"version-history":[{"count":0,"href":"https:\/\/www.mojevrijeme.hr\/magazin\/wp-json\/wp\/v2\/posts\/72325\/revisions"}],"wp:featuredmedia":[{"embeddable":true,"href":"https:\/\/www.mojevrijeme.hr\/magazin\/wp-json\/wp\/v2\/media\/61385"}],"wp:attachment":[{"href":"https:\/\/www.mojevrijeme.hr\/magazin\/wp-json\/wp\/v2\/media?parent=72325"}],"wp:term":[{"taxonomy":"category","embeddable":true,"href":"https:\/\/www.mojevrijeme.hr\/magazin\/wp-json\/wp\/v2\/categories?post=72325"},{"taxonomy":"post_tag","embeddable":true,"href":"https:\/\/www.mojevrijeme.hr\/magazin\/wp-json\/wp\/v2\/tags?post=72325"}],"curies":[{"name":"wp","href":"https:\/\/api.w.org\/{rel}","templated":true}]}}