{"id":72376,"date":"2023-04-29T10:42:49","date_gmt":"2023-04-29T08:42:49","guid":{"rendered":"https:\/\/www.mojevrijeme.hr\/magazin\/?p=72376"},"modified":"2023-04-29T16:51:19","modified_gmt":"2023-04-29T14:51:19","slug":"snaha-iz-zagore-svekrva-me-nije-voljela-suprug-me-nije-podrzao","status":"publish","type":"post","link":"https:\/\/www.mojevrijeme.hr\/magazin\/2023\/04\/snaha-iz-zagore-svekrva-me-nije-voljela-suprug-me-nije-podrzao\/","title":{"rendered":"Snaha iz Zagore: &#8216;Svekrva me nije voljela, suprug me nije podr\u017eao&#8217;"},"content":{"rendered":"\n<p>Potaknuta <a rel=\"noreferrer noopener\" href=\"https:\/\/www.mojevrijeme.hr\/magazin\/2023\/04\/svekrva-iz-zagreba-snaha-je-ispod-naseg-drustvenog-nivoa-upropastit-ce-mi-sina\/\" data-type=\"post\" data-id=\"71391\" target=\"_blank\">pismom \u010ditateljice<\/a> koja nam se po\u017ealila da snaha nije dorasla dru\u0161tvenim obvezama koje je dobila udav\u0161i se za njenog sina, javila nam druga \u010ditateljica koja ka\u017ee da ima razumijevanja za takav stav. Iako je u njenoj obitelji situacija posve druga\u010dija. I danas je, ka\u017ee, boli to \u0161to je suprugova obitelj nikada nije prihvatila.<\/p>\n\n\n\n<p>&#8220;Majka sam dviju odraslih i udanih k\u0107eri. Suprug i ja smo intelektualci, kao i na\u0161e dvije k\u0107eri, \u0161to se ne mo\u017ee re\u0107i za na\u0161e zetove. Me\u0111utim, ono \u0161to me nakon gotovo pedeset godina braka i danas mu\u010di je to \u0161to me svekrva, iako neuka i neobrazovana \u017eena, nikada, ali doslovno nikada &nbsp;nije prihvatila. Niti se prema meni odnosila na jedan, sasvim obi\u010dan, ulju\u0111en na\u010din. Tim vi\u0161e \u0161to nismo \u017eivjeli blizu&#8221;, ka\u017ee. <\/p>\n\n\n\n<p>Dodaje da je njen suprug ro\u0111en u jednom selu Dalmatinske zagore, gdje svi njegovi i danas \u017eive. Nakon gimnazije oti\u0161ao je na studij u Zagreb. &#8220;Ja sam ro\u0111ena u gradu, od normalnih roditelja, vrijednih, po\u0161tenih ljudi, skromnog obrazovanja, ali punih ljubavi za svoju obitelj, djecu, rodbinu i prijatelje&#8221;, govori na\u0161a \u010ditateljica dodaju\u0107i da su je roditelji, kao starije dijete, poticali na sve \u0161to mo\u017ee \u010dovjeka oplemeniti i koristiti mu u \u017eivotu. <\/p><div id=\"mojev-519912591\" class=\"mojev-u-tekstu mojev-entity-placement\" style=\"margin-left: auto;margin-right: auto;text-align: center;\"><div class=\"mojev-adlabel\">oglas<\/div><div style=\"height: 250px;\"><script async src=\"https:\/\/pagead2.googlesyndication.com\/pagead\/js\/adsbygoogle.js?client=ca-pub-8106111766207173\"\r\n     crossorigin=\"anonymous\"><\/script>\r\n<!-- Prikazni 1 u tekstu -->\r\n<ins class=\"adsbygoogle\"\r\n     style=\"display:block\"\r\n     data-ad-client=\"ca-pub-8106111766207173\"\r\n     data-ad-slot=\"8535551207\"\r\n     data-ad-format=\"auto\"\r\n     data-full-width-responsive=\"true\"><\/ins>\r\n<script>\r\n     (adsbygoogle = window.adsbygoogle || []).push({});\r\n<\/script><\/div><\/div><br style=\"clear: both; display: block; float: none;\"\/>\n\n\n\n<h3 class=\"wp-block-heading\">Jo\u0161 uvijek zamjera suprugu<\/h3>\n\n\n\n<p>&#8220;Poha\u0111ala sam privatne satove gitare, pjevanja, jezika. Bavila sam se sportom, putovala po zemlji i svijetu. Ali to sve nije bilo dovoljno mojoj svekrvi, a ni njenoj obitelji. Vi\u0161e nije \u017eiva, ali ni\u0161ta se nije promijenilo nabolje. Moja djeca u toj obitelji nisu prihva\u0107ena. Izuzetak je bio svekar koji mi je bio poput drugog oca, ali nije dugo po\u017eivio nakon \u0161to se vratio s rada u Njema\u010dkoj. Svekrvi je, izme\u0111u svega \u0161to je naslijedila, ostala i njegova inozemna mirovina&#8221;, obja\u0161njava. <\/p>\n\n\n\n\n\n<p>&#8220;Ovo pi\u0161em ne zato \u0161to sam ljuta, ve\u0107 zato \u0161to sam tu\u017ena i razo\u010darana. No ne\u0107u dopustiti da to pokvari moj lijepi \u017eivot, moje u\u017eivanje u k\u0107erima, unucima, zetovima. Iako mi zetovi nisu ba\u0161 sve ono \u0161to sam pri\u017eeljkivala za svoje k\u0107eri. No suprugu i dalje zamjeram \u0161to nije stao uz mene, iako je do\u0161ao \u017eivjeti u moj grad i u moju obiteljsku ku\u0107u (dok nismo rije\u0161ili svoj krov nad glavom).&#8221; Naime, ova supruga, majka i baka jo\u0161 uvijek mu zamjera to \u0161to je nije podr\u017eao u nastojanjima da popravi odnose s njegovom obitelji.<\/p>\n\n\n\n<h3 class=\"wp-block-heading\">Njene k\u0107eri imaju sretnu pri\u010du<\/h3>\n\n\n\n<p>Sre\u0107om, njene k\u0107eri, dodaje, imaju svekrve koje su sve ono \u0161to njena svekrva nije bila. &#8220;Ovo pi\u0161em da se vidi da ima svakakvih i svekrva, ali i snaha! Pitam se, mora li biti tako? Ne mora, dokaz su moje k\u0107erke i njihove svekrve. Ponekad pomislim da sam malo i &#8216;ljubomorna&#8217; na njih, jer vidim da je ta ljubav, pa\u017enja i po\u017ertvovnost obostrana. Zbog toga mi je neizmjerno drago. Pogotovo kada se sjetim svojih prvih dolazaka kod svekrve u malo selo u Dalmatinskoj zagori, odakle vam i sada pi\u0161em.&#8221;<\/p>\n\n\n\n<p>&#8220;Ali da ne bude zabune, ne pi\u0161em iz rodne ku\u0107e moga supruga, nego iz ku\u0107e moga predragog i predobrog tate, koji ju je meni darovao. Znao je da nam moja svekrva ne\u0107e ni\u0161ta ostaviti, bez obzira \u0161to se zaklinjala u beskrajnu ljubav prema svome prvoro\u0111encu koji joj je uvijek kupovao i slao sve \u0161to je po\u017eeljela, uklju\u010duju\u0107i i ono \u0161to su po\u017eeljela djeca njenog mla\u0111eg sina koji se nije maknuo s roditeljskog ognji\u0161ta&#8221;, zaklju\u010duje na\u0161a \u010ditateljica.<\/p>\n\n\n\n<div id=\"crveno\"><\/p>\n\n\n\n<h3 class=\"wp-block-heading\">Zanima nas va\u0161a pri\u010da<\/h3>\n\n\n\n<p>\u017delite li i vi, posve anonimno, podijeliti svoje iskustvo i vi\u0111enje ove teme s nama i na\u0161im \u010ditateljima, mo\u017eete to u\u010diniti putem web obrasca <a rel=\"noreferrer noopener\" href=\"https:\/\/www.mojevrijeme.hr\/magazin\/povjerljivo\/\" target=\"_blank\">Povjerljivo<\/a>. Napi\u0161ite svoju pri\u010du!<\/p>\n\n\n\n<p><\/div>\n<div id=\"mojev-2341204812\" class=\"mojev-kraj-teksta mojev-entity-placement\" style=\"margin-bottom: 20px;margin-left: auto;margin-right: auto;text-align: center;\"><div class=\"mojev-adlabel\">oglas<\/div><div style=\"height: 250px;\"><script async src=\"https:\/\/pagead2.googlesyndication.com\/pagead\/js\/adsbygoogle.js?client=ca-pub-8106111766207173\"\r\n     crossorigin=\"anonymous\"><\/script>\r\n<!-- Display-1 -->\r\n<ins class=\"adsbygoogle\"\r\n     style=\"display:block\"\r\n     data-ad-client=\"ca-pub-8106111766207173\"\r\n     data-ad-slot=\"1465712950\"\r\n     data-ad-format=\"auto\"\r\n     data-full-width-responsive=\"true\"><\/ins>\r\n<script>\r\n     (adsbygoogle = window.adsbygoogle || []).push({});\r\n<\/script><\/div><\/div>","protected":false},"excerpt":{"rendered":"<p>&#8216;Ovo pi\u0161em da se vidi da ima svakakvih i svekrva, ali i snaha! Pitam se, mora li biti tako?&#8217;<\/p>\n","protected":false},"author":1,"featured_media":72382,"comment_status":"closed","ping_status":"closed","sticky":false,"template":"","format":"standard","meta":{"footnotes":""},"categories":[2],"tags":[3437,3374,3373],"class_list":["post-72376","post","type-post","status-publish","format-standard","has-post-thumbnail","hentry","category-mozaik","tag-obiteljski-odnosi","tag-snahe","tag-svekrve"],"_links":{"self":[{"href":"https:\/\/www.mojevrijeme.hr\/magazin\/wp-json\/wp\/v2\/posts\/72376","targetHints":{"allow":["GET"]}}],"collection":[{"href":"https:\/\/www.mojevrijeme.hr\/magazin\/wp-json\/wp\/v2\/posts"}],"about":[{"href":"https:\/\/www.mojevrijeme.hr\/magazin\/wp-json\/wp\/v2\/types\/post"}],"author":[{"embeddable":true,"href":"https:\/\/www.mojevrijeme.hr\/magazin\/wp-json\/wp\/v2\/users\/1"}],"replies":[{"embeddable":true,"href":"https:\/\/www.mojevrijeme.hr\/magazin\/wp-json\/wp\/v2\/comments?post=72376"}],"version-history":[{"count":0,"href":"https:\/\/www.mojevrijeme.hr\/magazin\/wp-json\/wp\/v2\/posts\/72376\/revisions"}],"wp:featuredmedia":[{"embeddable":true,"href":"https:\/\/www.mojevrijeme.hr\/magazin\/wp-json\/wp\/v2\/media\/72382"}],"wp:attachment":[{"href":"https:\/\/www.mojevrijeme.hr\/magazin\/wp-json\/wp\/v2\/media?parent=72376"}],"wp:term":[{"taxonomy":"category","embeddable":true,"href":"https:\/\/www.mojevrijeme.hr\/magazin\/wp-json\/wp\/v2\/categories?post=72376"},{"taxonomy":"post_tag","embeddable":true,"href":"https:\/\/www.mojevrijeme.hr\/magazin\/wp-json\/wp\/v2\/tags?post=72376"}],"curies":[{"name":"wp","href":"https:\/\/api.w.org\/{rel}","templated":true}]}}