{"id":72395,"date":"2023-04-29T11:58:01","date_gmt":"2023-04-29T09:58:01","guid":{"rendered":"https:\/\/www.mojevrijeme.hr\/magazin\/?p=72395"},"modified":"2023-04-29T12:01:58","modified_gmt":"2023-04-29T10:01:58","slug":"kolinda-docekala-55-rodendan-uz-sirene-i-granate-cijenite-svoj-i-tudi-zivot","status":"publish","type":"post","link":"https:\/\/www.mojevrijeme.hr\/magazin\/2023\/04\/kolinda-docekala-55-rodendan-uz-sirene-i-granate-cijenite-svoj-i-tudi-zivot\/","title":{"rendered":"Kolinda do\u010dekala 55. ro\u0111endan uz sirene i granate: &#8216;Cijenite svoj i tu\u0111i \u017eivot!&#8217;"},"content":{"rendered":"\n<p>Biv\u0161a hrvatska predsjednica Kolinda Grabar-Kitarovi\u0107, danas slavi 55. ro\u0111endan. &#8220;Samo 20-ak sati prije nego \u0161to \u0107u postati jednu godinu mudrijom, probudio nas je zvuk tako dobro poznat Hrvatima moje generacije &#8211; zavijanje sirene za uzbunu od zra\u010dne opasnosti koje je paralo ranu kijevsku zoru&#8221;, objavila je na Facebooku. <\/p>\n\n\n\n<p>&#8220;Dok sam mra\u010dnim hodnicima pronalazila put u sigurnost skloni\u0161ta, \u017eivote, budu\u0107nost, nade i snove djece, \u017eena i mu\u0161karaca koji su \u017eivjeli na ulazu broj jedan zgrade u Komarovoj ulici u Umanu raspr\u0161io je ruski projektil. Ne, nisu imali nesre\u0107u \u017eivjeti na toj adresi. Netko ih je namjerno izabrao, ciljao i ubio. I taj netko za to mora odgovarati&#8221;, stoji u dramati\u010dnoj objavi. <\/p>\n\n\n\n<p>&#8220;Sje\u0107am se koliko sam cijenila \u017eivot dok sam provodila vrijeme u hrvatskim skloni\u0161tima. Ali tako brzo zaboravljamo\u2026 \u017divot ovdje, a i na toliko mnogo mjesta diljem svijeta, svjedo\u010di tome koliko \u010desto sve \u010dime smo blagoslovljeni uzimamo zdravo za gotovo. O tome koliko jedni druge uzimamo zdravo za gotovo. Od tome koliko mir uzimamo zdravo za gotovo.&#8221;<\/p><div id=\"mojev-4117578372\" class=\"mojev-u-tekstu mojev-entity-placement\" style=\"margin-left: auto;margin-right: auto;text-align: center;\"><div class=\"mojev-adlabel\">oglas<\/div><div style=\"height: 250px;\"><script async src=\"https:\/\/pagead2.googlesyndication.com\/pagead\/js\/adsbygoogle.js?client=ca-pub-8106111766207173\"\r\n     crossorigin=\"anonymous\"><\/script>\r\n<!-- Prikazni 1 u tekstu -->\r\n<ins class=\"adsbygoogle\"\r\n     style=\"display:block\"\r\n     data-ad-client=\"ca-pub-8106111766207173\"\r\n     data-ad-slot=\"8535551207\"\r\n     data-ad-format=\"auto\"\r\n     data-full-width-responsive=\"true\"><\/ins>\r\n<script>\r\n     (adsbygoogle = window.adsbygoogle || []).push({});\r\n<\/script><\/div><\/div><br style=\"clear: both; display: block; float: none;\"\/>\n\n\n\n<p>&#8220;Budu\u0107i da sam svjedo\u010dila tome \u0161to jesam u proteklih nekoliko dana, dopustit \u0107u si dozu patetike i svima vama uputiti svoje ro\u0111endanske \u017eelje: \u017divot je uistinu dragocjen. Cijenite ga i po\u0161tujte. I svoj vlastiti i tu\u0111e \u017eivote. I ako sam i\u0161ta nau\u010dila u ovih proteklih 55 godina, nau\u010dila sam \u0161to to zna\u010di stajati sama. I kolika je ogromna razlika kad stojimo zajedno. Hvala svima vama koji ste uvijek stajali uz mene! I ja \u0107u uvijek stajati s vama!&#8221; zaklju\u010dila je Grabar-Kitarovi\u0107.<\/p>\n<div id=\"mojev-2520679283\" class=\"mojev-kraj-teksta mojev-entity-placement\" style=\"margin-bottom: 20px;margin-left: auto;margin-right: auto;text-align: center;\"><div class=\"mojev-adlabel\">oglas<\/div><div style=\"height: 250px;\"><script async src=\"https:\/\/pagead2.googlesyndication.com\/pagead\/js\/adsbygoogle.js?client=ca-pub-8106111766207173\"\r\n     crossorigin=\"anonymous\"><\/script>\r\n<!-- Display-1 -->\r\n<ins class=\"adsbygoogle\"\r\n     style=\"display:block\"\r\n     data-ad-client=\"ca-pub-8106111766207173\"\r\n     data-ad-slot=\"1465712950\"\r\n     data-ad-format=\"auto\"\r\n     data-full-width-responsive=\"true\"><\/ins>\r\n<script>\r\n     (adsbygoogle = window.adsbygoogle || []).push({});\r\n<\/script><\/div><\/div>","protected":false},"excerpt":{"rendered":"<p>&#8216;Budu\u0107i da sam svjedo\u010dila tome \u0161to jesam u proteklih nekoliko dana, dopustit \u0107u si dozu patetike i svima vama uputiti svoje ro\u0111endanske \u017eelje: \u017divot je uistinu dragocjen.&#8217;<\/p>\n","protected":false},"author":1,"featured_media":26652,"comment_status":"closed","ping_status":"closed","sticky":false,"template":"","format":"standard","meta":{"footnotes":""},"categories":[2],"tags":[359,38,1942],"class_list":["post-72395","post","type-post","status-publish","format-standard","has-post-thumbnail","hentry","category-mozaik","tag-kolinda","tag-rodendan","tag-ukrajina"],"_links":{"self":[{"href":"https:\/\/www.mojevrijeme.hr\/magazin\/wp-json\/wp\/v2\/posts\/72395","targetHints":{"allow":["GET"]}}],"collection":[{"href":"https:\/\/www.mojevrijeme.hr\/magazin\/wp-json\/wp\/v2\/posts"}],"about":[{"href":"https:\/\/www.mojevrijeme.hr\/magazin\/wp-json\/wp\/v2\/types\/post"}],"author":[{"embeddable":true,"href":"https:\/\/www.mojevrijeme.hr\/magazin\/wp-json\/wp\/v2\/users\/1"}],"replies":[{"embeddable":true,"href":"https:\/\/www.mojevrijeme.hr\/magazin\/wp-json\/wp\/v2\/comments?post=72395"}],"version-history":[{"count":0,"href":"https:\/\/www.mojevrijeme.hr\/magazin\/wp-json\/wp\/v2\/posts\/72395\/revisions"}],"wp:featuredmedia":[{"embeddable":true,"href":"https:\/\/www.mojevrijeme.hr\/magazin\/wp-json\/wp\/v2\/media\/26652"}],"wp:attachment":[{"href":"https:\/\/www.mojevrijeme.hr\/magazin\/wp-json\/wp\/v2\/media?parent=72395"}],"wp:term":[{"taxonomy":"category","embeddable":true,"href":"https:\/\/www.mojevrijeme.hr\/magazin\/wp-json\/wp\/v2\/categories?post=72395"},{"taxonomy":"post_tag","embeddable":true,"href":"https:\/\/www.mojevrijeme.hr\/magazin\/wp-json\/wp\/v2\/tags?post=72395"}],"curies":[{"name":"wp","href":"https:\/\/api.w.org\/{rel}","templated":true}]}}