{"id":72463,"date":"2023-04-30T19:36:09","date_gmt":"2023-04-30T17:36:09","guid":{"rendered":"https:\/\/www.mojevrijeme.hr\/magazin\/?p=72463"},"modified":"2023-05-02T07:10:16","modified_gmt":"2023-05-02T05:10:16","slug":"ukidanje-penalizacije-prijevremenog-umirovljenja-kada-i-za-koga","status":"publish","type":"post","link":"https:\/\/www.mojevrijeme.hr\/magazin\/2023\/04\/ukidanje-penalizacije-prijevremenog-umirovljenja-kada-i-za-koga\/","title":{"rendered":"Ukidanje penalizacije prijevremenog umirovljenja: Kada i za koga?"},"content":{"rendered":"\n<p>Hrvatska i Srbija na vrlo sli\u010dan na\u010din ka\u017enjavaju prijevremeni odlazak u mirovinu. Obje dr\u017eave propisuju (razli\u010dit) kazneni postotak po mjesecu ranijeg umirovljenja. U obje dr\u017eave traje i borba da se ta kazna koja se razrezuje na ionako mizerne mirovine \u2013 vremenski ograni\u010di. No \u010dini se da je Srbija oti\u0161la korak dalje.<\/p>\n\n\n\n<h3 class=\"wp-block-heading\">Kakvo je stanje u Hrvatskoj?<\/h3>\n\n\n\n<p>&#8220;Polazni faktor za odre\u0111ivanje prijevremene starosne mirovine trajno se smanjuje za 0,2 posto za svaki mjesec ranijeg ostvarivanja prava na mirovinu prije navr\u0161enih godina \u017eivota osiguranika propisanih za stjecanje prava na starosnu mirovinu, neovisno o du\u017eini mirovinskog sta\u017ea&#8221;, jasno je objavio Hrvatski zavod za mirovinsko osiguranje (HZMO) na svojim stranicama.<\/p>\n\n\n\n<p>Predstavnice Sindikata umirovljenika Hrvatske (SUH) i Matice umirovljenika Hrvatske (MUH), <strong>Jasna A. Petrovi\u0107<\/strong> i <strong>Vi\u0161nja Fortuna<\/strong>, opetovano kroz Nacionalno vije\u0107e za umirovljenike i starije osobe tra\u017ee pravedniji izra\u010dun prijevremenih mirovina. Tako je Fortuna od predstavnika Vlade RH na 11. sjednici Vije\u0107a odr\u017eanoj u o\u017eujku zatra\u017eila da se razmotri mogu\u0107nost ukidanja penalizacije za prijevremenu mirovinu, nakon \u0161to se napuni 70 godina, \u0161to je pet godina du\u017ee nego \u0161to predla\u017eu srbijanski sindikalisti.<\/p><div id=\"mojev-3068912811\" class=\"mojev-u-tekstu mojev-entity-placement\" style=\"margin-left: auto;margin-right: auto;text-align: center;\"><div class=\"mojev-adlabel\">oglas<\/div><div style=\"height: 250px;\"><script async src=\"https:\/\/pagead2.googlesyndication.com\/pagead\/js\/adsbygoogle.js?client=ca-pub-8106111766207173\"\r\n     crossorigin=\"anonymous\"><\/script>\r\n<!-- Prikazni 1 u tekstu -->\r\n<ins class=\"adsbygoogle\"\r\n     style=\"display:block\"\r\n     data-ad-client=\"ca-pub-8106111766207173\"\r\n     data-ad-slot=\"8535551207\"\r\n     data-ad-format=\"auto\"\r\n     data-full-width-responsive=\"true\"><\/ins>\r\n<script>\r\n     (adsbygoogle = window.adsbygoogle || []).push({});\r\n<\/script><\/div><\/div><br style=\"clear: both; display: block; float: none;\"\/>\n\n\n\n<p>Za sada nema jasnih signala da bi Vlada mogla razmotriti ove zahtjeve, \u0161to nije slu\u010daj u susjednoj Srbiji budu\u0107i da mediji zadnjih dana javljaju kako bi se surovo ka\u017enjavanje umirovljenika moglo zaustaviti ve\u0107 polovinom ove godine.<\/p>\n\n\n\n<h3 class=\"wp-block-heading\">\u0160to se to\u010dno doga\u0111a u Srbiji<\/h3>\n\n\n\n<p>U Srbiji je dva puta Socijalno-ekonomsko vije\u0107e prihvatilo i proslijedilo ovaj prijedlog Vladi na usvajanje, no ona ih je odbila. Sada se radi na izmjenama i dopunama navedenog zakona, no, kako tvrde u Ministarstvu rada, konkretna rje\u0161enja nisu do kraja definirana.<\/p>\n\n\n\n<p>Dr\u017eavi se, \u010dini se, ne \u017euri, jer na ovaj na\u010din mjese\u010dno \u0161tedi 1,7 milijardi dinara, koliko bi ina\u010de ispla\u0107ivala umirovljenicima koji imaju minus na ra\u010dunu od 0,34 posto za svaki mjesec prijevremene mirovine, javlja B92.<\/p>\n\n\n\n<p><strong>Zoran Mihajlovi\u0107<\/strong> iz Saveza samostalnih sindikata Srbije, smatra da je krajnje vrijeme da nadle\u017eni ispune obe\u0107anje od prije nekoliko godina kada su tvrdili da \u0107e kazneni bodovi biti ukinuti onog trenutka kada se mirovine vi\u0161e ne ispla\u0107uju iz dr\u017eavne blagajne. <\/p>\n\n\n\n<p>&#8220;Nepravedno je prema onima koji su \u0161tedjeli na doprinosima vi\u0161e od 40 godina, a u mirovinu oti\u0161li prije 65. godine, cijeli \u017eivot imati smanjene mirovinske odreske. Taj problem mora biti rije\u0161en&#8221;, ka\u017ee Mihajlovi\u0107. &#8220;Na\u0161 prijedlog je da se kazne ra\u010dunaju do 65., a onda ih poni\u0161timo&#8221;, ka\u017ee on.<\/p>\n<div id=\"mojev-3424269706\" class=\"mojev-kraj-teksta mojev-entity-placement\" style=\"margin-bottom: 20px;margin-left: auto;margin-right: auto;text-align: center;\"><div class=\"mojev-adlabel\">oglas<\/div><div style=\"height: 250px;\"><script async src=\"https:\/\/pagead2.googlesyndication.com\/pagead\/js\/adsbygoogle.js?client=ca-pub-8106111766207173\"\r\n     crossorigin=\"anonymous\"><\/script>\r\n<!-- Display-1 -->\r\n<ins class=\"adsbygoogle\"\r\n     style=\"display:block\"\r\n     data-ad-client=\"ca-pub-8106111766207173\"\r\n     data-ad-slot=\"1465712950\"\r\n     data-ad-format=\"auto\"\r\n     data-full-width-responsive=\"true\"><\/ins>\r\n<script>\r\n     (adsbygoogle = window.adsbygoogle || []).push({});\r\n<\/script><\/div><\/div>","protected":false},"excerpt":{"rendered":"<p>Za sada nema jasnih signala da Vlada RH razmatra umirovljeni\u010dke zahtjeve, \u0161to nije slu\u010daj u susjednoj Srbiji budu\u0107i da mediji zadnjih dana javljaju kako bi se surovo ka\u017enjavanje umirovljenika moglo zaustaviti ve\u0107 polovinom ove godine.<\/p>\n","protected":false},"author":1,"featured_media":71033,"comment_status":"closed","ping_status":"closed","sticky":false,"template":"","format":"standard","meta":{"footnotes":""},"categories":[9],"tags":[280,18,3000,638],"class_list":["post-72463","post","type-post","status-publish","format-standard","has-post-thumbnail","hentry","category-vijesti","tag-hrvatska","tag-mirovine","tag-prijevremena-mirovina","tag-srbija"],"_links":{"self":[{"href":"https:\/\/www.mojevrijeme.hr\/magazin\/wp-json\/wp\/v2\/posts\/72463","targetHints":{"allow":["GET"]}}],"collection":[{"href":"https:\/\/www.mojevrijeme.hr\/magazin\/wp-json\/wp\/v2\/posts"}],"about":[{"href":"https:\/\/www.mojevrijeme.hr\/magazin\/wp-json\/wp\/v2\/types\/post"}],"author":[{"embeddable":true,"href":"https:\/\/www.mojevrijeme.hr\/magazin\/wp-json\/wp\/v2\/users\/1"}],"replies":[{"embeddable":true,"href":"https:\/\/www.mojevrijeme.hr\/magazin\/wp-json\/wp\/v2\/comments?post=72463"}],"version-history":[{"count":0,"href":"https:\/\/www.mojevrijeme.hr\/magazin\/wp-json\/wp\/v2\/posts\/72463\/revisions"}],"wp:featuredmedia":[{"embeddable":true,"href":"https:\/\/www.mojevrijeme.hr\/magazin\/wp-json\/wp\/v2\/media\/71033"}],"wp:attachment":[{"href":"https:\/\/www.mojevrijeme.hr\/magazin\/wp-json\/wp\/v2\/media?parent=72463"}],"wp:term":[{"taxonomy":"category","embeddable":true,"href":"https:\/\/www.mojevrijeme.hr\/magazin\/wp-json\/wp\/v2\/categories?post=72463"},{"taxonomy":"post_tag","embeddable":true,"href":"https:\/\/www.mojevrijeme.hr\/magazin\/wp-json\/wp\/v2\/tags?post=72463"}],"curies":[{"name":"wp","href":"https:\/\/api.w.org\/{rel}","templated":true}]}}