{"id":72468,"date":"2023-04-30T21:25:52","date_gmt":"2023-04-30T19:25:52","guid":{"rendered":"https:\/\/www.mojevrijeme.hr\/magazin\/?p=72468"},"modified":"2023-04-30T21:26:29","modified_gmt":"2023-04-30T19:26:29","slug":"vlada-reze-doprinose-za-1-stup-sto-ce-biti-s-mirovinama","status":"publish","type":"post","link":"https:\/\/www.mojevrijeme.hr\/magazin\/2023\/04\/vlada-reze-doprinose-za-1-stup-sto-ce-biti-s-mirovinama\/","title":{"rendered":"Vlada re\u017ee doprinose za 1. stup, \u0161to \u0107e biti s mirovinama?"},"content":{"rendered":"\n<p>Ministar financija<strong> Marko Primorac<\/strong> za <a rel=\"noreferrer noopener\" href=\"https:\/\/dnevnik.hr\/vijesti\/hrvatska\/veliki-intervju-ministra-financija-marka-primorca---779409.html\" target=\"_blank\">Novu TV<\/a> otkrio je kako Vlada namjera rastereti pla\u0107e te \u0161to \u0107e biti s mirovinama. O konkretnim iznosima, ka\u017ee, ne mo\u017ee trenutno govoriti no zna da \u0107e se na rastere\u0107enje i\u0107i kroz smanjivanje doprinosa za mirovinsko osiguranje. Zna\u010di li to da \u0107e se jo\u0161 ve\u0107i dio mirovina napla\u0107ivati iz dr\u017eavnog prora\u010duna, nije precizirao. <\/p>\n\n\n\n<p>&#8220;Rezalo bi se u&nbsp;pogledu doprinosa za mirovinsko osiguranje. Tra\u017eimo na\u010din na koji bi to mogli napraviti. Postoji nekoliko modela. Jedan model je da imate nekoliko stopa i razreda&nbsp;razli\u010ditih za doprinose za mirovinsko osiguranje. To je trenutno model kojemu nismo skloni&#8221;, kazao je.<\/p>\n\n\n\n<p>&#8220;Postoji i mogu\u0107nost ura\u010dunavanja jednog iznosa, izdatka u izra\u010dunavanju doprinosa za mirovinsko osiguranje za&nbsp;skupine s najni\u017eim dohotcima&nbsp;temeljem kojeg bi oni upla\u0107ivali ni\u017ee iznose doprinosa za mirovinsko osiguranje, a to im&nbsp;ne bi utjecalo na iznos mirovine u budu\u0107nosti&#8221;, dodao je i istaknuo da je formiranje modela pri kraju.&nbsp;<\/p><div id=\"mojev-4116011736\" class=\"mojev-u-tekstu mojev-entity-placement\" style=\"margin-left: auto;margin-right: auto;text-align: center;\"><div class=\"mojev-adlabel\">oglas<\/div><div style=\"height: 250px;\"><script async src=\"https:\/\/pagead2.googlesyndication.com\/pagead\/js\/adsbygoogle.js?client=ca-pub-8106111766207173\"\r\n     crossorigin=\"anonymous\"><\/script>\r\n<!-- Prikazni 1 u tekstu -->\r\n<ins class=\"adsbygoogle\"\r\n     style=\"display:block\"\r\n     data-ad-client=\"ca-pub-8106111766207173\"\r\n     data-ad-slot=\"8535551207\"\r\n     data-ad-format=\"auto\"\r\n     data-full-width-responsive=\"true\"><\/ins>\r\n<script>\r\n     (adsbygoogle = window.adsbygoogle || []).push({});\r\n<\/script><\/div><\/div><br style=\"clear: both; display: block; float: none;\"\/>\n\n\n\n<p>Mirovine ne bi smjele biti manje, isti\u010de. &#8220;To \u0161to \u0107emo u\u010diniti, u\u010dinit \u0107emo na na\u010din da rasteretimo postoje\u0107e stanje, a da mirovine budu onakve kakve bi trebale biti, da to ne utje\u010de na visinu mirovina u budu\u0107nosti&#8221;, kazao je Primorac.<\/p>\n\n\n\n<p>&#8220;To \u0107e&nbsp;rastere\u0107enje biti dominantno u prvom stupu. Drugi stup, odnosno ona sredstva koja gra\u0111ani upla\u0107uju za svoju akumuliranu \u0161tednju u budu\u0107nosti, ne\u0107e se dirati. Ali u okviru prvog stupa iznalazimo odre\u0111ene modele koje \u0107emo prezentirati kad za to do\u0111e vrijeme. Oni su pri kraju, imamo nekoliko razli\u010ditih modela, kad se odlu\u010dimo za jedan, prezentirat \u0107emo ga i prezentirat \u0107emo sve u\u010dinke tog modela&#8221;, rekao je Primorac.<\/p>\n<div id=\"mojev-77307774\" class=\"mojev-kraj-teksta mojev-entity-placement\" style=\"margin-bottom: 20px;margin-left: auto;margin-right: auto;text-align: center;\"><div class=\"mojev-adlabel\">oglas<\/div><div style=\"height: 250px;\"><script async src=\"https:\/\/pagead2.googlesyndication.com\/pagead\/js\/adsbygoogle.js?client=ca-pub-8106111766207173\"\r\n     crossorigin=\"anonymous\"><\/script>\r\n<!-- Display-1 -->\r\n<ins class=\"adsbygoogle\"\r\n     style=\"display:block\"\r\n     data-ad-client=\"ca-pub-8106111766207173\"\r\n     data-ad-slot=\"1465712950\"\r\n     data-ad-format=\"auto\"\r\n     data-full-width-responsive=\"true\"><\/ins>\r\n<script>\r\n     (adsbygoogle = window.adsbygoogle || []).push({});\r\n<\/script><\/div><\/div>","protected":false},"excerpt":{"rendered":"<p>U okviru prvog stupa iznalazimo odre\u0111ene modele koje \u0107emo prezentirati kad za to do\u0111e vrijeme, ka\u017ee ministar financija Marko Primorac. <\/p>\n","protected":false},"author":1,"featured_media":72470,"comment_status":"closed","ping_status":"closed","sticky":false,"template":"","format":"standard","meta":{"footnotes":""},"categories":[9],"tags":[3457,18,1116],"class_list":["post-72468","post","type-post","status-publish","format-standard","has-post-thumbnail","hentry","category-vijesti","tag-marko-primorac","tag-mirovine","tag-mirovinska-reforma"],"_links":{"self":[{"href":"https:\/\/www.mojevrijeme.hr\/magazin\/wp-json\/wp\/v2\/posts\/72468","targetHints":{"allow":["GET"]}}],"collection":[{"href":"https:\/\/www.mojevrijeme.hr\/magazin\/wp-json\/wp\/v2\/posts"}],"about":[{"href":"https:\/\/www.mojevrijeme.hr\/magazin\/wp-json\/wp\/v2\/types\/post"}],"author":[{"embeddable":true,"href":"https:\/\/www.mojevrijeme.hr\/magazin\/wp-json\/wp\/v2\/users\/1"}],"replies":[{"embeddable":true,"href":"https:\/\/www.mojevrijeme.hr\/magazin\/wp-json\/wp\/v2\/comments?post=72468"}],"version-history":[{"count":0,"href":"https:\/\/www.mojevrijeme.hr\/magazin\/wp-json\/wp\/v2\/posts\/72468\/revisions"}],"wp:featuredmedia":[{"embeddable":true,"href":"https:\/\/www.mojevrijeme.hr\/magazin\/wp-json\/wp\/v2\/media\/72470"}],"wp:attachment":[{"href":"https:\/\/www.mojevrijeme.hr\/magazin\/wp-json\/wp\/v2\/media?parent=72468"}],"wp:term":[{"taxonomy":"category","embeddable":true,"href":"https:\/\/www.mojevrijeme.hr\/magazin\/wp-json\/wp\/v2\/categories?post=72468"},{"taxonomy":"post_tag","embeddable":true,"href":"https:\/\/www.mojevrijeme.hr\/magazin\/wp-json\/wp\/v2\/tags?post=72468"}],"curies":[{"name":"wp","href":"https:\/\/api.w.org\/{rel}","templated":true}]}}