{"id":72652,"date":"2023-05-03T08:49:17","date_gmt":"2023-05-03T06:49:17","guid":{"rendered":"https:\/\/www.mojevrijeme.hr\/magazin\/?p=72652"},"modified":"2023-05-03T09:03:12","modified_gmt":"2023-05-03T07:03:12","slug":"svekrva-mi-je-kcer-sopala-smecem-svadale-smo-se-danas-mi-je-zao","status":"publish","type":"post","link":"https:\/\/www.mojevrijeme.hr\/magazin\/2023\/05\/svekrva-mi-je-kcer-sopala-smecem-svadale-smo-se-danas-mi-je-zao\/","title":{"rendered":"&#8216;Svekrva mi je k\u0107er \u0161opala sme\u0107em. Sva\u0111ale smo se, danas mi je \u017eao&#8217;"},"content":{"rendered":"\n<p>&#8220;U malim sredinama nekad, jo\u0161 za Juge, nisu postojale jaslice. Budu\u0107i da smo suprug i ja \u017eivjeli u istoj ku\u0107i s njegovom majkom, bilo je prirodno da nam ona \u010duva dijete. Uostalom, svekrva je cijeli \u017eivot bila doma\u0107ica (tada je ve\u0107 primala mirovinu na pokojnog supruga) i nisam razmi\u0161ljala da bi se oko \u010duvanja mogao pojaviti problem. No, ubrzo se sve pretvorilo u sva\u0111u, moje suze i naposljetku \u010dak mr\u017enju&#8221;, govori nam gospo\u0111a Danica, koja je danas i sama baka dvoje unu\u010dadi.<\/p>\n\n\n\n<p>Rekla je potom kako je i ranije primijetila da svekrva ima prehrambene navike na koje se ona grozila \u2013 svinjska mast, suhomesnato, razne konzerve, bijeli \u0161e\u0107er, bijelo bra\u0161no, a keksi i napolitanke uvijek u ku\u0107i.<\/p>\n\n\n\n<p>&#8220;Znate \u0161to se u sedamdesetima jelo, bez obzira na salatu u vrtu &#8211; svinjetina, mesni doru\u010dak, pa\u0161tete, jaja na masti i jo\u0161 sa slaninom. Ja sam do\u0161la iz grada, mi u obitelji ipak nismo svaki jeli tako te\u0161ku hranu. Puno sam se educirala na porodiljnom i malenu nau\u010dila na povr\u0107e, neprera\u0111ene \u017eitarice, obi\u010dan jogurt, vo\u0107e.&#8221;<\/p><div id=\"mojev-353458246\" class=\"mojev-u-tekstu mojev-entity-placement\" style=\"margin-left: auto;margin-right: auto;text-align: center;\"><div class=\"mojev-adlabel\">oglas<\/div><div style=\"height: 250px;\"><script async src=\"https:\/\/pagead2.googlesyndication.com\/pagead\/js\/adsbygoogle.js?client=ca-pub-8106111766207173\"\r\n     crossorigin=\"anonymous\"><\/script>\r\n<!-- Prikazni 1 u tekstu -->\r\n<ins class=\"adsbygoogle\"\r\n     style=\"display:block\"\r\n     data-ad-client=\"ca-pub-8106111766207173\"\r\n     data-ad-slot=\"8535551207\"\r\n     data-ad-format=\"auto\"\r\n     data-full-width-responsive=\"true\"><\/ins>\r\n<script>\r\n     (adsbygoogle = window.adsbygoogle || []).push({});\r\n<\/script><\/div><\/div><br style=\"clear: both; display: block; float: none;\"\/>\n\n\n\n<p>&#8220;No, kad je svekrva po\u010dela \u010duvati na\u0161u Dunju, preko no\u0107i mi je upropastila sav trud. \u0160opala ju je svime \u0161to je <strong>ona<\/strong> mislila da treba. Pekla joj je jaja, kuhala bijeli instant griz s gomilom \u010dokolade po vrhu, radila pudinge, \u0161e\u0107erila \u010daj, davala vo\u0107ne jogurte pune \u0161e\u0107era, a u kuhinjskom sam ormari\u0107u jednom slu\u010dajno ugledala instant dje\u010dju hranu. Da ne pri\u010dam o slatki\u0161ima&#8221;, govori nam o svom razo\u010daranju.<\/p>\n\n\n\n<p>&#8220;Da ju \u0161opa sa svim tim primijetila sam najprije jer je malena odbijala ru\u010dak, a ja sam kuhala u pet ujutro da bi svaki dan zdravo ru\u010dali, budu\u0107i da se tada radilo od \u0161est do dva. Dugo sam \u010dupala kosu od muke i ispitivala svekrvu za\u0161to dijete vi\u0161e ni\u0161ta normalno ne jede, a ona mi je u po\u010detku lagala da nema pojma. Dijete je po\u010delo odbijati svu hranu na koju je bilo naviklo i jednom sam toliko poludjela da sam joj otvorila sve ormari\u0107e u kuhinju, pobacala na pod svu hranu koja mi se u\u010dila totalnim sme\u0107em, i zaprijetila joj da to vi\u0161e nikad ne \u017eelim vidjeti&#8221;, iskreno je ispri\u010dala gospo\u0111a Danica.<\/p>\n\n\n\n<h3 class=\"wp-block-heading\">Suprug je zatvarao o\u010di<\/h3>\n\n\n\n<p>Pitali smo na\u0161u sugovornicu za\u0161to sama nije pripremala obroke za k\u0107er i nosila ih svaki dan k svekrvi. &#8220;Ma ostavljala sam ja hranu za malenu, obi\u010dno kakve \u017eitarice bez bijelog \u0161e\u0107era za doru\u010dak, vo\u0107e i najobi\u010dniji jogurt za kasnije, s napomenom da \u0107e malena u 15 ru\u010dati sa mnom i suprugom, ali sve uzalud. Za svekrvu je to bilo u\u017easno pretjerivanje, ona je stalno ponavljala da su njezina djeca odrasla na pravoj jakoj seoskoj hrani i da su zdrava. Kad je vidjela primjerice avokado ismijavala me i pravila se da pada u nesvijest.<\/p>\n\n\n\n\n\n<p>Govorila mi je da djetetu mora dati ne\u0161to konkretno i ono \u0161to voli, a ne bezokusne pahuljice koje ni svinje ne bi jele. A \u0161to dijete voli, pitam vas. Pa naravno da \u0107e umjesto integralnih \u017eitarica i jogurta radije pojesti slatki puding, to uop\u0107e nije upitno&#8221;, rekla je.<\/p>\n\n\n\n<p>Najgore joj je, nastavila je pri\u010dati, padalo to \u0161to je svekrva djetetu potpuno promijenila prehrambene navike, pa ona vi\u0161e nije uspijevala ni u ostatku dana, ni vikendom, djevoj\u010dicu nahraniti povr\u0107em koje je do tada jela. &#8220;Tikvice, zelena salata, krem juhe, na sve je po\u010dela govoriti &#8216;bljak. Ja sam se zamalo \u017eiva pojela, vikala sam \u010dak i pred uplakanim djetetom na svekrvu. Duboko u sebi sam znala da je svekrva uvjerena da je u pravu, i da je trpjela zbog mog vje\u010ditog negodovanja, ali me ljutnja tjerala na sve ve\u0107i razdor.<\/p>\n\n\n\n<p>Najbolje bi bilo da smo odselili, ali nismo imali novaca. A uzeti dadilju, to bi na selu u to vrijeme bila sramota za obitelj, suprug to nije podr\u017eao. On je radije zatvarao o\u010di, uz pokoju molbu upu\u0107enu svojoj majci da mi ne prkosi, i meni da se prestanem sva\u0111ati jer njegova mama ima najbolje namjere i djetetu ne\u0107e biti ni\u0161ta ako pojede malo \u0161peka ili napolitanki&#8221;, govori nam.<\/p>\n\n\n\n<h3 class=\"wp-block-heading\">&#8216;Danas mi je \u017eao&#8217;<\/h3>\n\n\n\n<p>Imala je, ka\u017ee, prijateljicu u gradu s kojom je \u010desto razgovarala i zavidjela joj \u0161to ona svoju djecu mo\u017ee ostaviti u jaslicama. &#8220;A ona je meni s druge strane svako malo ponavljala da bi dala sve da ima bar nekog od baka i djedova pri ruci da joj \u010duvaju tako malo djecu&#8221;, istaknula je na\u0161a sugovornica.<\/p>\n\n\n\n<p>Kad je njihova Dunja s tri godine krenula u vrti\u0107, ka\u017ee nam, sve je krenulo nabolje, ali ona je dotad ve\u0107 zamrzila svekrvu, a mr\u017enja je zatomila zahvalnost. <\/p>\n\n\n\n<p>&#8220;\u017divot nam je pro\u0161ao u korektnom odnosu, ali nikad tu nije bilo srda\u010dnosti. Danas mi je \u017eao zbog toga, u onih \u0161est mjeseci njezine bolesti prije smrti, kad sam ju njegovala, shvatila sam koliko ju \u017eivot nije mazio. Bila je udovica gotovo 30 godina, a sve te godine ja sam \u017eivjela pod njezinim krovom i samo je podnosila. Mogle smo koji put popiti kavu u vrtu, ali trebala su mi desetlje\u0107a \u017eivotnog iskustva da shvatim kakvo zlo donosi tjeranje netrpeljivosti&#8221;, zaklju\u010dila je gospo\u0111a Danica i poslala nam time sna\u017enu pouku za \u017eivot.<\/p>\n\n\n\n<div id=\"crveno\"><\/p>\n\n\n\n<h3 class=\"wp-block-heading\">Zanima nas va\u0161a pri\u010da<\/h3>\n\n\n\n<p>\u017delite li i vi, posve anonimno, podijeliti svoje iskustvo i vi\u0111enje ove teme s nama i na\u0161im \u010ditateljima, mo\u017eete to u\u010diniti putem web obrasca <a rel=\"noreferrer noopener\" href=\"https:\/\/www.mojevrijeme.hr\/magazin\/povjerljivo\/\" target=\"_blank\">Povjerljivo<\/a>. Napi\u0161ite svoju pri\u010du!<\/p>\n\n\n\n<p><\/div>\n<div id=\"mojev-1902795765\" class=\"mojev-kraj-teksta mojev-entity-placement\" style=\"margin-bottom: 20px;margin-left: auto;margin-right: auto;text-align: center;\"><div class=\"mojev-adlabel\">oglas<\/div><div style=\"height: 250px;\"><script async src=\"https:\/\/pagead2.googlesyndication.com\/pagead\/js\/adsbygoogle.js?client=ca-pub-8106111766207173\"\r\n     crossorigin=\"anonymous\"><\/script>\r\n<!-- Display-1 -->\r\n<ins class=\"adsbygoogle\"\r\n     style=\"display:block\"\r\n     data-ad-client=\"ca-pub-8106111766207173\"\r\n     data-ad-slot=\"1465712950\"\r\n     data-ad-format=\"auto\"\r\n     data-full-width-responsive=\"true\"><\/ins>\r\n<script>\r\n     (adsbygoogle = window.adsbygoogle || []).push({});\r\n<\/script><\/div><\/div>","protected":false},"excerpt":{"rendered":"<p>I dok se uo\u010di udaje sasvim dobro slagala sa svekrvom te \u010dak pristala do\u0107i \u017eivjeti u njezinu ku\u0107u, nakon porodiljnog je gospo\u0111a Danica po\u010dela \u017eivjeti obiteljsku dramu. Kako je ova danas 75-godi\u0161njakinja ispri\u010dala za Moje Vrijeme, te\u0161ko se kao mlada \u017eena, koja je iz velegrada do\u0161la \u017eivjeti na selo, prilago\u0111avala novoj sredini, osobito mentalitetu. I sve bi, ka\u017ee, nekako prihvatila da joj svekrva nije po\u010dela provoditi vlastita uvjerenja nad k\u0107erkicom.<\/p>\n","protected":false},"author":15,"featured_media":72731,"comment_status":"closed","ping_status":"closed","sticky":false,"template":"","format":"standard","meta":{"footnotes":""},"categories":[2],"tags":[3437,42,3374,3373],"class_list":["post-72652","post","type-post","status-publish","format-standard","has-post-thumbnail","hentry","category-mozaik","tag-obiteljski-odnosi","tag-prehrana","tag-snahe","tag-svekrve"],"_links":{"self":[{"href":"https:\/\/www.mojevrijeme.hr\/magazin\/wp-json\/wp\/v2\/posts\/72652","targetHints":{"allow":["GET"]}}],"collection":[{"href":"https:\/\/www.mojevrijeme.hr\/magazin\/wp-json\/wp\/v2\/posts"}],"about":[{"href":"https:\/\/www.mojevrijeme.hr\/magazin\/wp-json\/wp\/v2\/types\/post"}],"author":[{"embeddable":true,"href":"https:\/\/www.mojevrijeme.hr\/magazin\/wp-json\/wp\/v2\/users\/15"}],"replies":[{"embeddable":true,"href":"https:\/\/www.mojevrijeme.hr\/magazin\/wp-json\/wp\/v2\/comments?post=72652"}],"version-history":[{"count":0,"href":"https:\/\/www.mojevrijeme.hr\/magazin\/wp-json\/wp\/v2\/posts\/72652\/revisions"}],"wp:featuredmedia":[{"embeddable":true,"href":"https:\/\/www.mojevrijeme.hr\/magazin\/wp-json\/wp\/v2\/media\/72731"}],"wp:attachment":[{"href":"https:\/\/www.mojevrijeme.hr\/magazin\/wp-json\/wp\/v2\/media?parent=72652"}],"wp:term":[{"taxonomy":"category","embeddable":true,"href":"https:\/\/www.mojevrijeme.hr\/magazin\/wp-json\/wp\/v2\/categories?post=72652"},{"taxonomy":"post_tag","embeddable":true,"href":"https:\/\/www.mojevrijeme.hr\/magazin\/wp-json\/wp\/v2\/tags?post=72652"}],"curies":[{"name":"wp","href":"https:\/\/api.w.org\/{rel}","templated":true}]}}