{"id":72662,"date":"2023-05-02T13:32:59","date_gmt":"2023-05-02T11:32:59","guid":{"rendered":"https:\/\/www.mojevrijeme.hr\/magazin\/?p=72662"},"modified":"2023-05-02T18:21:50","modified_gmt":"2023-05-02T16:21:50","slug":"petrovic-umirovljenike-cemo-izvesti-na-ulice-objavljen-je-rat","status":"publish","type":"post","link":"https:\/\/www.mojevrijeme.hr\/magazin\/2023\/05\/petrovic-umirovljenike-cemo-izvesti-na-ulice-objavljen-je-rat\/","title":{"rendered":"Petrovi\u0107: &#8216;Umirovljenike \u0107emo izvesti na ceste, objavljen je rat!&#8217;"},"content":{"rendered":"\n<p>Vladina najava sni\u017eavanja doprinosa za 1. mirovinski stup, a kako bi se potaknuo rast neto pla\u0107e, u ovih je nekoliko dana nai\u0161ao na mahom negativne reakcije. O\u010dekivano, s planom ministra financija <strong>Marka Primorca<\/strong> zadovoljni su samo poslodavci i predstavnici obaveznih mirovinskih fondova \u010dijem biznisu Vlada RH na ovaj na\u010din izravno pogoduje. <\/p>\n\n\n\n<p>Sindikat umirovljenika Hrvatske (SUH) jasno se protivi pretvaranju mirovina u socijalnu pomo\u0107, \u0161to u razgovoru za MojeVrijeme.hr potvr\u0111uje i njegova predsjednica <strong>Jasna A. Petrovi\u0107<\/strong>.  &#8220;Jedan od ciljeva SUH-a je ja\u010danje 1. mirovinskog stupa pa je iz toga jasan i na\u0161 stav&#8221;, ka\u017ee. <\/p>\n\n\n\n<p>&#8220;Ovo je, zapravo, pitanje opstanka 2. mirovinskog stupa i usmjeravanja na daljnju privatizaciju mirovinskog sustava koju o\u010dito zagovara ministar financija. On je i otvoreno rekao da se 2. stup ne\u0107e dirati, dok mi mislimo da je uvjet kvalitetne reforme mirovinskog sustava priznavanje \u010dinjenice da je 2. stup sam sebe pokopao.&#8221;<\/p><div id=\"mojev-2640902821\" class=\"mojev-u-tekstu mojev-entity-placement\" style=\"margin-left: auto;margin-right: auto;text-align: center;\"><div class=\"mojev-adlabel\">oglas<\/div><div style=\"height: 250px;\"><script async src=\"https:\/\/pagead2.googlesyndication.com\/pagead\/js\/adsbygoogle.js?client=ca-pub-8106111766207173\"\r\n     crossorigin=\"anonymous\"><\/script>\r\n<!-- Prikazni 1 u tekstu -->\r\n<ins class=\"adsbygoogle\"\r\n     style=\"display:block\"\r\n     data-ad-client=\"ca-pub-8106111766207173\"\r\n     data-ad-slot=\"8535551207\"\r\n     data-ad-format=\"auto\"\r\n     data-full-width-responsive=\"true\"><\/ins>\r\n<script>\r\n     (adsbygoogle = window.adsbygoogle || []).push({});\r\n<\/script><\/div><\/div><br style=\"clear: both; display: block; float: none;\"\/>\n\n\n\n<p>Petrovi\u0107 tako navodi da je u prva tri mjeseca ove godine \u010dak 84 posto novih umirovljenika, koji su to mogli u\u010diniti, pre\u0161lo u mirovinu samo iz 1. stupa. &#8220;Mirovina iz 2. stupa se isplati samo onima koji imaju jako visoke pla\u0107e, a njima ta Primor\u010deva pomo\u0107 ni ne treba&#8221;, navodi predsjednica Sindikata.<\/p>\n\n\n\n<h3 class=\"wp-block-heading\">\u017drtvovati mirovinu za malo ve\u0107u pla\u0107u?<\/h3>\n\n\n\n<p>Petrovi\u0107 se sla\u017ee s predsjednikom Nezavisnih hrvatskih sindikata, <a rel=\"noreferrer noopener\" href=\"https:\/\/www.mojevrijeme.hr\/magazin\/2023\/05\/vladin-plan-je-da-radnik-buducom-mirovinom-financira-povecanje-place\/\" data-type=\"post\" data-id=\"72644\" target=\"_blank\">Kre\u0161imirom Severom<\/a>, koji ka\u017ee da Vlada \u017eeli slo\u017eiti takvu situaciju u kojoj \u0107e radnici ne\u0161to ve\u0107u pla\u0107u platiti budu\u0107im mirovinama. <\/p>\n\n\n\n<p>&#8220;Trebamo otvoreno re\u0107i da Hrvatska od svih dr\u017eava nastalih na podru\u010dju biv\u0161e Jugoslavije ima najni\u017eu relativnu vrijednost mirovine. To je ono po \u010demu se prepoznaje vrijednost mirovine. Pro\u0161li mjesec je u Hrvatskoj prosje\u010dna mirovina vrijedila 35,45 posto prosje\u010dne pla\u0107e. Sindikalist Mladen Novosel je dobro rekao \u2013 radnik u trenutku kada ide u mirovinu mora prihvatiti da vrijedi samo 35 posto samog sebe.&#8221; <\/p>\n\n\n\n<p>Petrovi\u0107 obja\u0161njava \u00a0da je udio prosje\u010dne mirovine u pla\u0107i 62 posto u Sloveniji, 52 posto u Makedoniji, oko 48 do 50 posto u Srbiji i Crnoj Gori. Dodaje, \u010dak je i Bosna na 40 posto.<\/p>\n\n\n\n\n\n<p><\/p>\n\n\n\n<p>Ovo je, smatra Petrovi\u0107, samo nastavak pretvaranja mirovina u socijalnu pomo\u0107. &#8220;Na\u017ealost, to je po\u010delo s COVID dodacima, a nastavljeno je energetskim dodacima&#8221;, navodi Petrovi\u0107 i tvrdi da je povi\u0161ica mirovina jedini pravi na\u010din dizanja umirovljeni\u010dkog standarda.<\/p>\n\n\n\n<h3 class=\"wp-block-heading\">Umirovljenici nisu socijalni slu\u010dajevi<\/h3>\n\n\n\n<p>&#8220;Nismo za takav model socijalnih davanja kroz povremene naknade. Umjesto toga \u017eelimo kvalitetnije uskla\u0111ivanje mirovina s pla\u0107ama. Ovo \u0161to Vlada RH daje je \u010dista socijala i zato tra\u017eimo makar 13. mirovinu koja ne bi mogla biti zlorabljena za politi\u010dke igre kao sada\u0161nje naknade&#8221;, govori Petrovi\u0107. &#8220;S ovim \u0161to Vlada radi i \u0161to sada predla\u017ee ministar Primorac, poma\u017ee se socijali, ali se uni\u0161tava srednja klasa umirovljenika, a to su oni koji su zaradili mirovine.&#8221;<\/p>\n\n\n\n<h3 class=\"wp-block-heading\">Sindikati dogovaraju strategiju<\/h3>\n\n\n\n<p>Najistaknutija hrvatska umirovljeni\u010dka aktivistkinja ka\u017ee da je SUH krenuo u razgovore s radni\u010dkim sindikatima. &#8220;Ne\u0107emo dopustiti pr\u010dkanje po doprinosima, a pogotovo smo protiv ideja da se onima s ni\u017eim pla\u0107ama propisuje ni\u017ei doprinos. To bi zna\u010dilo stvaranje dr\u017eavne mirovine na razini socijale. Ne prihva\u0107amo to!&#8221;<\/p>\n\n\n\n<p>&#8220;Umjesto toga u javni stup treba vratiti pet posto pa neka u drugim stupovima \u0161tede oni koji to \u017eele i koliko \u017eele. Primor\u010deve ideje \u0107e samo potaknuti sivu ekonomiju u Hrvatskoj, a ona je ionako prevelika.&#8221; Sada\u0161nji i budu\u0107i umirovljenici mogu, ka\u017ee na\u0161a sugovornica, od svega o\u010dekivati veliku \u0161tetu, jer \u0107e malo novca biti u mirovinskom fondu.<\/p>\n\n\n\n<p>&#8220;I\u0107i \u0107emo na ceste ako treba. Dugo smo \u0161utjeli, dugo pregovarali, imali kvalitetan socijalni dijalog kroz Nacionalno vije\u0107e za umirovljenike i starije osobe te radne skupine kroz koje sudjelujemo na izradi raznih zakona. To je funkcioniralo jako dobro. Ali ovo sada je otvoreni rat&#8221;, zaklju\u010duje Petrovi\u0107.<\/p>\n<div id=\"mojev-3491618771\" class=\"mojev-kraj-teksta mojev-entity-placement\" style=\"margin-bottom: 20px;margin-left: auto;margin-right: auto;text-align: center;\"><div class=\"mojev-adlabel\">oglas<\/div><div style=\"height: 250px;\"><script async src=\"https:\/\/pagead2.googlesyndication.com\/pagead\/js\/adsbygoogle.js?client=ca-pub-8106111766207173\"\r\n     crossorigin=\"anonymous\"><\/script>\r\n<!-- Display-1 -->\r\n<ins class=\"adsbygoogle\"\r\n     style=\"display:block\"\r\n     data-ad-client=\"ca-pub-8106111766207173\"\r\n     data-ad-slot=\"1465712950\"\r\n     data-ad-format=\"auto\"\r\n     data-full-width-responsive=\"true\"><\/ins>\r\n<script>\r\n     (adsbygoogle = window.adsbygoogle || []).push({});\r\n<\/script><\/div><\/div>","protected":false},"excerpt":{"rendered":"<p>&#8216;Ne\u0107emo dopustiti pr\u010dkanje po doprinosima, a pogotovo smo protiv ideja da se onima s ni\u017eim pla\u0107ama propisuje ni\u017ei doprinos.&#8217;<\/p>\n","protected":false},"author":10,"featured_media":30430,"comment_status":"closed","ping_status":"closed","sticky":false,"template":"","format":"standard","meta":{"footnotes":""},"categories":[9],"tags":[1840,684,18,1116,167],"class_list":["post-72662","post","type-post","status-publish","format-standard","has-post-thumbnail","hentry","category-vijesti","tag-doprinosi","tag-jasna-petrovic","tag-mirovine","tag-mirovinska-reforma","tag-sindikat-umirovljenika"],"_links":{"self":[{"href":"https:\/\/www.mojevrijeme.hr\/magazin\/wp-json\/wp\/v2\/posts\/72662","targetHints":{"allow":["GET"]}}],"collection":[{"href":"https:\/\/www.mojevrijeme.hr\/magazin\/wp-json\/wp\/v2\/posts"}],"about":[{"href":"https:\/\/www.mojevrijeme.hr\/magazin\/wp-json\/wp\/v2\/types\/post"}],"author":[{"embeddable":true,"href":"https:\/\/www.mojevrijeme.hr\/magazin\/wp-json\/wp\/v2\/users\/10"}],"replies":[{"embeddable":true,"href":"https:\/\/www.mojevrijeme.hr\/magazin\/wp-json\/wp\/v2\/comments?post=72662"}],"version-history":[{"count":0,"href":"https:\/\/www.mojevrijeme.hr\/magazin\/wp-json\/wp\/v2\/posts\/72662\/revisions"}],"wp:featuredmedia":[{"embeddable":true,"href":"https:\/\/www.mojevrijeme.hr\/magazin\/wp-json\/wp\/v2\/media\/30430"}],"wp:attachment":[{"href":"https:\/\/www.mojevrijeme.hr\/magazin\/wp-json\/wp\/v2\/media?parent=72662"}],"wp:term":[{"taxonomy":"category","embeddable":true,"href":"https:\/\/www.mojevrijeme.hr\/magazin\/wp-json\/wp\/v2\/categories?post=72662"},{"taxonomy":"post_tag","embeddable":true,"href":"https:\/\/www.mojevrijeme.hr\/magazin\/wp-json\/wp\/v2\/tags?post=72662"}],"curies":[{"name":"wp","href":"https:\/\/api.w.org\/{rel}","templated":true}]}}