{"id":72762,"date":"2023-05-03T15:03:43","date_gmt":"2023-05-03T13:03:43","guid":{"rendered":"https:\/\/www.mojevrijeme.hr\/magazin\/?p=72762"},"modified":"2023-05-03T15:48:15","modified_gmt":"2023-05-03T13:48:15","slug":"dubravka-ugresic-bila-je-sigurna-u-svoju-odluku-otisla-je-s-pjesmom","status":"publish","type":"post","link":"https:\/\/www.mojevrijeme.hr\/magazin\/2023\/05\/dubravka-ugresic-bila-je-sigurna-u-svoju-odluku-otisla-je-s-pjesmom\/","title":{"rendered":"Dubravka Ugre\u0161i\u0107 bila je sigurna u svoju odluku, oti\u0161la je s pjesmom"},"content":{"rendered":"\n<p>Objavljeni su detalji smrti Dubravke Ugre\u0161i\u0107 koja je okru\u017eena obitelji i brojnim prijateljima, uz zvuke gitare i pjesmu, \u0161ampanjac i tortu, oti\u0161la s ovoga svijeta 17. o\u017eujka u Amsterdamu. Kako je za tjednik <a rel=\"noreferrer noopener\" href=\"https:\/\/www.portalnovosti.com\/dubravkina-bolest-i-smrt\" target=\"_blank\">Novosti<\/a> potvrdio njen brat, <strong>Sini\u0161a Ugre\u0161i\u0107<\/strong>, jedna od najve\u0107ih hrvatskih knji\u017eevnica odabrala je eutanaziju kao najprihvatljiviji na\u010din zavr\u0161etka duge borbe s neizlje\u010divom bolesti. Na nju je imala pravo s obzirom na to da je od 2004. godine bila dr\u017eavljanka Nizozemske.<\/p>\n\n\n\n<p>&#8220;Dubravki je dijagnosticiran rak dojke krajem ljeta 2017. U Zagrebu, u Institutu za tumore. Uslijedila je radikalna operacija, i sve u svemu, u prvo vrijeme je izgledalo da je izlije\u010dena. U ljeto 2018. u Amsterdamu na redovnoj kontroli utvr\u0111eno je da se bolest pro\u0161irila na kosti. Ipak, sve se dr\u017ealo dosta dobro pod kontrolom uz oralne citostatike i Dubravka je funkcionirala relativno dobro&#8221;, kazao je Sini\u0161a Ugre\u0161i\u0107. <\/p>\n\n\n\n<p>No bolest se pro\u0161irila i na mozak te je knji\u017eevnica po\u010dela dobivati epilepti\u010dke napade. Nije bila sklona palijativnoj njezi u ku\u0107i, ni ideja o hospiciju nije joj se svidjela pa je u kona\u010dnici umrla u nizozemskoj bolnici u kojoj se lije\u010dila.<\/p><div id=\"mojev-2708989919\" class=\"mojev-u-tekstu mojev-entity-placement\" style=\"margin-left: auto;margin-right: auto;text-align: center;\"><div class=\"mojev-adlabel\">oglas<\/div><div style=\"height: 250px;\"><script async src=\"https:\/\/pagead2.googlesyndication.com\/pagead\/js\/adsbygoogle.js?client=ca-pub-8106111766207173\"\r\n     crossorigin=\"anonymous\"><\/script>\r\n<!-- Prikazni 1 u tekstu -->\r\n<ins class=\"adsbygoogle\"\r\n     style=\"display:block\"\r\n     data-ad-client=\"ca-pub-8106111766207173\"\r\n     data-ad-slot=\"8535551207\"\r\n     data-ad-format=\"auto\"\r\n     data-full-width-responsive=\"true\"><\/ins>\r\n<script>\r\n     (adsbygoogle = window.adsbygoogle || []).push({});\r\n<\/script><\/div><\/div><br style=\"clear: both; display: block; float: none;\"\/>\n\n\n\n<p>&#8220;U pola jedan je do\u0161la Nik\u00e8 B\u00fcller, Dubravkina onkologica. Lije\u010dila je Dubravku posljednjih godina. Voljela je njene knjige i bila je s njom bliska. Ona je medicinski svjedo\u010dila da je Dubravka svojevoljno i svojeru\u010dno, pri potpunoj razboritosti, zatra\u017eila da bude podvrgnuta eutanaziji. Medicinska sestra je Dubravki dala infuziju oko pola jedan, i tada smo jo\u0161 uvijek svi bili tu uz nju i pjevali uz Esmira. Infuzija je i\u0161la preko kanile na ruci, trajalo je \u010detrdesetak minuta&#8221;, rije\u010di su brata pokojne Dubravke.<\/p>\n\n\n\n\n\n<p><\/p>\n\n\n\n<p>&#8220;Malo prije 14 sati je doktorica B\u00fcller u\u0161la u Dubravkinu sobu, zamolila je da sobu napuste svi osim troje. To troje smo bili svjedoci: Maja Vodopivec, Angela Dekker i ja. Pitala ju je da li je i dalje sigurna u svoju odluku. Dubravka je potvrdila a doktorica joj je rekla da su puno o ovom trenutku razgovarale, i da se ona sla\u017ee sa Dubravkom da je do\u0161ao taj trenutak. Nakon toga, u 13 sati i 55 minuta uslijedila je u istu onu kanilu injekcija sredstva za duboko uspavljivanje. Duboki san nastupa u roku od dvije minute i \u010desto pacijenti preminu ve\u0107 od te injekcije. Onda uslijedi injekcija za opu\u0161tanje svih mi\u0161i\u0107a, kao i sr\u010danog mi\u0161i\u0107a. Dubravka je preminula ve\u0107 od injekcije za duboki san&#8221;, potvrdio je Sini\u0161a Ugre\u0161i\u0107.<\/p>\n\n\n\n<p>&#8220;U oporuci je moja sestra napisala \u017eelju da bude kremirana, da joj se pepeo prospe po amsterdamskim kanalima. Oporuka je deponirana kod javnog bilje\u017enika Meijera, tamo je zapisano sve \u0161to je \u017eeljela, i to \u0107e biti sve ispunjeno. Urna jo\u0161 nije gotova, to u Holandiji traje du\u017ee od mjesec dana. U ponedjeljak \u0107u po\u0107i u Samobor, da mi na\u0161a divna kamenoreza\u010dica Jelena Luci\u0107 od crnog granita napravi plo\u010du koju \u0107u postaviti na na\u0161u grobnicu na Mirogoju. Na njoj \u0107e biti samo slova i brojke: Dubravka Ugre\u0161i\u0107 1949 \u2013 2023.&#8221;, rije\u010di su knji\u017eevni\u010dina brata objavljene u <a href=\"https:\/\/www.portalnovosti.com\/dubravkina-bolest-i-smrt\" target=\"_blank\" rel=\"noreferrer noopener\">Novostima<\/a>.<\/p>\n<div id=\"mojev-3159686648\" class=\"mojev-kraj-teksta mojev-entity-placement\" style=\"margin-bottom: 20px;margin-left: auto;margin-right: auto;text-align: center;\"><div class=\"mojev-adlabel\">oglas<\/div><div style=\"height: 250px;\"><script async src=\"https:\/\/pagead2.googlesyndication.com\/pagead\/js\/adsbygoogle.js?client=ca-pub-8106111766207173\"\r\n     crossorigin=\"anonymous\"><\/script>\r\n<!-- Display-1 -->\r\n<ins class=\"adsbygoogle\"\r\n     style=\"display:block\"\r\n     data-ad-client=\"ca-pub-8106111766207173\"\r\n     data-ad-slot=\"1465712950\"\r\n     data-ad-format=\"auto\"\r\n     data-full-width-responsive=\"true\"><\/ins>\r\n<script>\r\n     (adsbygoogle = window.adsbygoogle || []).push({});\r\n<\/script><\/div><\/div>","protected":false},"excerpt":{"rendered":"<p>Nije bila sklona palijativnoj njezi u ku\u0107i, ni ideja o hospiciju nije joj se svidjela pa je u kona\u010dnici umrla u nizozemskoj bolnici u kojoj se lije\u010dila.<\/p>\n","protected":false},"author":1,"featured_media":72763,"comment_status":"closed","ping_status":"closed","sticky":false,"template":"","format":"standard","meta":{"footnotes":""},"categories":[2],"tags":[3465,326],"class_list":["post-72762","post","type-post","status-publish","format-standard","has-post-thumbnail","hentry","category-mozaik","tag-dubravka-ugresic","tag-eutanazija"],"_links":{"self":[{"href":"https:\/\/www.mojevrijeme.hr\/magazin\/wp-json\/wp\/v2\/posts\/72762","targetHints":{"allow":["GET"]}}],"collection":[{"href":"https:\/\/www.mojevrijeme.hr\/magazin\/wp-json\/wp\/v2\/posts"}],"about":[{"href":"https:\/\/www.mojevrijeme.hr\/magazin\/wp-json\/wp\/v2\/types\/post"}],"author":[{"embeddable":true,"href":"https:\/\/www.mojevrijeme.hr\/magazin\/wp-json\/wp\/v2\/users\/1"}],"replies":[{"embeddable":true,"href":"https:\/\/www.mojevrijeme.hr\/magazin\/wp-json\/wp\/v2\/comments?post=72762"}],"version-history":[{"count":0,"href":"https:\/\/www.mojevrijeme.hr\/magazin\/wp-json\/wp\/v2\/posts\/72762\/revisions"}],"wp:featuredmedia":[{"embeddable":true,"href":"https:\/\/www.mojevrijeme.hr\/magazin\/wp-json\/wp\/v2\/media\/72763"}],"wp:attachment":[{"href":"https:\/\/www.mojevrijeme.hr\/magazin\/wp-json\/wp\/v2\/media?parent=72762"}],"wp:term":[{"taxonomy":"category","embeddable":true,"href":"https:\/\/www.mojevrijeme.hr\/magazin\/wp-json\/wp\/v2\/categories?post=72762"},{"taxonomy":"post_tag","embeddable":true,"href":"https:\/\/www.mojevrijeme.hr\/magazin\/wp-json\/wp\/v2\/tags?post=72762"}],"curies":[{"name":"wp","href":"https:\/\/api.w.org\/{rel}","templated":true}]}}