{"id":72769,"date":"2023-05-03T16:21:11","date_gmt":"2023-05-03T14:21:11","guid":{"rendered":"https:\/\/www.mojevrijeme.hr\/magazin\/?p=72769"},"modified":"2023-05-03T16:21:44","modified_gmt":"2023-05-03T14:21:44","slug":"niposto-mirovine-nisu-ugrozene-tvrdi-ministar-piletic","status":"publish","type":"post","link":"https:\/\/www.mojevrijeme.hr\/magazin\/2023\/05\/niposto-mirovine-nisu-ugrozene-tvrdi-ministar-piletic\/","title":{"rendered":"Nipo\u0161to! Mirovine nisu ugro\u017eene, tvrdi ministar Pileti\u0107"},"content":{"rendered":"\n<p>&#8220;Nipo\u0161to mirovine nisu ugro\u017eene&#8221;, kazao je danas ministar mirovinskog sustava <strong>Marin Pileti<\/strong>\u0107 uo\u010di radnog ru\u010dka u organizaciji HUP &#8211; Udruge malih i srednjih poduzetnika. Ministar je novinare podsjetio na dosada\u0161nji rast mirovina. <\/p>\n\n\n\n<p>Ka\u017ee, osnovana je radna skupina koja \u0107e temeljito propitati dodatne mogu\u0107nosti za unaprje\u0111enje mirovinskog sustava, s ciljem konstantnog pove\u0107anja mirovina za sve. Novinari su ga pitali ho\u0107e li se smanjivati doprinosi za mirovine, te u tom slu\u010daju ima li se u planu neka supstitucija, a Pileti\u0107 je odgovorio potvrdno na oba pitanja.<\/p>\n\n\n\n<p>&#8220;Kada ministar financija bude spreman iza\u0107i u javnost sa svim konkretnim potezima i najavama \u0161to je mislio po pitanju smanjenja doprinosa za mirovinsko osiguranje, a podsjetit \u0107u da je spomenuo samo mogu\u0107u modifikaciju stope za prvi stup, onda \u0107e vam sve biti jasno&#8221;, izjavio je Pileti\u0107.<\/p><div id=\"mojev-1674809695\" class=\"mojev-u-tekstu mojev-entity-placement\" style=\"margin-left: auto;margin-right: auto;text-align: center;\"><div class=\"mojev-adlabel\">oglas<\/div><div style=\"height: 250px;\"><script async src=\"https:\/\/pagead2.googlesyndication.com\/pagead\/js\/adsbygoogle.js?client=ca-pub-8106111766207173\"\r\n     crossorigin=\"anonymous\"><\/script>\r\n<!-- Prikazni 1 u tekstu -->\r\n<ins class=\"adsbygoogle\"\r\n     style=\"display:block\"\r\n     data-ad-client=\"ca-pub-8106111766207173\"\r\n     data-ad-slot=\"8535551207\"\r\n     data-ad-format=\"auto\"\r\n     data-full-width-responsive=\"true\"><\/ins>\r\n<script>\r\n     (adsbygoogle = window.adsbygoogle || []).push({});\r\n<\/script><\/div><\/div><br style=\"clear: both; display: block; float: none;\"\/>\n<div id=\"mojev-4199729559\" class=\"mojev-kraj-teksta mojev-entity-placement\" style=\"margin-bottom: 20px;margin-left: auto;margin-right: auto;text-align: center;\"><div class=\"mojev-adlabel\">oglas<\/div><div style=\"height: 250px;\"><script async src=\"https:\/\/pagead2.googlesyndication.com\/pagead\/js\/adsbygoogle.js?client=ca-pub-8106111766207173\"\r\n     crossorigin=\"anonymous\"><\/script>\r\n<!-- Display-1 -->\r\n<ins class=\"adsbygoogle\"\r\n     style=\"display:block\"\r\n     data-ad-client=\"ca-pub-8106111766207173\"\r\n     data-ad-slot=\"1465712950\"\r\n     data-ad-format=\"auto\"\r\n     data-full-width-responsive=\"true\"><\/ins>\r\n<script>\r\n     (adsbygoogle = window.adsbygoogle || []).push({});\r\n<\/script><\/div><\/div>","protected":false},"excerpt":{"rendered":"<p>&#8216;Doprinosi trenutno pokrivaju 61 posto isplata za mirovine, \u0161to predstavlja porast, a koji se mo\u017ee zahvaliti ve\u0107im pla\u0107ama&#8217;, tvrdi ministar. <\/p>\n","protected":false},"author":1,"featured_media":60374,"comment_status":"closed","ping_status":"closed","sticky":false,"template":"","format":"standard","meta":{"footnotes":""},"categories":[9],"tags":[1840,3231,18,1116],"class_list":["post-72769","post","type-post","status-publish","format-standard","has-post-thumbnail","hentry","category-vijesti","tag-doprinosi","tag-marin-piletic","tag-mirovine","tag-mirovinska-reforma"],"_links":{"self":[{"href":"https:\/\/www.mojevrijeme.hr\/magazin\/wp-json\/wp\/v2\/posts\/72769","targetHints":{"allow":["GET"]}}],"collection":[{"href":"https:\/\/www.mojevrijeme.hr\/magazin\/wp-json\/wp\/v2\/posts"}],"about":[{"href":"https:\/\/www.mojevrijeme.hr\/magazin\/wp-json\/wp\/v2\/types\/post"}],"author":[{"embeddable":true,"href":"https:\/\/www.mojevrijeme.hr\/magazin\/wp-json\/wp\/v2\/users\/1"}],"replies":[{"embeddable":true,"href":"https:\/\/www.mojevrijeme.hr\/magazin\/wp-json\/wp\/v2\/comments?post=72769"}],"version-history":[{"count":0,"href":"https:\/\/www.mojevrijeme.hr\/magazin\/wp-json\/wp\/v2\/posts\/72769\/revisions"}],"wp:featuredmedia":[{"embeddable":true,"href":"https:\/\/www.mojevrijeme.hr\/magazin\/wp-json\/wp\/v2\/media\/60374"}],"wp:attachment":[{"href":"https:\/\/www.mojevrijeme.hr\/magazin\/wp-json\/wp\/v2\/media?parent=72769"}],"wp:term":[{"taxonomy":"category","embeddable":true,"href":"https:\/\/www.mojevrijeme.hr\/magazin\/wp-json\/wp\/v2\/categories?post=72769"},{"taxonomy":"post_tag","embeddable":true,"href":"https:\/\/www.mojevrijeme.hr\/magazin\/wp-json\/wp\/v2\/tags?post=72769"}],"curies":[{"name":"wp","href":"https:\/\/api.w.org\/{rel}","templated":true}]}}