{"id":72786,"date":"2023-05-03T21:25:21","date_gmt":"2023-05-03T19:25:21","guid":{"rendered":"https:\/\/www.mojevrijeme.hr\/magazin\/?p=72786"},"modified":"2023-05-03T21:28:55","modified_gmt":"2023-05-03T19:28:55","slug":"6-savjeta-kako-izgledati-zanosno-nakon-sezdesete","status":"publish","type":"post","link":"https:\/\/www.mojevrijeme.hr\/magazin\/2023\/05\/6-savjeta-kako-izgledati-zanosno-nakon-sezdesete\/","title":{"rendered":"6 savjeta kako izgledati zanosno u ozbiljnim godinama"},"content":{"rendered":"\n<p>Dok po\u010dinjem pisati, upravo sam podigla o\u010di s inspirativnog modnog \u010dasopisa. Onog koji prikazuje prekrasne mlade \u017eene s dugim nogama pod dobrim osvjetljenjem, sa stru\u010dno nanesenom \u0161minkom. One nose fantasti\u010dnu odje\u0107u s cijenama koje mogu podmiriti samo ako dignem hipoteku na ku\u0107u. Inspirativno? Vratit \u0107u se na to.<\/p>\n\n\n\n<p>I dalje volim razigranost mode i fotografije. Uz malo razboritosti, mogu jo\u0161 uvijek izgledati izvrsno. &#8220;Vra\u0161ki izvrsno!&#8221; Ovo si ponavljate pred zrcalom uz vragolasto namje\u0161teni osmijeh. Zato \u0107u s vama podijeliti nekoliko brzih savjeta za izgledati i osje\u0107ati se dobro u svojim \u0161ezdesetima. Molim vas, posebno pro\u010ditajte prva dva savjeta. Oni su klju\u010dni za digitalni svijet u kojem \u017eivimo. <\/p>\n\n\n\n<h3 class=\"wp-block-heading\">1. Gledajte prema gore kad snimate <em>selfije<\/em><\/h3>\n\n\n\n<p>Kako ne biste izgledali dekadu starije na fotografijama i videima koje \u0107ete objaviti na dru\u0161tvenim mre\u017eama, podignite telefon tako da kamera gleda dolje prema vama, umjesto odozdo prema naborima na va\u0161em vratu!<\/p><div id=\"mojev-2498455181\" class=\"mojev-u-tekstu mojev-entity-placement\" style=\"margin-left: auto;margin-right: auto;text-align: center;\"><div class=\"mojev-adlabel\">oglas<\/div><div style=\"height: 250px;\"><script async src=\"https:\/\/pagead2.googlesyndication.com\/pagead\/js\/adsbygoogle.js?client=ca-pub-8106111766207173\"\r\n     crossorigin=\"anonymous\"><\/script>\r\n<!-- Prikazni 1 u tekstu -->\r\n<ins class=\"adsbygoogle\"\r\n     style=\"display:block\"\r\n     data-ad-client=\"ca-pub-8106111766207173\"\r\n     data-ad-slot=\"8535551207\"\r\n     data-ad-format=\"auto\"\r\n     data-full-width-responsive=\"true\"><\/ins>\r\n<script>\r\n     (adsbygoogle = window.adsbygoogle || []).push({});\r\n<\/script><\/div><\/div><br style=\"clear: both; display: block; float: none;\"\/>\n\n\n\n<h3 class=\"wp-block-heading\">2. Pa\u017eljivo promislite video razgovore<\/h3>\n\n\n\n<p>Stavite prijenosno ra\u010dunalo na kutiju ili hrpu knjiga kada ste na <em>Skypeu<\/em> ili <em>Zoomu<\/em>. To \u010dini veliku razliku jer \u0107e u fokusu, umjesto nosnica, biti va\u0161e prelijepe o\u010di. <\/p>\n\n\n\n<h3 class=\"wp-block-heading\">3. Saznajte svoje boje<\/h3>\n\n\n\n<p>Doznajte koje su va\u0161e boje ili ih ponovno odredite. Ja sam svoje saznala u svojim tridesetima na sun\u010danom Novom Zelandu. Klasificirana sam kao proljetni tip kojem odgovaraju sve tople i \u017eivahne boje. No tada sam imala preplanuli ten, a i ko\u017ea mi se u me\u0111uvremenu promijenila. 25 godina kasnije upoznala  sam savjetnicu za boje u jednoj trgovini u Edinburghu, naravno bez preplanule ko\u017ee. Nije se slo\u017eila sa prethodnom dijagnozom. Odredila me je kao ljetni tip kojem odgovaraju hladnije ljetne nijanse. Revolucija! Odjednom sam mogla prona\u0107i pravu nijansu ru\u017ea za usne i osje\u0107ala sam se uskla\u0111eno sa svojom odje\u0107om, umjesto da poku\u0161avam uhvatiti korak s njom.<\/p>\n\n\n\n<h3 class=\"wp-block-heading\">4. Prona\u0111ite pravu nijansu ru\u017ea za usne<\/h3>\n\n\n\n<p>Ru\u017e za usne nije \u0161ala. Pronalazak prave nijanse prema dobu godine i dana \u010dini da moje lice i odje\u0107a izgledaju najbolje. Za mene su to obi\u010dno jake i\/ili duboke boje. Barem tako mislim prema odrazu u zrcalu, a ljudi mi \u010desto govore da dobro izgledam.<\/p>\n\n\n\n<h3 class=\"wp-block-heading\">5. Koristite prirodne proizvode <\/h3>\n\n\n\n<p>Predla\u017eem da napravite promjenu na\u010dina \u017eivota i pre\u0111ete na prirodne proizvode, kako iznutra tako i izvana. Razmislite o tome, ko\u017ea je iznimno va\u017ean organ za za\u0161titu i detoksikaciju. Za\u0161to ignorirati ovu \u010dinjenicu i koristiti kreme i kozmetiku od petrokemijskih tvari, uklju\u010duju\u0107i umjetne boje i parfeme koji su slabo testirani i ne postoje u prirodnom okru\u017eenju u kojem smo se razvijali?<\/p>\n\n\n\n<p>Na tr\u017ei\u0161tu se pojavljuje sve vi\u0161e prirodnih proizvoda koji su ugodni na ko\u017ei i sjajno miri\u0161u. Birajte obroke bez aditiva, napravljene od jednostavnih cjelovitih namirnica. To bi moglo biti najbolje \u0161to mo\u017eete u\u010diniti za svoj izgled. Mo\u017eda je va\u017enost dobre prehrane u rangu s vje\u017ebanjem i zaljubljivanjem, a bez sumnje pobolj\u0161ava napredak u oba slu\u010daja!<\/p>\n\n\n\n<h3 class=\"wp-block-heading\">6. Inspirirajte se i izgledajte vra\u0161ki dobro!<\/h3>\n\n\n\n<p>Za\u0161to nalazim dobre modne \u010dasopise inspirativnima? Zato \u0161to mi hrane ma\u0161tu. &#8220;Aha, mogu nositi plavu prugastu ko\u0161ulju s mojim kaki hla\u010dama. Ah, imam suknju malo sli\u010dnu toj i moj roza d\u017eemper bi se slagao s njom.&#8221; Sretna sam \u0161to sam u svojim godinama i jo\u0161 uvijek izgledam sjajno.<\/p>\n\n\n\n<div id=\"crveno\"><\/p>\n\n\n\n<h3 class=\"wp-block-heading\">Zanima nas va\u0161a pri\u010da<\/h3>\n\n\n\n<p>\u017delite li i vi, posve anonimno, podijeliti svoje iskustvo i vi\u0111enje ove teme s nama i na\u0161im \u010ditateljima, mo\u017eete to u\u010diniti putem web obrasca <a rel=\"noreferrer noopener\" href=\"https:\/\/www.mojevrijeme.hr\/magazin\/povjerljivo\/\" target=\"_blank\">Povjerljivo<\/a>. Napi\u0161ite svoju pri\u010du!<\/p>\n\n\n\n<p><\/div>\n<div id=\"mojev-4145685588\" class=\"mojev-kraj-teksta mojev-entity-placement\" style=\"margin-bottom: 20px;margin-left: auto;margin-right: auto;text-align: center;\"><div class=\"mojev-adlabel\">oglas<\/div><div style=\"height: 250px;\"><script async src=\"https:\/\/pagead2.googlesyndication.com\/pagead\/js\/adsbygoogle.js?client=ca-pub-8106111766207173\"\r\n     crossorigin=\"anonymous\"><\/script>\r\n<!-- Display-1 -->\r\n<ins class=\"adsbygoogle\"\r\n     style=\"display:block\"\r\n     data-ad-client=\"ca-pub-8106111766207173\"\r\n     data-ad-slot=\"1465712950\"\r\n     data-ad-format=\"auto\"\r\n     data-full-width-responsive=\"true\"><\/ins>\r\n<script>\r\n     (adsbygoogle = window.adsbygoogle || []).push({});\r\n<\/script><\/div><\/div>","protected":false},"excerpt":{"rendered":"<p>Koja je tajna dobrog izgleda u zrelim godinama? Svoj je recept za portal &#8216;Sixties and me&#8217; podijelila autorica Judie Barber, zaljubljenica u prirodnu ljepotu i pozitivne promjene.<\/p>\n","protected":false},"author":1,"featured_media":72793,"comment_status":"closed","ping_status":"closed","sticky":false,"template":"","format":"standard","meta":{"footnotes":""},"categories":[86],"tags":[276,374,1282],"class_list":["post-72786","post","type-post","status-publish","format-standard","has-post-thumbnail","hentry","category-stil-i-ljepota","tag-moda","tag-odjeca","tag-sminkanje"],"_links":{"self":[{"href":"https:\/\/www.mojevrijeme.hr\/magazin\/wp-json\/wp\/v2\/posts\/72786","targetHints":{"allow":["GET"]}}],"collection":[{"href":"https:\/\/www.mojevrijeme.hr\/magazin\/wp-json\/wp\/v2\/posts"}],"about":[{"href":"https:\/\/www.mojevrijeme.hr\/magazin\/wp-json\/wp\/v2\/types\/post"}],"author":[{"embeddable":true,"href":"https:\/\/www.mojevrijeme.hr\/magazin\/wp-json\/wp\/v2\/users\/1"}],"replies":[{"embeddable":true,"href":"https:\/\/www.mojevrijeme.hr\/magazin\/wp-json\/wp\/v2\/comments?post=72786"}],"version-history":[{"count":0,"href":"https:\/\/www.mojevrijeme.hr\/magazin\/wp-json\/wp\/v2\/posts\/72786\/revisions"}],"wp:featuredmedia":[{"embeddable":true,"href":"https:\/\/www.mojevrijeme.hr\/magazin\/wp-json\/wp\/v2\/media\/72793"}],"wp:attachment":[{"href":"https:\/\/www.mojevrijeme.hr\/magazin\/wp-json\/wp\/v2\/media?parent=72786"}],"wp:term":[{"taxonomy":"category","embeddable":true,"href":"https:\/\/www.mojevrijeme.hr\/magazin\/wp-json\/wp\/v2\/categories?post=72786"},{"taxonomy":"post_tag","embeddable":true,"href":"https:\/\/www.mojevrijeme.hr\/magazin\/wp-json\/wp\/v2\/tags?post=72786"}],"curies":[{"name":"wp","href":"https:\/\/api.w.org\/{rel}","templated":true}]}}