{"id":72862,"date":"2023-05-08T09:15:14","date_gmt":"2023-05-08T07:15:14","guid":{"rendered":"https:\/\/www.mojevrijeme.hr\/magazin\/?p=72862"},"modified":"2023-05-08T11:18:33","modified_gmt":"2023-05-08T09:18:33","slug":"stize-250-milijuna-eura-povrata-poreza-poznat-je-i-rok-isplate","status":"publish","type":"post","link":"https:\/\/www.mojevrijeme.hr\/magazin\/2023\/05\/stize-250-milijuna-eura-povrata-poreza-poznat-je-i-rok-isplate\/","title":{"rendered":"Porezna uprava vra\u0107a 250 milijuna eura gra\u0111anima, poznat je rok isplate"},"content":{"rendered":"\n<p>Republika Hrvatska gra\u0111anima mora vratiti ukupno 250.381.221,86 eura na ime prepla\u0107enog poreza i prireza na dohodak za 2022. godinu, objavila je Porezna uprava. Novac treba sjesti na ra\u010dune 677.714 poreznih obveznika. <\/p>\n\n\n\n<p>U korisni\u010dke pretince sustava<a rel=\"noreferrer noopener\" href=\"https:\/\/gov.hr\/\" target=\"_blank\">&nbsp;E-gra\u0111ani<\/a>&nbsp; obavijesti o povratu prepla\u0107enog poreza i prireza po\u010dele su sjedati prije desetak dana, a u njima je precizno navedeno o kojem iznosu se radi. Visina povrata poreza ovisi o visini ostvarenog dohotka, olak\u0161icama na koje porezni obveznik ima pravo te godinama \u017eivota.&nbsp;<\/p>\n\n\n\n<p>O\u010dekuje se da \u0107e ve\u0107ina povrata po godi\u0161njem obra\u010dunu poreza na dohodak za 2022. godinu u posebnom postupku biti izvr\u0161ena do kraja svibnja 2023. godine. Povrati poreza izvr\u0161avat \u0107e se onim poreznim obveznicima koji ispunjavaju uvjete za povrat, kontinuirano prema redoslijedu kojim \u0107e se izdavati rje\u0161enja.<\/p><div id=\"mojev-2468425442\" class=\"mojev-u-tekstu mojev-entity-placement\" style=\"margin-left: auto;margin-right: auto;text-align: center;\"><div class=\"mojev-adlabel\">oglas<\/div><div style=\"height: 250px;\"><script async src=\"https:\/\/pagead2.googlesyndication.com\/pagead\/js\/adsbygoogle.js?client=ca-pub-8106111766207173\"\r\n     crossorigin=\"anonymous\"><\/script>\r\n<!-- Prikazni 1 u tekstu -->\r\n<ins class=\"adsbygoogle\"\r\n     style=\"display:block\"\r\n     data-ad-client=\"ca-pub-8106111766207173\"\r\n     data-ad-slot=\"8535551207\"\r\n     data-ad-format=\"auto\"\r\n     data-full-width-responsive=\"true\"><\/ins>\r\n<script>\r\n     (adsbygoogle = window.adsbygoogle || []).push({});\r\n<\/script><\/div><\/div><br style=\"clear: both; display: block; float: none;\"\/>\n\n\n\n<p>Me\u0111u gra\u0111anima koji imaju pravo na povrat je oko 150 tisu\u0107a mla\u0111ih od 25 godina kojima \u0107e porez biti vra\u0107en u cijelosti.<\/p>\n<div id=\"mojev-602269556\" class=\"mojev-kraj-teksta mojev-entity-placement\" style=\"margin-bottom: 20px;margin-left: auto;margin-right: auto;text-align: center;\"><div class=\"mojev-adlabel\">oglas<\/div><div style=\"height: 250px;\"><script async src=\"https:\/\/pagead2.googlesyndication.com\/pagead\/js\/adsbygoogle.js?client=ca-pub-8106111766207173\"\r\n     crossorigin=\"anonymous\"><\/script>\r\n<!-- Display-1 -->\r\n<ins class=\"adsbygoogle\"\r\n     style=\"display:block\"\r\n     data-ad-client=\"ca-pub-8106111766207173\"\r\n     data-ad-slot=\"1465712950\"\r\n     data-ad-format=\"auto\"\r\n     data-full-width-responsive=\"true\"><\/ins>\r\n<script>\r\n     (adsbygoogle = window.adsbygoogle || []).push({});\r\n<\/script><\/div><\/div>","protected":false},"excerpt":{"rendered":"<p>Povrati poreza izvr\u0161avat \u0107e se onim poreznim obveznicima koji ispunjavaju uvjete za povrat, kontinuirano prema redoslijedu kojim \u0107e se izdavati rje\u0161enja.<\/p>\n","protected":false},"author":1,"featured_media":72866,"comment_status":"closed","ping_status":"closed","sticky":false,"template":"","format":"standard","meta":{"footnotes":""},"categories":[9],"tags":[17,2273],"class_list":["post-72862","post","type-post","status-publish","format-standard","has-post-thumbnail","hentry","category-vijesti","tag-novac","tag-povrat-poreza"],"_links":{"self":[{"href":"https:\/\/www.mojevrijeme.hr\/magazin\/wp-json\/wp\/v2\/posts\/72862","targetHints":{"allow":["GET"]}}],"collection":[{"href":"https:\/\/www.mojevrijeme.hr\/magazin\/wp-json\/wp\/v2\/posts"}],"about":[{"href":"https:\/\/www.mojevrijeme.hr\/magazin\/wp-json\/wp\/v2\/types\/post"}],"author":[{"embeddable":true,"href":"https:\/\/www.mojevrijeme.hr\/magazin\/wp-json\/wp\/v2\/users\/1"}],"replies":[{"embeddable":true,"href":"https:\/\/www.mojevrijeme.hr\/magazin\/wp-json\/wp\/v2\/comments?post=72862"}],"version-history":[{"count":0,"href":"https:\/\/www.mojevrijeme.hr\/magazin\/wp-json\/wp\/v2\/posts\/72862\/revisions"}],"wp:featuredmedia":[{"embeddable":true,"href":"https:\/\/www.mojevrijeme.hr\/magazin\/wp-json\/wp\/v2\/media\/72866"}],"wp:attachment":[{"href":"https:\/\/www.mojevrijeme.hr\/magazin\/wp-json\/wp\/v2\/media?parent=72862"}],"wp:term":[{"taxonomy":"category","embeddable":true,"href":"https:\/\/www.mojevrijeme.hr\/magazin\/wp-json\/wp\/v2\/categories?post=72862"},{"taxonomy":"post_tag","embeddable":true,"href":"https:\/\/www.mojevrijeme.hr\/magazin\/wp-json\/wp\/v2\/tags?post=72862"}],"curies":[{"name":"wp","href":"https:\/\/api.w.org\/{rel}","templated":true}]}}