{"id":72932,"date":"2023-05-05T15:06:51","date_gmt":"2023-05-05T13:06:51","guid":{"rendered":"https:\/\/www.mojevrijeme.hr\/magazin\/?p=72932"},"modified":"2023-05-05T15:09:51","modified_gmt":"2023-05-05T13:09:51","slug":"isplanirao-sam-sjajnu-mirovinu-ovih-5-stvari-jedva-cekam","status":"publish","type":"post","link":"https:\/\/www.mojevrijeme.hr\/magazin\/2023\/05\/isplanirao-sam-sjajnu-mirovinu-ovih-5-stvari-jedva-cekam\/","title":{"rendered":"Isplanirao sam sjajnu mirovinu! Ovih 5 stvari jedva \u010dekam"},"content":{"rendered":"\n<p>Kao pravi <em>bejbibumeri<\/em>, moja supruga i ja smo pred godinama za umirovljenje. Pro\u0161li smo brojne izazove da bismo stigli do ove dobi. Ali \u010dak i nakon \u0161to se umirovimo, nemamo garanciju za bezbri\u017enu plovidbu, pogotovo kad se pojave zdravstveni problemi.<\/p>\n\n\n\n<p>Neki ljudi pristupaju umirovljenju sa strahom i neizvjesno\u0161\u0107u, dok drugi sko\u010de u to s obje noge i prihvate mirovinu. Osobno, jedva \u010dekam umirovljenje. Evo nekoliko razloga za\u0161to se radujem svojim umirovljeni\u010dkim godinama:<\/p>\n\n\n\n<h3 class=\"wp-block-heading\">Slobodno vrijeme bit \u0107e slobodno<\/h3>\n\n\n\n<p>Kada se umirovim, mo\u0107i \u0107u birati ne raditi ni\u0161ta, kad god i koliko dugo po\u017eelim. Mo\u0107i \u0107u dugo spavati, polako popiti drugu \u0161alicu kave, \u010ditati knjigu koliko god \u017eelim, vje\u017ebati kada mi najbolje odgovara i op\u0107enito se uklopiti u dan bez strukture koju odre\u0111uje posao. Mo\u0107i \u0107u to \u010diniti tempom koji mi najvi\u0161e odgovara. Kontrolirat \u0107u koli\u010dinu energije koju \u017eelim ulo\u017eiti u bilo \u0161to, ako uop\u0107e budem \u017eelio ulo\u017eiti ikakav napor. Planiram se \u010desto uroniti u dokoli\u010darenje tijekom svojih umirovljeni\u010dkih godina. <\/p><div id=\"mojev-2329502072\" class=\"mojev-u-tekstu mojev-entity-placement\" style=\"margin-left: auto;margin-right: auto;text-align: center;\"><div class=\"mojev-adlabel\">oglas<\/div><div style=\"height: 250px;\"><script async src=\"https:\/\/pagead2.googlesyndication.com\/pagead\/js\/adsbygoogle.js?client=ca-pub-8106111766207173\"\r\n     crossorigin=\"anonymous\"><\/script>\r\n<!-- Prikazni 1 u tekstu -->\r\n<ins class=\"adsbygoogle\"\r\n     style=\"display:block\"\r\n     data-ad-client=\"ca-pub-8106111766207173\"\r\n     data-ad-slot=\"8535551207\"\r\n     data-ad-format=\"auto\"\r\n     data-full-width-responsive=\"true\"><\/ins>\r\n<script>\r\n     (adsbygoogle = window.adsbygoogle || []).push({});\r\n<\/script><\/div><\/div><br style=\"clear: both; display: block; float: none;\"\/>\n\n\n\n<h3 class=\"wp-block-heading\">Istra\u017eivat \u0107u nove interese<\/h3>\n\n\n\n<p>Dok sam zaglavljen u radnom svijetu, moja je energija fokusirana na svakodnevne radne zadatke. Vikendima se suo\u010davam s popisom zadataka koje nisam stigao obaviti tijekom tjedna. Ako imam sre\u0107e zavr\u0161iti cijeli taj popis, obi\u010dno sam preumoran da bih se bavio hobijima ili drugim interesima. I onda, prije nego \u0161to se uop\u0107e mogu odmoriti &#8211; dolazi ponedjeljak. U mirovini \u0107u imati dragocjeno vrijeme za raditi stvari koje sam oduvijek \u017eelio raditi. A popis tih stvari je sve du\u017ei i du\u017ei.<\/p>\n\n\n\n<h3 class=\"wp-block-heading\">Radit \u0107u, ali kada ja budem \u017eelio raditi<\/h3>\n\n\n\n<p>Nakon ozbiljnog razmi\u0161ljanja o tome kako \u0107e izgledati moj umirovljeni\u010dki \u017eivot, planiram nastaviti raditi na neki na\u010din. U\u017eivam u interakciji s drugima, kao i osje\u0107aju zadovoljstva nakon uspje\u0161nog dovr\u0161avanja projekta ili cilja. \u017delim izbje\u0107i stres punokrvne i zahtjevne karijere, ali i dalje \u017eelim ne\u0161to raditi. Dobra vijest je da \u0107u uvijek mo\u0107i isprobati ne\u0161to novo, ako mi se trenutni posao ne bude svi\u0111ao. <\/p>\n\n\n\n\n\n<p><\/p>\n\n\n\n<h3 class=\"wp-block-heading\">Mo\u0107i \u0107u biti spontan<\/h3>\n\n\n\n<p>Dok radim, uzdr\u017eavaju\u0107i obitelj i pla\u0107aju\u0107i ra\u010dune, ono \u0161to radim i kada radim \u010desto je izvan moje kontrole. Od ponedjeljka do petka provodim na poslu s nadom da \u0107u se malo odmoriti preko vikenda. Snovi o tome da \u0107u ne\u0161to u\u010diniti u zadnji \u010das su samo to: snovi. U umirovljenju, ako otkrijem dobru ponudu, mogu oti\u0107i na more i usred tjedna. Radujem se tome da \u0107u raditi nove i uzbudljive stvari bez previ\u0161e planiranja i djelovati prema prilikama kako se budu pru\u017eale.<\/p>\n\n\n\n<h3 class=\"wp-block-heading\">Provodit \u0107u vi\u0161e vremena sa suprugom<\/h3>\n\n\n\n<p>Tijekom na\u0161ih \u017eivota, jedno od nas ili oboje smo uvijek bili zauzeti poslom. U mirovini \u0107emo napokon biti zajedno i raditi nove stvari. Imamo sre\u0107u \u0161to smo tijekom godina razvili vlastite interese i mo\u017eemo se baviti njima. U mirovini mo\u017eemo zajedno krenuti u spontane avanture o kojima smo sanjali. Mo\u0107i \u0107emo otputovati na produljeni boravak u stranu zemlju, mo\u017eda poha\u0111ati neke formalne te\u010dajeve plesa, a mo\u017eda \u0107emo lutati krajolicima u kamp-ku\u0107ici. Sve to nas \u010deka i jedva \u010dekam.<\/p>\n\n\n\n<div id=\"crveno\"><\/p>\n\n\n\n<h3 class=\"wp-block-heading\">Zanima nas va\u0161a pri\u010da<\/h3>\n\n\n\n<p>\u017delite li i vi, posve anonimno, podijeliti svoje iskustvo i vi\u0111enje ove teme s nama i na\u0161im \u010ditateljima, mo\u017eete to u\u010diniti putem web obrasca <a rel=\"noreferrer noopener\" href=\"https:\/\/www.mojevrijeme.hr\/magazin\/povjerljivo\/\" target=\"_blank\">Povjerljivo<\/a>. Napi\u0161ite svoju pri\u010du!<\/p>\n\n\n\n<p><\/div>\n<div id=\"mojev-1429333792\" class=\"mojev-kraj-teksta mojev-entity-placement\" style=\"margin-bottom: 20px;margin-left: auto;margin-right: auto;text-align: center;\"><div class=\"mojev-adlabel\">oglas<\/div><div style=\"height: 250px;\"><script async src=\"https:\/\/pagead2.googlesyndication.com\/pagead\/js\/adsbygoogle.js?client=ca-pub-8106111766207173\"\r\n     crossorigin=\"anonymous\"><\/script>\r\n<!-- Display-1 -->\r\n<ins class=\"adsbygoogle\"\r\n     style=\"display:block\"\r\n     data-ad-client=\"ca-pub-8106111766207173\"\r\n     data-ad-slot=\"1465712950\"\r\n     data-ad-format=\"auto\"\r\n     data-full-width-responsive=\"true\"><\/ins>\r\n<script>\r\n     (adsbygoogle = window.adsbygoogle || []).push({});\r\n<\/script><\/div><\/div>","protected":false},"excerpt":{"rendered":"<p>\u017divotni trener i autor Dave Bernard u svojoj knjizi &#8216;Mirovina je samo po\u010detak&#8217; usredoto\u010dio se na nematerijalne aspekte umirovljenja i davanja svrhe umirovljeni\u010dkim danima. Za USnews opisao je \u0161to o\u010dekuje od svoje mirovine. <\/p>\n","protected":false},"author":1,"featured_media":72945,"comment_status":"closed","ping_status":"closed","sticky":false,"template":"","format":"standard","meta":{"footnotes":""},"categories":[85],"tags":[957,35],"class_list":["post-72932","post","type-post","status-publish","format-standard","has-post-thumbnail","hentry","category-aktivno-starenje","tag-mirovina","tag-sreca"],"_links":{"self":[{"href":"https:\/\/www.mojevrijeme.hr\/magazin\/wp-json\/wp\/v2\/posts\/72932","targetHints":{"allow":["GET"]}}],"collection":[{"href":"https:\/\/www.mojevrijeme.hr\/magazin\/wp-json\/wp\/v2\/posts"}],"about":[{"href":"https:\/\/www.mojevrijeme.hr\/magazin\/wp-json\/wp\/v2\/types\/post"}],"author":[{"embeddable":true,"href":"https:\/\/www.mojevrijeme.hr\/magazin\/wp-json\/wp\/v2\/users\/1"}],"replies":[{"embeddable":true,"href":"https:\/\/www.mojevrijeme.hr\/magazin\/wp-json\/wp\/v2\/comments?post=72932"}],"version-history":[{"count":0,"href":"https:\/\/www.mojevrijeme.hr\/magazin\/wp-json\/wp\/v2\/posts\/72932\/revisions"}],"wp:featuredmedia":[{"embeddable":true,"href":"https:\/\/www.mojevrijeme.hr\/magazin\/wp-json\/wp\/v2\/media\/72945"}],"wp:attachment":[{"href":"https:\/\/www.mojevrijeme.hr\/magazin\/wp-json\/wp\/v2\/media?parent=72932"}],"wp:term":[{"taxonomy":"category","embeddable":true,"href":"https:\/\/www.mojevrijeme.hr\/magazin\/wp-json\/wp\/v2\/categories?post=72932"},{"taxonomy":"post_tag","embeddable":true,"href":"https:\/\/www.mojevrijeme.hr\/magazin\/wp-json\/wp\/v2\/tags?post=72932"}],"curies":[{"name":"wp","href":"https:\/\/api.w.org\/{rel}","templated":true}]}}