{"id":73108,"date":"2023-05-08T12:23:41","date_gmt":"2023-05-08T10:23:41","guid":{"rendered":"https:\/\/www.mojevrijeme.hr\/magazin\/?p=73108"},"modified":"2023-05-08T12:30:50","modified_gmt":"2023-05-08T10:30:50","slug":"svekrva-mi-silom-zeli-krstiti-dijete-cak-i-bez-mog-znanja-sto-uciniti","status":"publish","type":"post","link":"https:\/\/www.mojevrijeme.hr\/magazin\/2023\/05\/svekrva-mi-silom-zeli-krstiti-dijete-cak-i-bez-mog-znanja-sto-uciniti\/","title":{"rendered":"&#8216;Svekrva mi silom \u017eeli krstiti dijete, \u010dak i bez mog znanja. \u0160to u\u010diniti?&#8217;"},"content":{"rendered":"\n<p>&#8220;Nisi kr\u0161tena, nisi blagoslovljena. Ono tamo su prete\u017eno nekr\u0161tena djeca. To su \u0111avolja djeca!&#8221; Izvikivao je to pro\u0161le subote stariji mu\u0161karac djevojci koja se performansom usprotivila takozvanim moliteljima na glavnom zagreba\u010dkom trgu. &#8220;Oni tamo&#8221; u koje je upirao prstom bili su prosvjednici koji su se zauzimali za sekularnu dr\u017eavu i \u017eenske slobode.<\/p>\n\n\n\n<p>Za\u0161to je spomenuti mu\u0161karac izabrao ba\u0161 kr\u0161tenje kao pojam u kojem \u0107e se sukobiti s onima koji druga\u010dije misle od njega? Prema definiciji, kr\u0161tenje je sakrament kojim se postaje \u010dlan zajednice vjernika kod kr\u0161\u0107ana: katolika, pravoslavaca i protestanata, i ponekih nekr\u0161\u0107anskih zajednica poput Sikha.<\/p>\n\n\n\n<p>Jo\u0161 se i danas u pasivnijim krajevima mo\u017ee \u010duti kako se nekoga naziva &#8220;nekrstom&#8221;, \u0161to je pojam koji objedinjuje \u017eivotinje, ali i ljude koji nisu primili ovaj sakrament. Nekr\u0161tenoj osobi tako se umanjuje vrijednost i name\u0107e svojevrstan \u017eig sramote i nepripadanja (ljudskoj) zajednici, \u0161to je vidljivo i iz samog nastupa mu\u0161karca s po\u010detka ove pri\u010de.<\/p><div id=\"mojev-1255681049\" class=\"mojev-u-tekstu mojev-entity-placement\" style=\"margin-left: auto;margin-right: auto;text-align: center;\"><div class=\"mojev-adlabel\">oglas<\/div><div style=\"height: 250px;\"><script async src=\"https:\/\/pagead2.googlesyndication.com\/pagead\/js\/adsbygoogle.js?client=ca-pub-8106111766207173\"\r\n     crossorigin=\"anonymous\"><\/script>\r\n<!-- Prikazni 1 u tekstu -->\r\n<ins class=\"adsbygoogle\"\r\n     style=\"display:block\"\r\n     data-ad-client=\"ca-pub-8106111766207173\"\r\n     data-ad-slot=\"8535551207\"\r\n     data-ad-format=\"auto\"\r\n     data-full-width-responsive=\"true\"><\/ins>\r\n<script>\r\n     (adsbygoogle = window.adsbygoogle || []).push({});\r\n<\/script><\/div><\/div><br style=\"clear: both; display: block; float: none;\"\/>\n\n\n\n<h3 class=\"wp-block-heading\">Kr\u0161tenje unu\u010dadi: Religiozno naslje\u0111e ili dru\u0161tveni pritisak?<\/h3>\n\n\n\n<p>Nauk Katoli\u010dke crkve oduvijek govori da &#8220;bez kr\u0161tenja nema spasenja&#8221;, no katoli\u010dki sve\u0107enici \u0107e u novije vrijeme ipak re\u0107i kako taj nauk treba shvatiti u bitnome, a ne doslovnome. <\/p>\n\n\n\n<p>Ipak, kada se radi o hrvatskim bakama i djedovima, kr\u0161tenje unu\u010dadi je jo\u0161 uvijek va\u017ena stvar, pa makar i djetetovi roditelji bili ateisti ili gorljivi antiteisti, \u0161to mo\u017ee izazvati razdor u obiteljima. Razlozi inzistiranja na kr\u0161tenjima unu\u010dadi mogu biti razni; od pravih religioznih uvjerenja preko tradicionalnih rituala do straha od toga \u0161to \u0107e re\u0107i okolina (\u010ditaj: bakine prijateljice i selo). Neki \u0107e, iako nemaju \u010dvrstu vjeru, za ovim obredom posegnuti \u2013 za svaki slu\u010daj.<\/p>\n\n\n\n<h3 class=\"wp-block-heading\">Kr\u0161tenje djeteta izme\u0111u obiteljskog pritiska i osobne odluke<\/h3>\n\n\n\n<p>&#8220;Nisam religiozna, ali nemam ni\u0161ta protiv bilo kakvih vjernika. Moja svekrva inzistira da se moj sin krsti. Rekla sam joj da \u0107e se krstiti ako to bude htio i kad bude dovoljno star da donese tu odluku. Svekrva je izgubila \u017eivce i rekla mi je kako ona inzistira da dijete bude prihva\u0107eno, da bude dio Crkve i sljedbenik Boga. \u010cak mi je zaprijetila da \u0107e ga krstiti bez mog znanja. A onda sam ja izgubila \u017eivce&#8221;, pojadala se jedna mlada majka na internetu.<\/p>\n\n\n\n\n\n<p><\/p>\n\n\n\n<p>Ovakvih je svjedo\u010denja bezbroj. &#8220;Kako najbolje postupiti s religijskim pritiskom svekrve da krstimo dijete? Moj suprug i ja ne prakticiramo religiju, ali njegova obitelj to radi&#8221;, pita jo\u0161 jedna majka na platformi Quora.<\/p>\n\n\n\n<h3 class=\"wp-block-heading\">Dvaput smo krstili dijete<\/h3>\n\n\n\n<p>&#8220;Suprug i ja smo ateisti. On je odrastao kao katolik, a ja sam odrasla kao episkopalac. Za nas oboje ceremonija nema zna\u010denje. To je samo prskanje vodom po djetetu. Za na\u0161e roditelje, kr\u0161tenje je imalo su\u0161tinski praznovjerno zna\u010denje. Strahovi za djetetovu du\u0161u u slu\u010daju da ga ne krstimo bili su prevelik teret za njih. Stoga smo krstili na\u0161e dijete. Dvaput. Ne zato \u0161to su nas roditelji natjerali, ve\u0107 zato \u0161to smo to u\u010dinili kako bi njima bilo lak\u0161e. Ceremonija im je puno zna\u010dila. Nama nije zna\u010dila ni\u0161ta. Ali zna\u010dio nam je na\u0161 izbor da ubla\u017eimo njihove strahove.&#8221;<\/p>\n\n\n\n<p>Duga \u010ditateljica ponudila je druga\u010dije vi\u0111enje stvari: &#8220;Jasno im recite da je odgajanje djeteta va\u0161 privilegij i odgovornost, te da nemaju tu \u0161to tra\u017eiti. Ako se usprotive tvrde\u0107i da \u0107e dijete gorjeti u paklu, recite im da je to va\u0161a stvar i da ako oni vjeruju u Boga koji bi ka\u017enjavao dojen\u010de koje nije sposobno razmi\u0161ljati, vi ne \u017eelite vjerovati u tako okrutnog i glupog Boga.&#8221;<\/p>\n\n\n\n<p>&#8220;Tako\u0111er im jasno recite da im nikada ne\u0107ete vjerovati ako tajno provedu bilo koju ceremoniju nad djetetom. I da dijete ne\u0107ete ostavljati nasamo s njima do punoljetnosti. To mo\u017ee zvu\u010dati o\u0161tro, ali ako im sada ne postavite granice, stalno \u0107e vas pritiskati u vezi s tim i s drugim pitanjima za koje misle da su na neki na\u010din njihova briga&#8221;, savjetuje ista komentatorica koja napominje da je i sama vjernica, no i da su roditelji ti koji donose odluke o kr\u0161tenju svog djeteta sve dok ono ne bude sposobno samo odlu\u010diti.<\/p>\n\n\n\n<h3 class=\"wp-block-heading\">\u0160to ka\u017ee sve\u0107enik?<\/h3>\n\n\n\n<p>No mo\u017ee li baka, zaista, potajno odnijeti unu\u010de na kr\u0161tenje? &#8220;Nikako ne bi bilo dobro da, primjerice, baka uzme dijete i odnese ga na kr\u0161tenje, jer to uop\u0107e nije prirodno. Ta i sam obred kr\u0161tenja uklju\u010duje samo roditelje i kumove \u2013 ne druge!&#8221;, odgovoreno je u jednoj emisiji Hrvatskog katoli\u010dkog radija (HKR),<\/p>\n\n\n\n<p>&#8220;Njima se postavljaju pitanja koje \u0107e ime dati svome djetetu, \u0161to tra\u017ee od Crkve za svoje dijete, njih se podsje\u0107a na obvezu odgajanja djeteta prema Bo\u017ejim zapovijedima. Dakle, ve\u0107 tu vidimo da su prvi odgajatelji djeteta roditelji te da to nikako ne mogu biti drugi \u010dlanovi \u0161ire obitelji. U ovom slu\u010daju stvarno bi bilo potrebno da se gospo\u0111a ne mije\u0161a u situaciju koja se ti\u010de djetetovog kr\u0161tenja&#8221;, odgovorio je na postavljeno pitanje, na\u017ealost pokojni, <strong>Antun Sente<\/strong>, \u017eupnik \u017eupe Sv. Antuna Padovanskog iz Sesvetskih Sela u emisiji HKR-a &#8220;Halo, vele\u010dasni&#8221;.<\/p>\n\n\n\n<div id=\"crveno\"><\/p>\n\n\n\n<h3 class=\"wp-block-heading\">Zanima nas va\u0161a pri\u010da<\/h3>\n\n\n\n<p>\u017delite li i vi, posve anonimno, podijeliti svoje iskustvo i vi\u0111enje ove teme s nama i na\u0161im \u010ditateljima, mo\u017eete to u\u010diniti putem web obrasca <a rel=\"noreferrer noopener\" href=\"https:\/\/www.mojevrijeme.hr\/magazin\/povjerljivo\/\" target=\"_blank\">Povjerljivo<\/a>. Napi\u0161ite svoju pri\u010du!<\/p>\n\n\n\n<p><\/div>\n<div id=\"mojev-3365344028\" class=\"mojev-kraj-teksta mojev-entity-placement\" style=\"margin-bottom: 20px;margin-left: auto;margin-right: auto;text-align: center;\"><div class=\"mojev-adlabel\">oglas<\/div><div style=\"height: 250px;\"><script async src=\"https:\/\/pagead2.googlesyndication.com\/pagead\/js\/adsbygoogle.js?client=ca-pub-8106111766207173\"\r\n     crossorigin=\"anonymous\"><\/script>\r\n<!-- Display-1 -->\r\n<ins class=\"adsbygoogle\"\r\n     style=\"display:block\"\r\n     data-ad-client=\"ca-pub-8106111766207173\"\r\n     data-ad-slot=\"1465712950\"\r\n     data-ad-format=\"auto\"\r\n     data-full-width-responsive=\"true\"><\/ins>\r\n<script>\r\n     (adsbygoogle = window.adsbygoogle || []).push({});\r\n<\/script><\/div><\/div>","protected":false},"excerpt":{"rendered":"<p>Svekrva je izgubila \u017eivce i rekla mi je kako ona inzistira da dijete bude prihva\u0107eno, da bude dio Crkve i sljedbenik Boga. \u010cak mi je zaprijetila da \u0107e ga krstiti bez mog znanja.<\/p>\n","protected":false},"author":1,"featured_media":73120,"comment_status":"closed","ping_status":"closed","sticky":false,"template":"","format":"standard","meta":{"footnotes":""},"categories":[2],"tags":[1070,3011,3437,303,3374,3373],"class_list":["post-73108","post","type-post","status-publish","format-standard","has-post-thumbnail","hentry","category-mozaik","tag-katolici","tag-krstenje","tag-obiteljski-odnosi","tag-religija","tag-snahe","tag-svekrve"],"_links":{"self":[{"href":"https:\/\/www.mojevrijeme.hr\/magazin\/wp-json\/wp\/v2\/posts\/73108","targetHints":{"allow":["GET"]}}],"collection":[{"href":"https:\/\/www.mojevrijeme.hr\/magazin\/wp-json\/wp\/v2\/posts"}],"about":[{"href":"https:\/\/www.mojevrijeme.hr\/magazin\/wp-json\/wp\/v2\/types\/post"}],"author":[{"embeddable":true,"href":"https:\/\/www.mojevrijeme.hr\/magazin\/wp-json\/wp\/v2\/users\/1"}],"replies":[{"embeddable":true,"href":"https:\/\/www.mojevrijeme.hr\/magazin\/wp-json\/wp\/v2\/comments?post=73108"}],"version-history":[{"count":0,"href":"https:\/\/www.mojevrijeme.hr\/magazin\/wp-json\/wp\/v2\/posts\/73108\/revisions"}],"wp:featuredmedia":[{"embeddable":true,"href":"https:\/\/www.mojevrijeme.hr\/magazin\/wp-json\/wp\/v2\/media\/73120"}],"wp:attachment":[{"href":"https:\/\/www.mojevrijeme.hr\/magazin\/wp-json\/wp\/v2\/media?parent=73108"}],"wp:term":[{"taxonomy":"category","embeddable":true,"href":"https:\/\/www.mojevrijeme.hr\/magazin\/wp-json\/wp\/v2\/categories?post=73108"},{"taxonomy":"post_tag","embeddable":true,"href":"https:\/\/www.mojevrijeme.hr\/magazin\/wp-json\/wp\/v2\/tags?post=73108"}],"curies":[{"name":"wp","href":"https:\/\/api.w.org\/{rel}","templated":true}]}}