{"id":73150,"date":"2023-05-08T15:52:14","date_gmt":"2023-05-08T13:52:14","guid":{"rendered":"https:\/\/www.mojevrijeme.hr\/magazin\/?p=73150"},"modified":"2023-05-08T15:52:18","modified_gmt":"2023-05-08T13:52:18","slug":"objavljena-visina-mirovine-za-40-godina-rada-u-njemackoj","status":"publish","type":"post","link":"https:\/\/www.mojevrijeme.hr\/magazin\/2023\/05\/objavljena-visina-mirovine-za-40-godina-rada-u-njemackoj\/","title":{"rendered":"Objavljena visina mirovine za 40 godina rada u Njema\u010dkoj"},"content":{"rendered":"\n<p>Ministarstvo rada u Njema\u010dkoj je objavilo da radnici koji su upla\u0107ivali 40 godina u mirovinski fond na zapadu zemlje primaju prosje\u010dnu mirovinu od 1.423 eura (10.721 kuna), dok je na istoku prosje\u010dna mirovina 1.255 eura (9.455 kuna). Ovi podaci se odnose na kraj 2021. godine, a statistike za proteklu godinu jo\u0161 nisu potpune.<\/p>\n\n\n\n<p>Zastupnik Ljevice i povjerenik stranke za pitanja isto\u010dne Njema\u010dke, <strong>Soren Pellmann<\/strong>, izrazio je kritiku zbog velikih razlika u mirovinama izme\u0111u istoka i zapada zemlje \u010dak i nakon 30 godina od ujedinjenja Njema\u010dke. On je istaknuo da je mirovina u svakoj isto\u010dnonjema\u010dkoj saveznoj pokrajini ni\u017ea nego na zapadu zemlje, \u0161to smatra zastra\u0161uju\u0107im.<\/p>\n\n\n\n<p>Pellmann je tako\u0111er kritizirao op\u0107enito visinu mirovina u Njema\u010dkoj, smatraju\u0107i da su preniske. Izjavio je da je &#8220;1370 eura za 40 godina rada skandalozno malo&#8221;. <\/p><div id=\"mojev-1665395348\" class=\"mojev-u-tekstu mojev-entity-placement\" style=\"margin-left: auto;margin-right: auto;text-align: center;\"><div class=\"mojev-adlabel\">oglas<\/div><div style=\"height: 250px;\"><script async src=\"https:\/\/pagead2.googlesyndication.com\/pagead\/js\/adsbygoogle.js?client=ca-pub-8106111766207173\"\r\n     crossorigin=\"anonymous\"><\/script>\r\n<!-- Prikazni 1 u tekstu -->\r\n<ins class=\"adsbygoogle\"\r\n     style=\"display:block\"\r\n     data-ad-client=\"ca-pub-8106111766207173\"\r\n     data-ad-slot=\"8535551207\"\r\n     data-ad-format=\"auto\"\r\n     data-full-width-responsive=\"true\"><\/ins>\r\n<script>\r\n     (adsbygoogle = window.adsbygoogle || []).push({});\r\n<\/script><\/div><\/div><br style=\"clear: both; display: block; float: none;\"\/>\n\n\n\n<p>No jo\u0161 je skandaloznija usporedba hrvatske i njema\u010dke mirovine. Prema podacima za sije\u010danj 2023. godine, prosje\u010dna mirovina u Hrvatskoj iznosila je 420.57 eura (3.167 kuna). Me\u0111utim, prosjek podi\u017eu povla\u0161tene mirovine jer prosje\u010dna povla\u0161tena mirovina iznosi 886.94 eura (6.682 kune).<\/p>\n<div id=\"mojev-117023579\" class=\"mojev-kraj-teksta mojev-entity-placement\" style=\"margin-bottom: 20px;margin-left: auto;margin-right: auto;text-align: center;\"><div class=\"mojev-adlabel\">oglas<\/div><div style=\"height: 250px;\"><script async src=\"https:\/\/pagead2.googlesyndication.com\/pagead\/js\/adsbygoogle.js?client=ca-pub-8106111766207173\"\r\n     crossorigin=\"anonymous\"><\/script>\r\n<!-- Display-1 -->\r\n<ins class=\"adsbygoogle\"\r\n     style=\"display:block\"\r\n     data-ad-client=\"ca-pub-8106111766207173\"\r\n     data-ad-slot=\"1465712950\"\r\n     data-ad-format=\"auto\"\r\n     data-full-width-responsive=\"true\"><\/ins>\r\n<script>\r\n     (adsbygoogle = window.adsbygoogle || []).push({});\r\n<\/script><\/div><\/div>","protected":false},"excerpt":{"rendered":"<p>Njema\u010dka ljevica smatra da su mirovine u toj zemlji skandalozno male, no iz hrvatske perspektive \u010dine se astronomski velike.<\/p>\n","protected":false},"author":1,"featured_media":55682,"comment_status":"closed","ping_status":"closed","sticky":false,"template":"","format":"standard","meta":{"footnotes":""},"categories":[9],"tags":[18,127,17],"class_list":["post-73150","post","type-post","status-publish","format-standard","has-post-thumbnail","hentry","category-vijesti","tag-mirovine","tag-njemacka","tag-novac"],"_links":{"self":[{"href":"https:\/\/www.mojevrijeme.hr\/magazin\/wp-json\/wp\/v2\/posts\/73150","targetHints":{"allow":["GET"]}}],"collection":[{"href":"https:\/\/www.mojevrijeme.hr\/magazin\/wp-json\/wp\/v2\/posts"}],"about":[{"href":"https:\/\/www.mojevrijeme.hr\/magazin\/wp-json\/wp\/v2\/types\/post"}],"author":[{"embeddable":true,"href":"https:\/\/www.mojevrijeme.hr\/magazin\/wp-json\/wp\/v2\/users\/1"}],"replies":[{"embeddable":true,"href":"https:\/\/www.mojevrijeme.hr\/magazin\/wp-json\/wp\/v2\/comments?post=73150"}],"version-history":[{"count":0,"href":"https:\/\/www.mojevrijeme.hr\/magazin\/wp-json\/wp\/v2\/posts\/73150\/revisions"}],"wp:featuredmedia":[{"embeddable":true,"href":"https:\/\/www.mojevrijeme.hr\/magazin\/wp-json\/wp\/v2\/media\/55682"}],"wp:attachment":[{"href":"https:\/\/www.mojevrijeme.hr\/magazin\/wp-json\/wp\/v2\/media?parent=73150"}],"wp:term":[{"taxonomy":"category","embeddable":true,"href":"https:\/\/www.mojevrijeme.hr\/magazin\/wp-json\/wp\/v2\/categories?post=73150"},{"taxonomy":"post_tag","embeddable":true,"href":"https:\/\/www.mojevrijeme.hr\/magazin\/wp-json\/wp\/v2\/tags?post=73150"}],"curies":[{"name":"wp","href":"https:\/\/api.w.org\/{rel}","templated":true}]}}