{"id":73182,"date":"2023-05-09T00:17:01","date_gmt":"2023-05-08T22:17:01","guid":{"rendered":"https:\/\/www.mojevrijeme.hr\/magazin\/?p=73182"},"modified":"2023-05-09T00:17:04","modified_gmt":"2023-05-08T22:17:04","slug":"tomasevic-50-000-zagrepcana-borilo-se-u-nob-u-sretan-vam-dan-oslobodenja","status":"publish","type":"post","link":"https:\/\/www.mojevrijeme.hr\/magazin\/2023\/05\/tomasevic-50-000-zagrepcana-borilo-se-u-nob-u-sretan-vam-dan-oslobodenja\/","title":{"rendered":"Toma\u0161evi\u0107: 50.000 Zagrep\u010dana borilo se u NOB-u, sretan vam Dan oslobo\u0111enja"},"content":{"rendered":"\n<p>&#8220;Zagrep\u010dankama i Zagrep\u010danima \u010destitam Dan oslobo\u0111enja Zagreba, kao i Dan pobjede nad fa\u0161izmom!&#8221; Tim je rije\u010dima gradona\u010delnik Zagreba Tomislav Toma\u0161evi\u0107 (Mo\u017eemo) sugra\u0111anima \u010destitao ovu svijetlu obljetnicu. <\/p>\n\n\n\n<p>&#8220;Antifa\u0161izam je vrijednost utkana u Ustav RH i s ponosom mo\u017eemo re\u0107i da je na ovim prostorima me\u0111u prvima organiziran otpor fa\u0161izmu. Prema dostupnim podacima, oko 50.000 Zagrep\u010dana borilo se u narodno-oslobodila\u010dkom pokretu&#8221;, kazao je Toma\u0161evi\u0107. <\/p>\n\n\n\n<p>&#8220;Na dana\u0161nji dan obilje\u017eavamo 78 godina od povijesnog trenutka kada su partizanski borci i antifa\u0161isti oslobodili na\u0161 grad, ali se sje\u0107amo i svih \u017ertava fa\u0161isti\u010dkog, odnosno usta\u0161kog terora, stradalih na zloglasnim mjestima mu\u010denja i pogubljenja na ovim prostorima. U spomen na njih, pro\u0161le smo godine na Glavnom kolodvoru otkrili Spomenik \u017ertvama Holokausta i usta\u0161kog re\u017eima, uklanjamo imena ulica nazvanih po osobama povezanima s NDH, a sutra \u0107emo u spomen-parku Dotr\u0161\u010dina postaviti i rekonstruiranu plo\u010du kojom se komemorira vi\u0161e od 7.000 zagreba\u010dkih Srba, \u017didova, Roma i antifa\u0161ista koji su u Dotr\u0161\u010dini ubijeni tijekom Drugog svjetskog rata&#8221;, naveo je gradona\u010delnik. <\/p><div id=\"mojev-483964757\" class=\"mojev-u-tekstu mojev-entity-placement\" style=\"margin-left: auto;margin-right: auto;text-align: center;\"><div class=\"mojev-adlabel\">oglas<\/div><div style=\"height: 250px;\"><script async src=\"https:\/\/pagead2.googlesyndication.com\/pagead\/js\/adsbygoogle.js?client=ca-pub-8106111766207173\"\r\n     crossorigin=\"anonymous\"><\/script>\r\n<!-- Prikazni 1 u tekstu -->\r\n<ins class=\"adsbygoogle\"\r\n     style=\"display:block\"\r\n     data-ad-client=\"ca-pub-8106111766207173\"\r\n     data-ad-slot=\"8535551207\"\r\n     data-ad-format=\"auto\"\r\n     data-full-width-responsive=\"true\"><\/ins>\r\n<script>\r\n     (adsbygoogle = window.adsbygoogle || []).push({});\r\n<\/script><\/div><\/div><br style=\"clear: both; display: block; float: none;\"\/>\n\n\n\n<p>&#8220;Odgovorni za smrt svih tih nevinih ljudi su na dana\u0161nji dan 1945. pora\u017eeni i u Hrvatskoj i u Europi, a zbog toga \u0161to i dalje ima onih koji podr\u017eavaju tu zlo\u010dina\u010dku ideologiju, moramo odr\u017eavati sje\u0107anje na \u017ertve, kao i na one koji su fa\u0161iste \u2013 uz ogromne \u017ertve \u2013 porazili&#8221;, stoji u zaklju\u010dku \u010destitke. <\/p>\n<div id=\"mojev-1710168888\" class=\"mojev-kraj-teksta mojev-entity-placement\" style=\"margin-bottom: 20px;margin-left: auto;margin-right: auto;text-align: center;\"><div class=\"mojev-adlabel\">oglas<\/div><div style=\"height: 250px;\"><script async src=\"https:\/\/pagead2.googlesyndication.com\/pagead\/js\/adsbygoogle.js?client=ca-pub-8106111766207173\"\r\n     crossorigin=\"anonymous\"><\/script>\r\n<!-- Display-1 -->\r\n<ins class=\"adsbygoogle\"\r\n     style=\"display:block\"\r\n     data-ad-client=\"ca-pub-8106111766207173\"\r\n     data-ad-slot=\"1465712950\"\r\n     data-ad-format=\"auto\"\r\n     data-full-width-responsive=\"true\"><\/ins>\r\n<script>\r\n     (adsbygoogle = window.adsbygoogle || []).push({});\r\n<\/script><\/div><\/div>","protected":false},"excerpt":{"rendered":"<p>Zbog toga \u0161to i dalje ima onih koji podr\u017eavaju tu zlo\u010dina\u010dku ideologiju, moramo odr\u017eavati sje\u0107anje na \u017ertve, ka\u017ee zagreba\u010dki gradona\u010delnik.<\/p>\n","protected":false},"author":1,"featured_media":73184,"comment_status":"closed","ping_status":"closed","sticky":false,"template":"","format":"standard","meta":{"footnotes":""},"categories":[9],"tags":[614,2670,39],"class_list":["post-73182","post","type-post","status-publish","format-standard","has-post-thumbnail","hentry","category-vijesti","tag-antifasizam","tag-tomislav-tomasevic","tag-zagreb"],"_links":{"self":[{"href":"https:\/\/www.mojevrijeme.hr\/magazin\/wp-json\/wp\/v2\/posts\/73182","targetHints":{"allow":["GET"]}}],"collection":[{"href":"https:\/\/www.mojevrijeme.hr\/magazin\/wp-json\/wp\/v2\/posts"}],"about":[{"href":"https:\/\/www.mojevrijeme.hr\/magazin\/wp-json\/wp\/v2\/types\/post"}],"author":[{"embeddable":true,"href":"https:\/\/www.mojevrijeme.hr\/magazin\/wp-json\/wp\/v2\/users\/1"}],"replies":[{"embeddable":true,"href":"https:\/\/www.mojevrijeme.hr\/magazin\/wp-json\/wp\/v2\/comments?post=73182"}],"version-history":[{"count":0,"href":"https:\/\/www.mojevrijeme.hr\/magazin\/wp-json\/wp\/v2\/posts\/73182\/revisions"}],"wp:featuredmedia":[{"embeddable":true,"href":"https:\/\/www.mojevrijeme.hr\/magazin\/wp-json\/wp\/v2\/media\/73184"}],"wp:attachment":[{"href":"https:\/\/www.mojevrijeme.hr\/magazin\/wp-json\/wp\/v2\/media?parent=73182"}],"wp:term":[{"taxonomy":"category","embeddable":true,"href":"https:\/\/www.mojevrijeme.hr\/magazin\/wp-json\/wp\/v2\/categories?post=73182"},{"taxonomy":"post_tag","embeddable":true,"href":"https:\/\/www.mojevrijeme.hr\/magazin\/wp-json\/wp\/v2\/tags?post=73182"}],"curies":[{"name":"wp","href":"https:\/\/api.w.org\/{rel}","templated":true}]}}