{"id":73198,"date":"2023-05-09T08:49:30","date_gmt":"2023-05-09T06:49:30","guid":{"rendered":"https:\/\/www.mojevrijeme.hr\/magazin\/?p=73198"},"modified":"2023-05-09T08:50:54","modified_gmt":"2023-05-09T06:50:54","slug":"uvodi-li-srbija-dvije-mirovine-za-udovce-po-uzoru-na-hrvatsku","status":"publish","type":"post","link":"https:\/\/www.mojevrijeme.hr\/magazin\/2023\/05\/uvodi-li-srbija-dvije-mirovine-za-udovce-po-uzoru-na-hrvatsku\/","title":{"rendered":"Uvodi li Srbija dvije mirovine za udovce po uzoru na Hrvatsku?"},"content":{"rendered":"\n<p>&#8220;Od po\u010detka 2023. godine i udovice i udovci u Hrvatskoj primaju vlastitu, ali i do 20,8 posto mirovine preminulog supru\u017enika, a od 1. sije\u010dnja obiteljska mirovina za susjede je ve\u0107a za 10 posto, pi\u0161e srbijanski <a href=\"https:\/\/www.blic.rs\/\" target=\"_blank\" rel=\"noreferrer noopener\">Blic<\/a> pitaju\u0107i se kada \u0107e i Srbija uvesti sli\u010dan model obiteljske mirovine.<\/p>\n\n\n\n<p>&#8220;Ovaj novi model obiteljske mirovine u Hrvatskoj ove \u0107e godine obuhvatiti oko 155.200 korisnika, a u 93 posto slu\u010dajeva rije\u010d je o udovicama. Prema izra\u010dunima u Hrvatskoj, ovaj je model najisplativiji onima \u010dije su mirovine ve\u0107e ili jednake mirovini preminulog supru\u017enika, jer im je dosad bilo isplativije zadr\u017eati svoju, a nisu imali doplatak. Sada \u0107e mo\u0107i zadr\u017eati svoje i dobiti 20,8 posto iznosa koji je primao preminuli&#8221;, navodi portal.<\/p>\n\n\n\n<p>Odredbe srbijanskog zakona govore da se nakon smrti bra\u010dnog druga mo\u017ee naslijediti mirovina, ali najvi\u0161e 70 posto one koju je primao umrli. Prema rije\u010dima <strong>Milo\u0161a Grabund\u017eije<\/strong> iz Udruge umirovljenika &#8220;Nezavisnost&#8221;, puno je razloga za\u0161to bi te zakonske odredbe trebalo mijenjati.<\/p><div id=\"mojev-3526662419\" class=\"mojev-u-tekstu mojev-entity-placement\" style=\"margin-left: auto;margin-right: auto;text-align: center;\"><div class=\"mojev-adlabel\">oglas<\/div><div style=\"height: 250px;\"><script async src=\"https:\/\/pagead2.googlesyndication.com\/pagead\/js\/adsbygoogle.js?client=ca-pub-8106111766207173\"\r\n     crossorigin=\"anonymous\"><\/script>\r\n<!-- Prikazni 1 u tekstu -->\r\n<ins class=\"adsbygoogle\"\r\n     style=\"display:block\"\r\n     data-ad-client=\"ca-pub-8106111766207173\"\r\n     data-ad-slot=\"8535551207\"\r\n     data-ad-format=\"auto\"\r\n     data-full-width-responsive=\"true\"><\/ins>\r\n<script>\r\n     (adsbygoogle = window.adsbygoogle || []).push({});\r\n<\/script><\/div><\/div><br style=\"clear: both; display: block; float: none;\"\/>\n\n\n\n<h3 class=\"wp-block-heading\">Tro\u0161kovi ostaju isti, a penzija je jedna<\/h3>\n\n\n\n<p>&#8220;Kad supru\u017enik umre, tro\u0161kovi ostaju isti, a umjesto dvije mirovine ostaje samo jedna. Bez obzira na to je li vlastito ili obiteljsko, to \u010desto nije dovoljno za pre\u017eivljavanje, pogotovo u velikim gradovima gdje su re\u017eije goleme. Pokrenuli smo inicijativu za izmjenu postoje\u0107eg mirovinskog zakona po uzoru na zemlje Europske unije i susjednu nam Hrvatsku s kojom nas \u010desto uspore\u0111uju&#8221;, ka\u017ee. <\/p>\n\n\n\n<p>Prijedlog je, obja\u0161njava Grabund\u017eija, svojedobno podr\u017eala i Darija Kisi\u0107 dok je bila na \u010delu Ministarstva rada, no aktualni ministar o tome se jo\u0161 nije o\u010ditovao.<\/p>\n\n\n\n\n\n<p><\/p>\n\n\n\n<p><strong>Katarina Stani\u0107<\/strong> iz Centra za socijalnu politiku obja\u0161njava da u Hrvatskoj mo\u017eda postoji ra\u010dunica za takav potez Vlade, s obzirom na to da ima umirovljenika s izrazito malim mirovinama, no u Srbiji je, dodaje, situacija malo druga\u010dija.<\/p>\n\n\n\n<p>&#8220;Hrvati su uveli drugi stup mirovinskog osiguranja (kombinacija obveznog privatnog i dr\u017eavnog fonda), pa su mirovine iz prvog (dr\u017eavnog fonda) sada prili\u010dno niske. Pretpostavljam da je to bio razlog za izmjene zakona u tom smjeru. Sla\u017eem se da su na\u0161e obiteljske mirovine na granici siroma\u0161tva, ali mislim da taj problem treba rje\u0161avati na druga\u010diji na\u010din&#8221;, obja\u0161njava i dodaje: &#8220;Ovaj prijedlog je prakti\u010dki dodatak \u010dinjenici da je netko samac i mislim da bi to dovelo do poreme\u0107aja mirovinskog sustava u Srbiji.&#8221;<\/p>\n\n\n\n<h3 class=\"wp-block-heading\">U Srbiji je 329.346 umirovljenika u obiteljskoj mirovini<\/h3>\n\n\n\n<p>U Srbiji se trenutno na popisu PIO fonda nalazi 329.346 obiteljskih umirovljenika, me\u0111u kojima su ne samo supru\u017enici, ve\u0107 i djeca, koja po zakonu imaju pravo na naknadu do 26. godine \u017eivota ako su ostala bez jednog ili oba roditelja. Prema posljednjim podacima Fonda PIO, prosje\u010dna mirovina iznosi 30.545 dinara (260 eura).<\/p>\n\n\n\n<p>Stani\u0107 navodi kako bi mo\u017eda bilo bolje pove\u0107ati minimalne iznose obiteljskih mirovina: &#8220;Ve\u0107i su problem umirovljenici koji nemaju vlastita primanja, kao i oni koji su oduvijek samci. Oni su u te\u017eoj situaciji i prije njih treba uvesti dodatak na mirovinu.&#8221;<\/p>\n<div id=\"mojev-2606912545\" class=\"mojev-kraj-teksta mojev-entity-placement\" style=\"margin-bottom: 20px;margin-left: auto;margin-right: auto;text-align: center;\"><div class=\"mojev-adlabel\">oglas<\/div><div style=\"height: 250px;\"><script async src=\"https:\/\/pagead2.googlesyndication.com\/pagead\/js\/adsbygoogle.js?client=ca-pub-8106111766207173\"\r\n     crossorigin=\"anonymous\"><\/script>\r\n<!-- Display-1 -->\r\n<ins class=\"adsbygoogle\"\r\n     style=\"display:block\"\r\n     data-ad-client=\"ca-pub-8106111766207173\"\r\n     data-ad-slot=\"1465712950\"\r\n     data-ad-format=\"auto\"\r\n     data-full-width-responsive=\"true\"><\/ins>\r\n<script>\r\n     (adsbygoogle = window.adsbygoogle || []).push({});\r\n<\/script><\/div><\/div>","protected":false},"excerpt":{"rendered":"<p>U Srbiji se trenutno na popisu PIO fonda nalazi 329.346 obiteljskih umirovljenika, me\u0111u kojima su ne samo supru\u017enici, ve\u0107 i djeca, koja po zakonu imaju pravo na naknadu do 26. godine \u017eivota ako su ostala bez jednog ili oba roditelja.<\/p>\n","protected":false},"author":1,"featured_media":70420,"comment_status":"closed","ping_status":"closed","sticky":false,"template":"","format":"standard","meta":{"footnotes":""},"categories":[9],"tags":[1010,638,951],"class_list":["post-73198","post","type-post","status-publish","format-standard","has-post-thumbnail","hentry","category-vijesti","tag-obiteske-mirovine","tag-srbija","tag-udovci"],"_links":{"self":[{"href":"https:\/\/www.mojevrijeme.hr\/magazin\/wp-json\/wp\/v2\/posts\/73198","targetHints":{"allow":["GET"]}}],"collection":[{"href":"https:\/\/www.mojevrijeme.hr\/magazin\/wp-json\/wp\/v2\/posts"}],"about":[{"href":"https:\/\/www.mojevrijeme.hr\/magazin\/wp-json\/wp\/v2\/types\/post"}],"author":[{"embeddable":true,"href":"https:\/\/www.mojevrijeme.hr\/magazin\/wp-json\/wp\/v2\/users\/1"}],"replies":[{"embeddable":true,"href":"https:\/\/www.mojevrijeme.hr\/magazin\/wp-json\/wp\/v2\/comments?post=73198"}],"version-history":[{"count":0,"href":"https:\/\/www.mojevrijeme.hr\/magazin\/wp-json\/wp\/v2\/posts\/73198\/revisions"}],"wp:featuredmedia":[{"embeddable":true,"href":"https:\/\/www.mojevrijeme.hr\/magazin\/wp-json\/wp\/v2\/media\/70420"}],"wp:attachment":[{"href":"https:\/\/www.mojevrijeme.hr\/magazin\/wp-json\/wp\/v2\/media?parent=73198"}],"wp:term":[{"taxonomy":"category","embeddable":true,"href":"https:\/\/www.mojevrijeme.hr\/magazin\/wp-json\/wp\/v2\/categories?post=73198"},{"taxonomy":"post_tag","embeddable":true,"href":"https:\/\/www.mojevrijeme.hr\/magazin\/wp-json\/wp\/v2\/tags?post=73198"}],"curies":[{"name":"wp","href":"https:\/\/api.w.org\/{rel}","templated":true}]}}