{"id":73255,"date":"2023-05-09T13:36:58","date_gmt":"2023-05-09T11:36:58","guid":{"rendered":"https:\/\/www.mojevrijeme.hr\/magazin\/?p=73255"},"modified":"2023-05-09T16:07:42","modified_gmt":"2023-05-09T14:07:42","slug":"predlozene-vece-potpore-za-umirovljenike-iz-splita-novi-cenzusi-mirovina-i-nize-godine","status":"publish","type":"post","link":"https:\/\/www.mojevrijeme.hr\/magazin\/2023\/05\/predlozene-vece-potpore-za-umirovljenike-iz-splita-novi-cenzusi-mirovina-i-nize-godine\/","title":{"rendered":"Predlo\u017eene ve\u0107e potpore za umirovljenike iz Splita: novi cenzusi mirovina i ni\u017ee godine"},"content":{"rendered":"\n<p>Vije\u0107nici splitskog Mosta predla\u017eu izmjene i dopune Odluka o socijalnoj skrbi, i to u dijelu potpore za umirovljenike kroz program &#8220;Moj zlatni Split&#8221;. Osvrnuli su se i na odgo\u0111enu tematsku raspravu u Banovini o socijalnim potrebama u Splitu.<\/p>\n\n\n\n<p>Na idu\u0107oj sjednici Gradskog vije\u0107a predlo\u017eit \u0107e da se izbri\u0161e odrednica kako \u0107e pomo\u0107 imati samo umirovljenici iznad 60 godina jer smatraju da oni koji su u mirovinu oti\u0161li s 56 ili 57 godina nisu umirovljenici drugog reda.<\/p>\n\n\n\n<p>Drugi prijedlog bit \u0107e izmjena cenzusa mirovina kroz \u010detiri grupe i pripadaju\u0107e potpore. U prvoj \u0107e grupi biti umirovljenici s mirovinama do 150 eura s potporom od 50 eura. Umirovljenici s mirovinama od 150 do 200 eura primali bi 40 eura gradske potpore. 30 eura  osiguralo bi se za umirovljenike s mirovinama od 200 do 250 eura, dok bi 20 eura dobili oni koji primaju od 250 do 300 eura mirovine.<\/p><div id=\"mojev-2951905117\" class=\"mojev-u-tekstu mojev-entity-placement\" style=\"margin-left: auto;margin-right: auto;text-align: center;\"><div class=\"mojev-adlabel\">oglas<\/div><div style=\"height: 250px;\"><script async src=\"https:\/\/pagead2.googlesyndication.com\/pagead\/js\/adsbygoogle.js?client=ca-pub-8106111766207173\"\r\n     crossorigin=\"anonymous\"><\/script>\r\n<!-- Prikazni 1 u tekstu -->\r\n<ins class=\"adsbygoogle\"\r\n     style=\"display:block\"\r\n     data-ad-client=\"ca-pub-8106111766207173\"\r\n     data-ad-slot=\"8535551207\"\r\n     data-ad-format=\"auto\"\r\n     data-full-width-responsive=\"true\"><\/ins>\r\n<script>\r\n     (adsbygoogle = window.adsbygoogle || []).push({});\r\n<\/script><\/div><\/div><br style=\"clear: both; display: block; float: none;\"\/>\n\n\n\n<p>Ranije je, treba spomenuti, potpora za umirovljenike s ukupnim prihodima do 119,45 eura bila 39,82 eura, za one do 159,27 eura 33,18 eura, a do 199,08 eura pomo\u0107 od 26,54 eura. Najmanje su imali umirovljenici s prihodima od 199 eura do 265, i to 13,27 eura potpore.<\/p>\n\n\n\n<p>&#8220;Neugodno mi je \u0161to \u017eivim u dru\u0161tvu u kojem najranjivije skupine \u010dekaju tematske sjednice da se rije\u0161e najosnovniji problemi i njihove neda\u0107e&#8221;, rekao je vije\u0107nik Mosta\u00a0<strong>Tihomir Gali\u0107.<\/strong><\/p>\n\n\n\n<p>Prema\u00a0podatcima iz 2021. godine, u sustavu projekta &#8220;Moj zlatni Split&#8221; je 3.449 korisnika, a prava i pogodnosti se ostvaruju preko kartice na koju se mjese\u010dno raspodjeljuju iznosi potpore za namjensku nabavu namirnica i potrep\u0161tina unutar ograni\u010dene mre\u017ee prodajnih mjesta. <\/p>\n\n\n\n<h2 class=\"wp-block-heading\">Tko ima pravo na karticu?<\/h2>\n\n\n\n<p>Temeljem Odluke o socijalnoj skrbi (19\/19) umirovljenici s prebivali\u0161tem na podru\u010dju Grada Splita i s navr\u0161enih 60 godina \u017eivota \u010dija primanja ne prelaze 2.000 kuna i koji zadovoljavaju uvjete besplatno dobivaju na raspolaganje karticu u sklopu projekta &#8220;Moj zlatni Split&#8221;. Uz to, propisani su i dodatni uvjeti: <\/p>\n\n\n\n<ul class=\"wp-block-list\">\n<li>prebivali\u0161te na podru\u010dju Grada Splita neprekinuto najmanje 3 (tri) godine do dana podno\u0161enja zahtjeva<\/li>\n\n\n\n<li>nema u vlasni\u0161tvu ili suvlasni\u0161tvu drugi stan ili ku\u0107u, poslovni prostor, apartman ili ku\u0107u za odmor, osim stana ili ku\u0107e koju koristi za stanovanje<\/li>\n\n\n\n<li>u mjese\u010dni iznos mirovine ura\u010dunava se i za\u0161titni dodatak za teku\u0107i mjesec<\/li>\n<\/ul>\n\n\n\n<p>Potporu ne mogu ostvariti umirovljenici koji su ostvarili pravo na uslugu stalnog smje\u0161taja u dom socijalne skrbi na temelju rje\u0161enja Centra i umirovljenici koji imaju rje\u0161enje Upravnog tijela o pravu na naknadu korisnicima osobne invalidnine Centra.<\/p>\n\n\n\n<p>Uvjeti za ostvarivanje ovoga prava odnose se i na umirovljenike koji su ostvarili mirovinu po me\u0111unarodnom ugovoru nakon \u0161to podnesu Upravnom tijelu zahtjev te predo\u010de rje\u0161enja o mirovini i\/ili odrezak od mirovina.<\/p>\n<div id=\"mojev-2991693536\" class=\"mojev-kraj-teksta mojev-entity-placement\" style=\"margin-bottom: 20px;margin-left: auto;margin-right: auto;text-align: center;\"><div class=\"mojev-adlabel\">oglas<\/div><div style=\"height: 250px;\"><script async src=\"https:\/\/pagead2.googlesyndication.com\/pagead\/js\/adsbygoogle.js?client=ca-pub-8106111766207173\"\r\n     crossorigin=\"anonymous\"><\/script>\r\n<!-- Display-1 -->\r\n<ins class=\"adsbygoogle\"\r\n     style=\"display:block\"\r\n     data-ad-client=\"ca-pub-8106111766207173\"\r\n     data-ad-slot=\"1465712950\"\r\n     data-ad-format=\"auto\"\r\n     data-full-width-responsive=\"true\"><\/ins>\r\n<script>\r\n     (adsbygoogle = window.adsbygoogle || []).push({});\r\n<\/script><\/div><\/div>","protected":false},"excerpt":{"rendered":"<p>Neugodno mi je \u0161to \u017eivim u dru\u0161tvu u kojem najranjivije skupine \u010dekaju tematske sjednice da se rije\u0161e najosnovniji problemi i njihove neda\u0107e, rekao je vije\u0107nik Mosta\u00a0Tihomir Gali\u0107.<\/p>\n","protected":false},"author":1,"featured_media":48594,"comment_status":"closed","ping_status":"closed","sticky":false,"template":"","format":"standard","meta":{"footnotes":""},"categories":[9],"tags":[17,1851,143,3474,77],"class_list":["post-73255","post","type-post","status-publish","format-standard","has-post-thumbnail","hentry","category-vijesti","tag-novac","tag-pomoc-umirovljenicima","tag-split","tag-stranka-most","tag-umirovljenici"],"_links":{"self":[{"href":"https:\/\/www.mojevrijeme.hr\/magazin\/wp-json\/wp\/v2\/posts\/73255","targetHints":{"allow":["GET"]}}],"collection":[{"href":"https:\/\/www.mojevrijeme.hr\/magazin\/wp-json\/wp\/v2\/posts"}],"about":[{"href":"https:\/\/www.mojevrijeme.hr\/magazin\/wp-json\/wp\/v2\/types\/post"}],"author":[{"embeddable":true,"href":"https:\/\/www.mojevrijeme.hr\/magazin\/wp-json\/wp\/v2\/users\/1"}],"replies":[{"embeddable":true,"href":"https:\/\/www.mojevrijeme.hr\/magazin\/wp-json\/wp\/v2\/comments?post=73255"}],"version-history":[{"count":0,"href":"https:\/\/www.mojevrijeme.hr\/magazin\/wp-json\/wp\/v2\/posts\/73255\/revisions"}],"wp:featuredmedia":[{"embeddable":true,"href":"https:\/\/www.mojevrijeme.hr\/magazin\/wp-json\/wp\/v2\/media\/48594"}],"wp:attachment":[{"href":"https:\/\/www.mojevrijeme.hr\/magazin\/wp-json\/wp\/v2\/media?parent=73255"}],"wp:term":[{"taxonomy":"category","embeddable":true,"href":"https:\/\/www.mojevrijeme.hr\/magazin\/wp-json\/wp\/v2\/categories?post=73255"},{"taxonomy":"post_tag","embeddable":true,"href":"https:\/\/www.mojevrijeme.hr\/magazin\/wp-json\/wp\/v2\/tags?post=73255"}],"curies":[{"name":"wp","href":"https:\/\/api.w.org\/{rel}","templated":true}]}}