{"id":73330,"date":"2023-05-10T11:24:44","date_gmt":"2023-05-10T09:24:44","guid":{"rendered":"https:\/\/www.mojevrijeme.hr\/magazin\/?p=73330"},"modified":"2023-06-05T11:25:13","modified_gmt":"2023-06-05T09:25:13","slug":"svekrva-mi-je-unistila-brak-i-zivot-govorila-je-da-sam-za-popovacu","status":"publish","type":"post","link":"https:\/\/www.mojevrijeme.hr\/magazin\/2023\/05\/svekrva-mi-je-unistila-brak-i-zivot-govorila-je-da-sam-za-popovacu\/","title":{"rendered":"Svekrva mi je uni\u0161tila brak i \u017eivot, govorila je da sam za Popova\u010du"},"content":{"rendered":"\n<p><em>Na\u0161a sugovornica 28 je bra\u010dnih godina provela u ku\u0107i sa svekrvom, to su, ka\u017ee, gotovo tri desetlje\u0107a pakla koja nam se potrudila prepri\u010dati. Time, ka\u017ee, \u017eeli ukazati na to da od lo\u0161e svekrve treba pobje\u0107i glavom bez obzira na prvi znak da bi i sinu i snahi mogla uni\u0161ti brak, a time i \u017eivot.<\/em><\/p>\n\n\n\n<p>Udala sam se jako mlada, s 20 godina. Kad smo se vjen\u010dali, suprug me pitao sla\u017eem li se s tim da godinu, najvi\u0161e dvije, \u017eivimo s njegovom majkom udovicom, dok ne rije\u0161imo svoje stambeno pitanje. Svekrva mi je, koliko sam ju do tada poznavala, djelovala kao draga seoska \u017eena, neuka, ali vrijedna i jednostavna. Pristala sam i to je bila najve\u0107a pogre\u0161ka u mom \u017eivotu \u2013 znam to sada. Sigurna sam da mi se zbog te odluke raspao brak<\/p>\n\n\n\n<p>Godina, dvije, pretvorile su se u cijeli moj bra\u010dni sta\u017e, jer moj mu\u017e nikad nije ni namjeravao odseliti se od svoje majke, kao ni ona od njega. Za sve ono \u0161to je moja svekrva \u017eeljela stvoriti sa svojim mu\u017eem, a nije uspjela, koristila je sina, a bila je jo\u0161 u punoj snazi, jer je ve\u0107 s 55 godina ostala udovica.<\/p><div id=\"mojev-1084410421\" class=\"mojev-u-tekstu mojev-entity-placement\" style=\"margin-left: auto;margin-right: auto;text-align: center;\"><div class=\"mojev-adlabel\">oglas<\/div><div style=\"height: 250px;\"><script async src=\"https:\/\/pagead2.googlesyndication.com\/pagead\/js\/adsbygoogle.js?client=ca-pub-8106111766207173\"\r\n     crossorigin=\"anonymous\"><\/script>\r\n<!-- Prikazni 1 u tekstu -->\r\n<ins class=\"adsbygoogle\"\r\n     style=\"display:block\"\r\n     data-ad-client=\"ca-pub-8106111766207173\"\r\n     data-ad-slot=\"8535551207\"\r\n     data-ad-format=\"auto\"\r\n     data-full-width-responsive=\"true\"><\/ins>\r\n<script>\r\n     (adsbygoogle = window.adsbygoogle || []).push({});\r\n<\/script><\/div><\/div><br style=\"clear: both; display: block; float: none;\"\/>\n\n\n\n<h3 class=\"wp-block-heading\">Govorila je da je moj mu\u017e samo njen<\/h3>\n\n\n\n<p>Sve godine na\u0161eg braka zara\u0111ivala sam malo manje nego suprug, a oko raspore\u0111ivanja financija i ulaganja u imanje glavnu rije\u010d je imala njegova majka. On je samo nju uvijek pitao za savjet. Mene se nije pitalo ni\u0161ta, niti se ispunila koja moja \u017eelja. Moje je bilo da radim i \u0161utim jer mi se uvijek dobacilo da njegova majka nama financijski poma\u017ee, budu\u0107i da je primala mirovinu po pokojnom mu\u017eu.\u00a0<\/p>\n\n\n\n<p>Prilikom jedne prepirke sa svekrvom, jo\u0161 na samom po\u010detku na\u0161eg braka, mog mu\u017ea nije bilo kod ku\u0107e, a ona mi je u bijesu rekla da on nikad ne\u0107e biti moj i da je ona njega rodila da ima jedno dijete za sebe, da se brine za nju. Na\u0161e k\u0107erke su tada bile jako male, a ona je dalje vikala da slobodno mogu iz njezine ku\u0107e van, zajedno sa svojom djecom, ali da njen sin pripada samo njoj.<\/p>\n\n\n\n\n\n<p><\/p>\n\n\n\n<p>Kad je suprug do\u0161ao ku\u0107i, ispri\u010dala sam mu detalje prepirke, pozvao ju je da iza\u0111e iz svoje sobe i pitao je je li to istina. Gledala je u njega i porekla sve, uz rije\u010di da sam ja luda i da me treba odvesti za Popova\u010du da me tamo ubiju kao i njenog mu\u017ea.\u00a0<\/p>\n\n\n\n<h3 class=\"wp-block-heading\">Odlu\u010dila je ostati<\/h3>\n\n\n\n<p>Tog dana sam shvatila tko je moja svekrva i kako je odgojila mog supruga. Nisam htjela oti\u0107i iz njene ku\u0107e. Nisam to napravila iz dva razloga: nisam htjela da moja djeca odrastu bez oca i nadala sam se da \u0107e se ne\u0161to promijeniti. <\/p>\n\n\n\n<p>Bili smo jo\u0161 jako mladi i nadala sam se da \u0107e s vremenom i moj mu\u017e uvidjeti neke stvari. Kako su godine odmicale, sve je bivalo jo\u0161 gore. Svaka moja prepirka s njom na kraju je zavr\u0161ila prepirkom s njim. Naime, ona bi se njemu jadala, a poslije bi se on sva\u0111ao sa mnom i branio je.\u00a0<\/p>\n\n\n\n<p>Na kraju sam shvatila da se moj mu\u017e nikada ne\u0107e promijeniti. I on je u neku ruku \u017ertva svoje majke. Ostala njegova bra\u0107a i sestre su se osamostalili i imaju sretne i uspje\u0161ne brakove. Moram re\u0107i da se moja svekrva mogla tako pona\u0161ati samo zato jer joj je sin \u2013 danas moj biv\u0161i suprug &#8211; \u00a0to dopustio.\u00a0<\/p>\n\n\n\n<p>I eto, ona je pokojna, a mi razvedeni, sami i nesretni. Moja poruka za svekrve je &#8211; pustite svu svoju djecu da \u017eive svoj \u017eivot, to je prava nesebi\u010dna ljubav. A moja poruka za snahe je &#8211; ne pristajte na zajedni\u010dki su\u017eivot s roditeljima svojih mu\u017eeva, kao ni sa svojim roditeljima. Ptice su ptice, ali kad pti\u0107i odrastu mudro ih potjeraju iz svog gnijezda.<\/p>\n\n\n\n<div id=\"crveno\"><\/p>\n\n\n\n<h3 class=\"wp-block-heading\">Zanima nas va\u0161a pri\u010da<\/h3>\n\n\n\n<p>\u017delite li i vi, posve anonimno, podijeliti svoje iskustvo i vi\u0111enje ove teme s nama i na\u0161im \u010ditateljima, mo\u017eete to u\u010diniti putem web obrasca <a rel=\"noreferrer noopener\" href=\"https:\/\/www.mojevrijeme.hr\/magazin\/povjerljivo\/\" target=\"_blank\">Povjerljivo<\/a>. Napi\u0161ite svoju pri\u010du!<\/p>\n\n\n\n<p><\/div>\n<div id=\"mojev-1825419673\" class=\"mojev-kraj-teksta mojev-entity-placement\" style=\"margin-bottom: 20px;margin-left: auto;margin-right: auto;text-align: center;\"><div class=\"mojev-adlabel\">oglas<\/div><div style=\"height: 250px;\"><script async src=\"https:\/\/pagead2.googlesyndication.com\/pagead\/js\/adsbygoogle.js?client=ca-pub-8106111766207173\"\r\n     crossorigin=\"anonymous\"><\/script>\r\n<!-- Display-1 -->\r\n<ins class=\"adsbygoogle\"\r\n     style=\"display:block\"\r\n     data-ad-client=\"ca-pub-8106111766207173\"\r\n     data-ad-slot=\"1465712950\"\r\n     data-ad-format=\"auto\"\r\n     data-full-width-responsive=\"true\"><\/ins>\r\n<script>\r\n     (adsbygoogle = window.adsbygoogle || []).push({});\r\n<\/script><\/div><\/div>","protected":false},"excerpt":{"rendered":"<p>Pristanak na \u017eivot sa svekrvom pod istim krovom bila je njezina najve\u0107a pogre\u0161ka u \u017eivotu, uvjerena je na\u0161a \u010ditateljica koja nam je povjerila svoju te\u0161ku sudbinu. Svekrva je na nju svakodnevno sipala otrovne rije\u010di, omalova\u017eavala je, odlu\u010divala o ulaganjima, u sve se mije\u0161ala. Kad se po\u017ealila suprugu, on je uvijek stao na stranu svoje majke. Trpjela je nekoliko desetlje\u0107a, dok djeca nisu porasla, a onda se razvela. Danas ni suprug ni ona nisu sretni ljudi.<\/p>\n","protected":false},"author":17,"featured_media":73347,"comment_status":"closed","ping_status":"closed","sticky":false,"template":"","format":"standard","meta":{"footnotes":""},"categories":[3552],"tags":[3437,1436,252,3374,3373],"class_list":["post-73330","post","type-post","status-publish","format-standard","has-post-thumbnail","hentry","category-povjerljivo","tag-obiteljski-odnosi","tag-povjerljivo","tag-razvod","tag-snahe","tag-svekrve"],"_links":{"self":[{"href":"https:\/\/www.mojevrijeme.hr\/magazin\/wp-json\/wp\/v2\/posts\/73330","targetHints":{"allow":["GET"]}}],"collection":[{"href":"https:\/\/www.mojevrijeme.hr\/magazin\/wp-json\/wp\/v2\/posts"}],"about":[{"href":"https:\/\/www.mojevrijeme.hr\/magazin\/wp-json\/wp\/v2\/types\/post"}],"author":[{"embeddable":true,"href":"https:\/\/www.mojevrijeme.hr\/magazin\/wp-json\/wp\/v2\/users\/17"}],"replies":[{"embeddable":true,"href":"https:\/\/www.mojevrijeme.hr\/magazin\/wp-json\/wp\/v2\/comments?post=73330"}],"version-history":[{"count":0,"href":"https:\/\/www.mojevrijeme.hr\/magazin\/wp-json\/wp\/v2\/posts\/73330\/revisions"}],"wp:featuredmedia":[{"embeddable":true,"href":"https:\/\/www.mojevrijeme.hr\/magazin\/wp-json\/wp\/v2\/media\/73347"}],"wp:attachment":[{"href":"https:\/\/www.mojevrijeme.hr\/magazin\/wp-json\/wp\/v2\/media?parent=73330"}],"wp:term":[{"taxonomy":"category","embeddable":true,"href":"https:\/\/www.mojevrijeme.hr\/magazin\/wp-json\/wp\/v2\/categories?post=73330"},{"taxonomy":"post_tag","embeddable":true,"href":"https:\/\/www.mojevrijeme.hr\/magazin\/wp-json\/wp\/v2\/tags?post=73330"}],"curies":[{"name":"wp","href":"https:\/\/api.w.org\/{rel}","templated":true}]}}