{"id":73414,"date":"2023-05-10T15:13:01","date_gmt":"2023-05-10T13:13:01","guid":{"rendered":"https:\/\/www.mojevrijeme.hr\/magazin\/?p=73414"},"modified":"2023-05-10T15:13:29","modified_gmt":"2023-05-10T13:13:29","slug":"plenkovicu-povecaj-mirovine-za-10-posto-i-ukini-penalizaciju-sa-65-godina","status":"publish","type":"post","link":"https:\/\/www.mojevrijeme.hr\/magazin\/2023\/05\/plenkovicu-povecaj-mirovine-za-10-posto-i-ukini-penalizaciju-sa-65-godina\/","title":{"rendered":"&#8216;Plenkovi\u0107u, pove\u0107aj mirovine za 10 posto i ukini penalizaciju sa 65 godina&#8217;"},"content":{"rendered":"\n<p>Porezno-mirovinska reforma koju najavljuju premijer <strong>Andrej Plenkovi\u0107<\/strong> (HDZ) i ministar financija <strong>Marko Primorac<\/strong>, jo\u0161 uvijek nije detaljno predstavljena javnosti, no mnoge je zabrinula najava da \u0107e se i\u0107i u rezanje doprinosa za 1. mirovinski stup. Prema nekim kriti\u010darima, doprinos bi se trebao prepoloviti, dok Blok umirovljenici zajedno raspola\u017ee informacijom da \u0107e se doprinos smanjiti s 15 na 13 posto. <\/p>\n\n\n\n<p>Sindikat umirovljenika Hrvatske (SUH) odmah je upozorio da je rije\u010d o spa\u0161avanju 2. mirovinskog stupa koji, za sada, godi samo onima koji su imali velike pla\u0107e. Tako bi se u budu\u0107nosti mirovine iz 1. stupa svele na neki oblik dr\u017eavne naknade ili socijalne pomo\u0107i. Valja znati da se trenutnim uplatama u 1. mirovinski stup financira ve\u0107i dio mirovina.<\/p>\n\n\n\n<p>&#8220;Zanimljivo kako Va\u0161e i ministrove inicijative podr\u017eavaju samo poslodavci i njihove udruge te predstavnici obveznih mirovinskih fondova inozemnih banaka, dok se protive brojni znanstvenici, sindikati kao predstavnici radnika i umirovljeni\u010dke udruge&#8221;, napisali su Sindikat umirovljenika Hrvatske (SUH) i Matica umirovljenika Hrvatske (MUH) u danas poslanom otvorenom pismu premijeru.<\/p><div id=\"mojev-262064715\" class=\"mojev-u-tekstu mojev-entity-placement\" style=\"margin-left: auto;margin-right: auto;text-align: center;\"><div class=\"mojev-adlabel\">oglas<\/div><div style=\"height: 250px;\"><script async src=\"https:\/\/pagead2.googlesyndication.com\/pagead\/js\/adsbygoogle.js?client=ca-pub-8106111766207173\"\r\n     crossorigin=\"anonymous\"><\/script>\r\n<!-- Prikazni 1 u tekstu -->\r\n<ins class=\"adsbygoogle\"\r\n     style=\"display:block\"\r\n     data-ad-client=\"ca-pub-8106111766207173\"\r\n     data-ad-slot=\"8535551207\"\r\n     data-ad-format=\"auto\"\r\n     data-full-width-responsive=\"true\"><\/ins>\r\n<script>\r\n     (adsbygoogle = window.adsbygoogle || []).push({});\r\n<\/script><\/div><\/div><br style=\"clear: both; display: block; float: none;\"\/>\n\n\n\n<p>S obzirom na raniju dobru suradnju SUH i MUH iznena\u0111eni su time \u0161to nisu kontaktirani  vezi ovog preva\u017enog pitanju koje se doti\u010de polo\u017eaja starijih osoba u dru\u0161tvu. &#8220;Ovaj put ne samo da nismo obavije\u0161teni, ve\u0107 smo o svemu doznali iz medija. Saznali smo putem medija i da ministar financija nema namjeru pove\u0107ati osobni porezni odbitak na dohodak (pla\u0107e i mirovine) sa 4.000 na 5.000 kuna, odnosno sa 530,90 eura na 663,61 eura, jer bi time pogodovao &#8216;srednjoj i vi\u0161oj klasi&#8217;. Oprostite, premijeru, ali ovakva ocjena je zastra\u0161uju\u0107a&#8221;, navode.<\/p>\n\n\n\n<p>SUH i MUH zamjeraju premijeru \u0161to ne najavljuje da \u0107e u vezi takozvane porezne reforme mirovine u\u010diniti adekvatnijima, iako je u zbirci predizbornih obe\u0107anja HDZ najavio kako \u0107e pove\u0107ati udio neto mirovina u neto pla\u0107ama do kraja mandata na barem 50 posto. &#8220;Sada je u velja\u010di, me\u0111utim, udjel mirovine u pla\u0107i pao na samo 35,1 posto. To je slu\u017ebeni podatak, a ne ono \u0161to Vam dostavljaju ministri nakon \u0161to odre\u017eu tzv. mirovine temeljem me\u0111unarodnih ugovora, jer i to su poglavito gra\u0111ani Hrvatske. I s takvim smo postotkom najni\u017ee na ljestvici Europske unije (prosje\u010dni udjel \u2013 62 posto), kao i me\u0111u dr\u017eavama nastalim na podru\u010dju biv\u0161e Jugoslavije, gdje se udjel kre\u0107e od 45 do 60 posto&#8221;, stoji u pismu. <\/p>\n\n\n\n<p>SUH i MUH otvorenim pismom od premijera zahtijevaju da pove\u0107aju mirovine za najmanje 10 posto te da ukine penalizaciju sa 65 godina. Osim toga, tra\u017ee uvo\u0111enje novog modela uskla\u0111ivanja mirovina prema povoljnijem indeksu rasta pla\u0107a ili cijena. <\/p>\n\n\n\n<p>&#8220;Tra\u017eimo i da uvedete minimalne mirovine, svim umirovljenicama priznate barem po jednu godinu dodatnog sta\u017ea po djetetu (a ne 6 mjeseci i to samo umirovljenima nakon 1.1.2019. godine), uvedete 13. mirovinu, vratite prava na dostavu mirovina po\u0161tom, ukinete pla\u0107anje alimentacije od strane baka i djedova, a o ostalome \u0107emo rado nastaviti socijalni dijalog, jer suprotno od toga su prosvjedi sve gladnijih umirovljenika, \u0161to bismo svi rado izbjegli&#8221;, stoji u pismu kojeg potpisuju predsjednice SUH-a i MUH-a, <strong>Jasna A. Petrovi\u0107<\/strong> i <strong>Vi\u0161nja Fortuna<\/strong>. <\/p>\n<div id=\"mojev-1130482162\" class=\"mojev-kraj-teksta mojev-entity-placement\" style=\"margin-bottom: 20px;margin-left: auto;margin-right: auto;text-align: center;\"><div class=\"mojev-adlabel\">oglas<\/div><div style=\"height: 250px;\"><script async src=\"https:\/\/pagead2.googlesyndication.com\/pagead\/js\/adsbygoogle.js?client=ca-pub-8106111766207173\"\r\n     crossorigin=\"anonymous\"><\/script>\r\n<!-- Display-1 -->\r\n<ins class=\"adsbygoogle\"\r\n     style=\"display:block\"\r\n     data-ad-client=\"ca-pub-8106111766207173\"\r\n     data-ad-slot=\"1465712950\"\r\n     data-ad-format=\"auto\"\r\n     data-full-width-responsive=\"true\"><\/ins>\r\n<script>\r\n     (adsbygoogle = window.adsbygoogle || []).push({});\r\n<\/script><\/div><\/div>","protected":false},"excerpt":{"rendered":"<p>Najavljeni porezno-mirovinski plan u Hrvatskoj izazvao je zabrinutost. Vlada predla\u017ee smanjenje doprinosa za 1. mirovinski stup, \u0161to je izazvalo kritike umirovljeni\u010dkih udruga i sindikata. A tu je jo\u0161 i niz neispunjenih izbornih obe\u0107anja. <\/p>\n","protected":false},"author":1,"featured_media":29680,"comment_status":"closed","ping_status":"closed","sticky":false,"template":"","format":"standard","meta":{"footnotes":""},"categories":[9],"tags":[888,18,1116,3477,167],"class_list":["post-73414","post","type-post","status-publish","format-standard","has-post-thumbnail","hentry","category-vijesti","tag-andrej-plenkovic","tag-mirovine","tag-mirovinska-reforma","tag-prvi-stup","tag-sindikat-umirovljenika"],"_links":{"self":[{"href":"https:\/\/www.mojevrijeme.hr\/magazin\/wp-json\/wp\/v2\/posts\/73414","targetHints":{"allow":["GET"]}}],"collection":[{"href":"https:\/\/www.mojevrijeme.hr\/magazin\/wp-json\/wp\/v2\/posts"}],"about":[{"href":"https:\/\/www.mojevrijeme.hr\/magazin\/wp-json\/wp\/v2\/types\/post"}],"author":[{"embeddable":true,"href":"https:\/\/www.mojevrijeme.hr\/magazin\/wp-json\/wp\/v2\/users\/1"}],"replies":[{"embeddable":true,"href":"https:\/\/www.mojevrijeme.hr\/magazin\/wp-json\/wp\/v2\/comments?post=73414"}],"version-history":[{"count":0,"href":"https:\/\/www.mojevrijeme.hr\/magazin\/wp-json\/wp\/v2\/posts\/73414\/revisions"}],"wp:featuredmedia":[{"embeddable":true,"href":"https:\/\/www.mojevrijeme.hr\/magazin\/wp-json\/wp\/v2\/media\/29680"}],"wp:attachment":[{"href":"https:\/\/www.mojevrijeme.hr\/magazin\/wp-json\/wp\/v2\/media?parent=73414"}],"wp:term":[{"taxonomy":"category","embeddable":true,"href":"https:\/\/www.mojevrijeme.hr\/magazin\/wp-json\/wp\/v2\/categories?post=73414"},{"taxonomy":"post_tag","embeddable":true,"href":"https:\/\/www.mojevrijeme.hr\/magazin\/wp-json\/wp\/v2\/tags?post=73414"}],"curies":[{"name":"wp","href":"https:\/\/api.w.org\/{rel}","templated":true}]}}