{"id":73423,"date":"2023-05-10T20:46:55","date_gmt":"2023-05-10T18:46:55","guid":{"rendered":"https:\/\/www.mojevrijeme.hr\/magazin\/?p=73423"},"modified":"2023-05-10T20:56:30","modified_gmt":"2023-05-10T18:56:30","slug":"svjedocenja-javna-i-tajna-krstenja-u-jugoslaviji","status":"publish","type":"post","link":"https:\/\/www.mojevrijeme.hr\/magazin\/2023\/05\/svjedocenja-javna-i-tajna-krstenja-u-jugoslaviji\/","title":{"rendered":"Javna i tajna katoli\u010dka kr\u0161tenja u Jugoslaviji, Partija je sve bilje\u017eila"},"content":{"rendered":"\n<p>Nema te rasprave na dru\u0161tvenim mre\u017eama koja, prije ili kasnije, ne mo\u017ee zavr\u0161iti u rukavcima sje\u0107anja na nekada\u0161nju Jugoslaviju. Dogodilo se to i s pri\u010dom o svekrvama i punicama koje jednostavno ne mogu prihvatiti \u010dinjenicu da im djeca ne \u017eele krstiti unuke pa razmi\u0161ljaju i o tajnim kr\u0161tenjima, daleko od o\u010diju roditelja, &#8220;ba\u0161 kao nekad&#8221;.<\/p>\n\n\n\n<p>Prisjetile su se neke na\u0161e \u010ditateljica kako se nekad u raspaloj dr\u017eavi nije s pretjeranim odobravanjem gledalo na primanje sakramenata, no kako se ipak ni tada nije odustajalo od njih. Kr\u0161tenja su bila javna, tajna, no\u0107na ili dnevna, u skladu s ambicijama i strahovima roditelja. U izravnom razgovoru sa svjedokinjama vremena prisjetili smo se kako je to izgledalo.<\/p>\n\n\n\n<h3 class=\"wp-block-heading\">&#8220;Nitko nije i\u0161ao u zatvor zbog kr\u0161tenja djeteta, ali&#8230;&#8221;<\/h3>\n\n\n\n<p>Li\u010danka <strong>Marina (76)<\/strong> sina je krstila 1974 godina. Ka\u017ee, bila je u Partiji i nije i\u0161la na bogoslu\u017eja, ali kr\u0161tenje je htjela obaviti iz vjerskih i tradicionalnih razloga. &#8220;Nisam znala kako se to organizira pa sam zamolila budu\u0107u kumu svoga sina da to u\u010dini. \u017dupnik se ne\u0107kao, s obzirom da nisam i\u0161la u crkvu, ali je na kraju pristao. Nije to bilo tajno kr\u0161tenje kao \u0161to su to \u010dinile neke moje prijateljice. Svi u poduze\u0107u su znali da sam obavila kr\u0161tenje i nisam imala problema zbog toga.&#8221;<\/p><div id=\"mojev-201755488\" class=\"mojev-u-tekstu mojev-entity-placement\" style=\"margin-left: auto;margin-right: auto;text-align: center;\"><div class=\"mojev-adlabel\">oglas<\/div><div style=\"height: 250px;\"><script async src=\"https:\/\/pagead2.googlesyndication.com\/pagead\/js\/adsbygoogle.js?client=ca-pub-8106111766207173\"\r\n     crossorigin=\"anonymous\"><\/script>\r\n<!-- Prikazni 1 u tekstu -->\r\n<ins class=\"adsbygoogle\"\r\n     style=\"display:block\"\r\n     data-ad-client=\"ca-pub-8106111766207173\"\r\n     data-ad-slot=\"8535551207\"\r\n     data-ad-format=\"auto\"\r\n     data-full-width-responsive=\"true\"><\/ins>\r\n<script>\r\n     (adsbygoogle = window.adsbygoogle || []).push({});\r\n<\/script><\/div><\/div><br style=\"clear: both; display: block; float: none;\"\/>\n\n\n\n<p>&#8220;Drugo su bili policajci, nastavnici, vojska, u\u010ditelji, u nekim slu\u017ebama se nije smjelo i\u0107i u crkvu, svi ostali su smjeli. To je bio takav sistem. Zapravo, nabrojani su krstili djecu po no\u0107i. Jako malo hrvatske djece je i tada bilo nekr\u0161teno. Ali da je netko i\u0161ao u zatvor, zato \u0161to je krstio dijete \u2013 pa ba\u0161 i nije&#8221;, ka\u017ee ova umirovljena slu\u017ebenica. Na vjeronauk je i\u0161la, ali, dodaje, u toj dobi ga nije razumjela. Njen sin, ka\u017ee, vlastitom voljom nije i\u0161ao na vjeronauk niti je obavio druge sakramente.<\/p>\n\n\n\n<h3 class=\"wp-block-heading\">&#8220;Morala sam biti oprezna, \u017eeljela sam bolji \u017eivot za svoju obitelj&#8221;<\/h3>\n\n\n\n<p>&#8220;Dijete sam 1970. godine krstila po no\u0107i i u tajnosti, u susjednom mjestu&#8221;, svoje iskustvo govori nam <strong>Ana (77)<\/strong> iz Primorja. &#8220;Bila sam u Partiji, jer sam \u017eeljela napredovati na poslu. To je normalna \u017eelja, svi \u017eelimo bolje za sebe i svoju djecu. Pa nisam se \u0161kolovala da bih bila radnica na traci. Radila sam u strogo kontroliranoj slu\u017ebi i nisam \u017eeljela ugroziti ni sebe ni svoju obitelj. Kr\u0161tenje je bilo organizirano u jednoj privatnoj ku\u0107i, nisam \u017eeljela da bude u crkvi. Bilo je u potpunosti tajno. Kasnije, kad je Jugoslavija nestala, mogla sam bez straha govoriti o tome. Dugo mi je trebalo da se priviknem na tu slobodu&#8221;, navodi nam. Dodaje, mo\u017eda je njen oprez bio pretjeran, ali vremena su bila takva da se nikome nije u potpunosti vjerovalo. &#8220;Sve se negdje zapisivalo, ljudi su se pozivali da tajno svjedo\u010de protiv svojih najbli\u017eih&#8221;, zaklju\u010duje.<\/p>\n\n\n\n<h3 class=\"wp-block-heading\">&#8220;Nismo imali \u0161to izgubiti&#8221;<\/h3>\n\n\n\n<p>Jo\u0161 smo jednu Li\u010danku zamolili za svjedo\u010denje. Ka\u017ee, u Jugoslaviji nije imala problema \u0161to je bila vjernica u smislu toga da ju je netko maltretirao. &#8220;Redovito smo i\u0161li u crkvu, cijela obitelj. Sve se slavilo. Djecu smo svu krstili. Ali nije se na to gledalo ba\u0161 kao na neki plus. Ja sam bila obi\u010dna radnica u pogonu, a mu\u017e je bio radnik u drugom poduze\u0107u. Radili smo i poljoprivredu. Zna\u010di, nama nisu mogli s ni\u010dim na\u0161koditi jer nismo bili na nekoj \u0161efovskoj ili partijskoj poziciji, ve\u0107 smo bili obi\u010dni mali ljudi koji su te\u0161ko radili da bi imali normalan \u017eivot&#8221;, prisje\u0107a se Marija (84).<\/p>\n\n\n\n\n\n<p><\/p>\n\n\n\n<h3 class=\"wp-block-heading\">&#8220;Tajno sam krstila unuku, bez znanja njenog oca&#8221;<\/h3>\n\n\n\n<p>&#8220;\u017divimo na selu, moj suprug je bio lugar, ja doma\u0107ica. Nikad se nismo bavili politikom, nije bilo vremena uz krave, svinje, koko\u0161i, njive. Jedine minute odmora do\u010dekala bih nave\u010der, kad sam sjedala uz krunicu. Vjera mi bila i ostala va\u017enija od svega. Moj \u017eivot za Juge bio je te\u017eak, ali je moja du\u0161a bila spokojna, sve dok se stariji sin nije uklju\u010dio u Partiju. Od tada sam puno toga pretrpjela, jer nam nije dao da idemo u crkvu niti je dopustio da krstimo unuku&#8221;, ispri\u010dala nam je <strong>Slavica (92)<\/strong> iz Gorskog kotara. Smislila je ona, ka\u017ee, ipak na\u010din kako da djevoj\u010dicu krsti potajno.<\/p>\n\n\n\n<p>&#8220;Snaha je znala i dopustila, ali ne i previ\u0161e pomogla oko organizacije, osim \u0161to je pristala s mu\u017eem oti\u0107i u sat i pol udaljen grad u nabavku dok smo mi u crkvi. Najprije sam sve detalje unaprijed dogovorila sa sve\u0107enikom, spomenem ga se u molitvi i danas. Na dogovoren dan dijete sam zamotala u pindekel, povoj koji sam sama sa\u0161ila. Obrubila sam ga zlatnom vrpcom, sje\u0107am se kao danas kako sam te\u0161ko do nje do\u0161la. Stavila sam djevoj\u010dicu u ko\u0161aru, a susjeda koja je, jedina \u017eena u selu, vozila fi\u0107u, odvezla nas je u crkvu i bila kuma na kr\u0161tenju. Ne bih ja mogla sama bez auta odnijeti dijete, dva i pol kilometra smo udaljeni od crkve. Ali gdje ima volje, na\u0111e se i na\u010dina i tako je moja unuka primila sakrament kr\u0161tenja&#8221;, kazala nam je Slavica.<\/p>\n\n\n\n<h3 class=\"wp-block-heading\">Neki ni ne znaju da su kr\u0161teni<\/h3>\n\n\n\n<p>Goranka <strong>Milena<\/strong> bila je mlada \u017eena kad je njezina majka, tamo sedamdesetih godina pro\u0161log stolje\u0107a, kriomice pripremala kr\u0161tenje ne\u0107aka. &#8220;Najprije sam je \u010dula kako sestru uvjerava da dijete bez pogovora mora biti kr\u0161teno i da za to nitko ne mora znati. Za nju je ne krstiti dijete bilo ne\u0161to najgore \u0161to jednu obitelj mo\u017ee sna\u0107i. Bila si je jako dobra sa \u017eupnikom i sve je sama dogovorila. Moja je sestra unato\u010d strahu od supruga, koji je bio u Partiji, poslu\u0161ala majku i potajno joj pomagala. Sje\u0107am se kad su se povukle u zadnju sobicu i pomno dogovarale tko \u0107e biti djetetov kum, to je morao biti netko iz naju\u017ee obitelji tko \u0107e o tome \u0161utjeti kao zaliven. I zamislite, moj \u0161ogor je nedavno umro, i ba\u0161 sam pitala sestru je li mu ikad rekla da mu je dijete kr\u0161teno \u2013 gotovo me \u0161okirala odgovorom: niti je ikad saznao suprug, niti to zna kr\u0161teni joj sin koji danas ima 51 godinu. Razlog je tome, ka\u017ee, \u0161to sina nije smjela odgajati u vjeri, pa smatra da je svejedno znali li ili ne zna&#8221;.<\/p>\n\n\n\n<p>Kako je zaklju\u010dila gospo\u0111a Milena, iako je vjernica, malo smisla pronalazi u takvim tajnim kr\u0161tenjima koja su organizirale bake: &#8220;Mnoge od tih baka rijetko vi\u0111aju unuke i ne mogu obe\u0107ati da \u0107e im unuci biti odgajani u vjeri, osobito ako su im roditelji ateisti. Zato bi djecu trebali krstiti roditelji. Suprug i ja imamo \u010detvero djece i sedmero unu\u010dadi. Zamislite samo kako nas dvoje trpimo, samo istinski vjernicu razumiju takve rane &#8211; troje na\u0161e djece \u017eivi u divljem braku, petero na\u0161e unu\u010dadi nije kr\u0161teno. Suprug i ja nikada ne\u0107emo prestati moliti za njihovo obra\u0107enje, i to ponajprije molimo da se obrate djeca koja bi vjeru mogla usaditi u unuke, i onda mo\u017eemo slaviti radost kr\u0161tenja. Mi to ne \u017eelimo raditi potajno, na silu&#8221;, rekla nam je Milena.<\/p>\n\n\n\n<h3 class=\"wp-block-heading\">Dr\u017eava je poku\u0161avala smanjiti broj kr\u0161tenja<\/h3>\n\n\n\n<p>Pri\u010de na\u0161ih sugovornica potvr\u0111uje i tada\u0161nje dnevno glasilo pod kontrolom Komunisti\u010dke partije. <strong>Borba<\/strong> iz 1975. godine skandalizirano pi\u0161e da su &#8220;\u010dak i djeca \u010diji su roditelji bili \u010dlanovi Saveza komunista Jugoslavije kr\u0161tena u crkvi bez znanja svojih roditelja&#8221;. Bilo je to vrijeme u kojem se dono\u0161enjem novih zakona poku\u0161avalo udaljiti ljude od vjere pa se predlagalo da za sva kr\u0161tenja sve\u0107enik mora pribaviti potpise oba roditelja umjesto jednog, ali i formalni pristanak djeteta, ako je ono starije od 10 godina. Vi\u0161e pro\u010ditajte u <a rel=\"noreferrer noopener\" href=\"https:\/\/www.mojevrijeme.hr\/magazin\/2022\/10\/jugoslavija-1975-bozic-i-krstenja-nisu-dobrodosli-a-stranci-i-svecenici-se-zatvaraju-crkva-je-proglasena-oporbom\/\" target=\"_blank\">ovom prilogu<\/a>.<\/p>\n\n\n\n<div id=\"crveno\"><\/p>\n\n\n\n<h3 class=\"wp-block-heading\">Zanima nas va\u0161a pri\u010da<\/h3>\n\n\n\n<p>\u017delite li i vi, posve anonimno, podijeliti svoje iskustvo i vi\u0111enje ove teme s nama i na\u0161im \u010ditateljima, mo\u017eete to u\u010diniti putem web obrasca <a rel=\"noreferrer noopener\" href=\"https:\/\/www.mojevrijeme.hr\/magazin\/povjerljivo\/\" target=\"_blank\">Povjerljivo<\/a>. Napi\u0161ite svoju pri\u010du!<\/p>\n\n\n\n<p><\/div>\n<div id=\"mojev-2187982140\" class=\"mojev-kraj-teksta mojev-entity-placement\" style=\"margin-bottom: 20px;margin-left: auto;margin-right: auto;text-align: center;\"><div class=\"mojev-adlabel\">oglas<\/div><div style=\"height: 250px;\"><script async src=\"https:\/\/pagead2.googlesyndication.com\/pagead\/js\/adsbygoogle.js?client=ca-pub-8106111766207173\"\r\n     crossorigin=\"anonymous\"><\/script>\r\n<!-- Display-1 -->\r\n<ins class=\"adsbygoogle\"\r\n     style=\"display:block\"\r\n     data-ad-client=\"ca-pub-8106111766207173\"\r\n     data-ad-slot=\"1465712950\"\r\n     data-ad-format=\"auto\"\r\n     data-full-width-responsive=\"true\"><\/ins>\r\n<script>\r\n     (adsbygoogle = window.adsbygoogle || []).push({});\r\n<\/script><\/div><\/div>","protected":false},"excerpt":{"rendered":"<p>Vjerski \u017eivot nije bio dobrodo\u0161ao u nekada\u0161njoj Jugoslaviji. Unato\u010d tome, mnogi katolici su javno krstili svoju djecu, dok su neki, pod utjecajem ambicija ili straha, to \u010dinili tajno. Bez obzira na politi\u010dke pritiske, kr\u0161tenje je zadr\u017ealo svoju va\u017enost te je tek mali dio djece etni\u010dkih Hrvata ostao bez temeljnog katoli\u010dkog sakramenta.<\/p>\n","protected":false},"author":17,"featured_media":73436,"comment_status":"closed","ping_status":"closed","sticky":false,"template":"","format":"standard","meta":{"footnotes":""},"categories":[2],"tags":[188,1070,3011,303,3421],"class_list":["post-73423","post","type-post","status-publish","format-standard","has-post-thumbnail","hentry","category-mozaik","tag-jugoslavija","tag-katolici","tag-krstenje","tag-religija","tag-sakramenti"],"_links":{"self":[{"href":"https:\/\/www.mojevrijeme.hr\/magazin\/wp-json\/wp\/v2\/posts\/73423","targetHints":{"allow":["GET"]}}],"collection":[{"href":"https:\/\/www.mojevrijeme.hr\/magazin\/wp-json\/wp\/v2\/posts"}],"about":[{"href":"https:\/\/www.mojevrijeme.hr\/magazin\/wp-json\/wp\/v2\/types\/post"}],"author":[{"embeddable":true,"href":"https:\/\/www.mojevrijeme.hr\/magazin\/wp-json\/wp\/v2\/users\/17"}],"replies":[{"embeddable":true,"href":"https:\/\/www.mojevrijeme.hr\/magazin\/wp-json\/wp\/v2\/comments?post=73423"}],"version-history":[{"count":0,"href":"https:\/\/www.mojevrijeme.hr\/magazin\/wp-json\/wp\/v2\/posts\/73423\/revisions"}],"wp:featuredmedia":[{"embeddable":true,"href":"https:\/\/www.mojevrijeme.hr\/magazin\/wp-json\/wp\/v2\/media\/73436"}],"wp:attachment":[{"href":"https:\/\/www.mojevrijeme.hr\/magazin\/wp-json\/wp\/v2\/media?parent=73423"}],"wp:term":[{"taxonomy":"category","embeddable":true,"href":"https:\/\/www.mojevrijeme.hr\/magazin\/wp-json\/wp\/v2\/categories?post=73423"},{"taxonomy":"post_tag","embeddable":true,"href":"https:\/\/www.mojevrijeme.hr\/magazin\/wp-json\/wp\/v2\/tags?post=73423"}],"curies":[{"name":"wp","href":"https:\/\/api.w.org\/{rel}","templated":true}]}}