{"id":73496,"date":"2023-05-11T06:38:42","date_gmt":"2023-05-11T04:38:42","guid":{"rendered":"https:\/\/www.mojevrijeme.hr\/magazin\/?p=73496"},"modified":"2023-05-11T06:40:40","modified_gmt":"2023-05-11T04:40:40","slug":"objavljeno-je-koliko-zaraduje-medicinska-sestra-s-40-godina-staza","status":"publish","type":"post","link":"https:\/\/www.mojevrijeme.hr\/magazin\/2023\/05\/objavljeno-je-koliko-zaraduje-medicinska-sestra-s-40-godina-staza\/","title":{"rendered":"Objavljeno je koliko zara\u0111uje medicinska sestra s 40 godina sta\u017ea"},"content":{"rendered":"\n<p>Nakon \u0161to su proteklih dana prosvjedovali ispred bolnica u svoje slobodno vrijeme, danas \u0107e medicinske sestre, tehni\u010dari te nemedicinsko osoblje svoja prava tra\u017eiti na zagreba\u010dkom Zrinjevcu. Prosvjed \u0107e se odr\u017eati od 11:00 do 11:30 sati. Njihov glas Vlada mora \u010duti, poru\u010duju, a tra\u017ee pove\u0107anje pla\u0107a i koeficijenta za 10 posto, ba\u0161 onoliko koliko su dobili lije\u010dnici.<\/p>\n\n\n\n<p>Ovo je samo jedan u nizu mirnih prosvjeda kojim medicinsko osoblje izuzev lije\u010dnika, ali i nezdravstveni radnici upozoravaju da im je dosta \u2013&nbsp;<strong>dosta pre\u017eivljavanja s mizernom pla\u0107om<\/strong>. Kako javlja <a href=\"https:\/\/n1info.hr\/vijesti\/hoce-li-medicinske-sestre-u-strajk-otkrile-kolika-im-je-placa-s-40-godina-staza-2\/\" target=\"_blank\" rel=\"noreferrer noopener\">N1<\/a>, uz smjenski rad s 40 godina radnog sta\u017ea na le\u0111ima, medicinskoj sestri Mirjani pla\u0107a jedva dosegne 1000 eura.<\/p>\n\n\n\n<p>\u201cJa sam srednja stru\u010dna sprema, primjer kolegice koja je magistra, ima manje godina radnog sta\u017ea, njena pla\u0107a je u tim okvirima oko 1000 \u2013 1100 eura, to je sramotno za medicinsku sestru. Ovo \u0161to tra\u017eimo minimalno pove\u0107anje od 10 posto, ja \u0107u s ovog mjesta re\u0107i da je to premalo, da vrijedimo puno puno vi\u0161e&#8221;, navodi medicinska sestra primalja.<\/p><div id=\"mojev-1436382504\" class=\"mojev-u-tekstu mojev-entity-placement\" style=\"margin-left: auto;margin-right: auto;text-align: center;\"><div class=\"mojev-adlabel\">oglas<\/div><div style=\"height: 250px;\"><script async src=\"https:\/\/pagead2.googlesyndication.com\/pagead\/js\/adsbygoogle.js?client=ca-pub-8106111766207173\"\r\n     crossorigin=\"anonymous\"><\/script>\r\n<!-- Prikazni 1 u tekstu -->\r\n<ins class=\"adsbygoogle\"\r\n     style=\"display:block\"\r\n     data-ad-client=\"ca-pub-8106111766207173\"\r\n     data-ad-slot=\"8535551207\"\r\n     data-ad-format=\"auto\"\r\n     data-full-width-responsive=\"true\"><\/ins>\r\n<script>\r\n     (adsbygoogle = window.adsbygoogle || []).push({});\r\n<\/script><\/div><\/div><br style=\"clear: both; display: block; float: none;\"\/>\n\n\n\n<p>I nemedicinskim djelatnicima nije ni\u0161ta bolje. U kuhinji klinike za traumatologiju 2011. bilo je 17 kuhara, danas ih je 9. Ovog kadra je sve manje jer ih negdje drugdje privla\u010de bolje pla\u0107e i humaniji uvjeti rada. Ovaj vrlo te\u017eak rad u uvjetima bez klimatizacije pla\u0107a se tek 4.000 do 4.500 kuna s vikendima, prekovremenima, blagdanima\u2026<\/p>\n<div id=\"mojev-3722214115\" class=\"mojev-kraj-teksta mojev-entity-placement\" style=\"margin-bottom: 20px;margin-left: auto;margin-right: auto;text-align: center;\"><div class=\"mojev-adlabel\">oglas<\/div><div style=\"height: 250px;\"><script async src=\"https:\/\/pagead2.googlesyndication.com\/pagead\/js\/adsbygoogle.js?client=ca-pub-8106111766207173\"\r\n     crossorigin=\"anonymous\"><\/script>\r\n<!-- Display-1 -->\r\n<ins class=\"adsbygoogle\"\r\n     style=\"display:block\"\r\n     data-ad-client=\"ca-pub-8106111766207173\"\r\n     data-ad-slot=\"1465712950\"\r\n     data-ad-format=\"auto\"\r\n     data-full-width-responsive=\"true\"><\/ins>\r\n<script>\r\n     (adsbygoogle = window.adsbygoogle || []).push({});\r\n<\/script><\/div><\/div>","protected":false},"excerpt":{"rendered":"<p>Medicinsko osoblje prosvjeduje na Zrinjevcu za pove\u0107anje pla\u0107a i koeficijenta. Izra\u017eavaju svoje nezadovoljstvo mizernim primanjima i tra\u017ee bolje uvjete rada.<\/p>\n","protected":false},"author":1,"featured_media":73499,"comment_status":"closed","ping_status":"closed","sticky":false,"template":"","format":"standard","meta":{"footnotes":""},"categories":[9],"tags":[1853,17,179,687],"class_list":["post-73496","post","type-post","status-publish","format-standard","has-post-thumbnail","hentry","category-vijesti","tag-medicinske-sestre","tag-novac","tag-placa","tag-prosvjedi"],"_links":{"self":[{"href":"https:\/\/www.mojevrijeme.hr\/magazin\/wp-json\/wp\/v2\/posts\/73496","targetHints":{"allow":["GET"]}}],"collection":[{"href":"https:\/\/www.mojevrijeme.hr\/magazin\/wp-json\/wp\/v2\/posts"}],"about":[{"href":"https:\/\/www.mojevrijeme.hr\/magazin\/wp-json\/wp\/v2\/types\/post"}],"author":[{"embeddable":true,"href":"https:\/\/www.mojevrijeme.hr\/magazin\/wp-json\/wp\/v2\/users\/1"}],"replies":[{"embeddable":true,"href":"https:\/\/www.mojevrijeme.hr\/magazin\/wp-json\/wp\/v2\/comments?post=73496"}],"version-history":[{"count":0,"href":"https:\/\/www.mojevrijeme.hr\/magazin\/wp-json\/wp\/v2\/posts\/73496\/revisions"}],"wp:featuredmedia":[{"embeddable":true,"href":"https:\/\/www.mojevrijeme.hr\/magazin\/wp-json\/wp\/v2\/media\/73499"}],"wp:attachment":[{"href":"https:\/\/www.mojevrijeme.hr\/magazin\/wp-json\/wp\/v2\/media?parent=73496"}],"wp:term":[{"taxonomy":"category","embeddable":true,"href":"https:\/\/www.mojevrijeme.hr\/magazin\/wp-json\/wp\/v2\/categories?post=73496"},{"taxonomy":"post_tag","embeddable":true,"href":"https:\/\/www.mojevrijeme.hr\/magazin\/wp-json\/wp\/v2\/tags?post=73496"}],"curies":[{"name":"wp","href":"https:\/\/api.w.org\/{rel}","templated":true}]}}