{"id":73533,"date":"2023-05-12T08:38:21","date_gmt":"2023-05-12T06:38:21","guid":{"rendered":"https:\/\/www.mojevrijeme.hr\/magazin\/?p=73533"},"modified":"2023-06-05T11:25:11","modified_gmt":"2023-06-05T09:25:11","slug":"jelena-iz-zagreba-propao-mi-je-biznis-bolesna-sam-stednja-ce-se-istopiti-a-onda","status":"publish","type":"post","link":"https:\/\/www.mojevrijeme.hr\/magazin\/2023\/05\/jelena-iz-zagreba-propao-mi-je-biznis-bolesna-sam-stednja-ce-se-istopiti-a-onda\/","title":{"rendered":"Jelena iz Zagreba: Propao mi je biznis, bolesna sam, \u0161tednja \u0107e se istopiti, a onda?"},"content":{"rendered":"\n<p>Njezin \u017eivot je, pri\u010da nam gospo\u0111a Jelena, obilje\u017een usponima i padovima, ali prave sre\u0107e nije osjetila otkako su joj jo\u0161 u mladosti umrli roditelji. &#8220;Odrasla sam kao voljena, ma\u017eena i pa\u017eena k\u0107i jedinica, u u\u017eem centru metropole, mogu re\u0107i skoro pa na Trgu. Tek sam kasnije u \u017eivotu shvatila koliko je na\u0161 stan bio mali, \u010dudila se kako se nikad nismo pojadali na ona 42 kvadrata. Sada znam \u2013 moja je obitelj bila sretna, roditelji su se slagali, ja odgojena strogo, ali s ljubavlju i zato nama nije bilo tijesno&#8221;, ispri\u010dala je gospo\u0111a Jelena.<\/p>\n\n\n\n<h3 class=\"wp-block-heading\">Dva stranca u braku<\/h3>\n\n\n\n<p>No, njezina sre\u0107a prekinuta je s ranom smr\u0107u njezinih roditelja. \u201dNekoliko godina nakon \u0161to sam se udala, umro mi je najprije otac, a ubrzo se razboljela i oti\u0161la i majka. Tada sam mislila da sam jedina nesretnica na svijetu koja je do 26. godine izgubila oba roditelja. <\/p>\n\n\n\n<p>&#8220;\u010cinilo mi se da sam izgubila \u017eivotnu za\u0161titu, neke crne slutnje su me morile, a suprug mi nije znao pru\u017eiti emocionalnu potporu. Nikad nismo imali djece, nisam bila sretna pa valjda nisam ni pravu \u017eelju imala za djecom. Nije me tukao, nije me zlostavljao, ali smo emocionalno bili daleki, te\u0161ko je to i opisati. Onda smo devedesetih zajedno pokrenuli posao i nakon toga je bilo jo\u0161 gore. Naime, iznajmili smo poslovni prostor u prizemlju jedne zgrade u Maksimiru i otvorili kiosk. Ja sam radila jutarnju smjenu, on popodnevnu, vidjeli smo se samo na primopredaji posla. I tako cijeli tjedan, subote, nedjelje, praznike&#8221;, govori nam.<\/p><div id=\"mojev-1211849103\" class=\"mojev-u-tekstu mojev-entity-placement\" style=\"margin-left: auto;margin-right: auto;text-align: center;\"><div class=\"mojev-adlabel\">oglas<\/div><div style=\"height: 250px;\"><script async src=\"https:\/\/pagead2.googlesyndication.com\/pagead\/js\/adsbygoogle.js?client=ca-pub-8106111766207173\"\r\n     crossorigin=\"anonymous\"><\/script>\r\n<!-- Prikazni 1 u tekstu -->\r\n<ins class=\"adsbygoogle\"\r\n     style=\"display:block\"\r\n     data-ad-client=\"ca-pub-8106111766207173\"\r\n     data-ad-slot=\"8535551207\"\r\n     data-ad-format=\"auto\"\r\n     data-full-width-responsive=\"true\"><\/ins>\r\n<script>\r\n     (adsbygoogle = window.adsbygoogle || []).push({});\r\n<\/script><\/div><\/div><br style=\"clear: both; display: block; float: none;\"\/>\n\n\n\n<p>&#8220;Nikad nismo putovali, jedva sam mora vidjela. Zarada je bila, a eto, za dvije pla\u0107e, nekad prosje\u010dne, nekad malo ve\u0107e ili manje. Ali se i radilo, kad je tvoje, nije samo da prodaje\u0161. Treba nabavljati novu robu, slagati je, raditi kalkulacije, mijenjati se s promjenama na tr\u017ei\u0161tu. Danas vam ne\u0161to ide k&#8217;o ludo, sutra se ne mo\u017ee\u0161 rije\u0161iti zaliha istog. Nije to posao bez stresa, bilo je tu poku\u0161aja provale, pa vam pijanci u\u0111u, dosa\u0111uju, pa djeca uzimaju \u017evake i bombone na lijepu rije\u010d, ka\u017eu sutradan \u0107e donijeti novce, tko \u0107e ih poslije hvatati. Ali nije niti jedan posao lak i bez stresa, lako meni za to, no bilo je tu i drugih problema&#8221;, podijelila je svoja razmi\u0161ljanja.<\/p>\n\n\n\n<p>Od supruga se, ka\u017ee, toliko udaljila, da kad su se u svojim pedesetima kona\u010dno dogovorili da \u0107e se razvesti, nije ni primijetila da ga nema. &#8220;Stra\u0161no je to re\u0107i, ali tako je bilo. Nevjerojatno je da smo nastavili raditi u du\u0107anu, vi\u0111ati se kod primopredaje posla, a da smo se jednako pona\u0161ali kao i prije, kad smo \u017eivjeli zajedno i u braku. Tolika otu\u0111enost dvoje ljudi, ah, na \u0161to je oti\u0161ao moj \u017eivot&#8221;, govori gospo\u0111a Jelena.<\/p>\n\n\n\n<h3 class=\"wp-block-heading\">Bolest ne bira trenutak<\/h3>\n\n\n\n<p>Nakon razvoda se, ka\u017ee, po\u010dela nadati nekoj novoj ljubavi, dotjerivati se, \u010de\u0161\u0107e je odlazila s prijateljicama u grad. Taman je, ka\u017ee, prodisala, kad joj se krenulo naru\u0161avati zdravlje. &#8220;Po\u010deli su me boljeti zglobovi, kosti, ote\u017eano sam hodala, spavalo mi se, javljale se glavobolje, bila sam prestravljena. I\u0161la sam od pretrage do pretrage, bilo je jasno da imam autoimuni poreme\u0107aj. S time \u017eivim evo ve\u0107 skoro deset godina, ali sam se uspijevala dovu\u0107i do posla. Te\u0161ko hodam, a ne izgledam ba\u0161 tako staro pa ljudi misle da sam pijana, a ja kap alkohola godinama nisam okusila&#8221;, iskrena je.<\/p>\n\n\n\n<p>Vukla bi se ona, pri\u010da mi, i dalje do svog du\u0107ana, tjerala bi svoj biznis, sve do pune penzije. &#8220;Evo sada sam i to do\u017eivjela, ostala sam bez posla. Dobiti \u0107u crkavicu od mirovine. S druge strane, bojim se da \u0107u kod ku\u0107e zale\u0107i, tko \u0107e se brinuti o meni, s \u010dim \u0107u pla\u0107ati re\u017eije, hranu, lijekove, njegovateljicu. \u0160tednja \u0107e se istopiti samo tako, a onda? Neka mi dragi Bog pomogne&#8221;, rekla je sa suzom u oku na na\u0161em rastanku.<\/p>\n\n\n\n<div id=\"crveno\"><\/p>\n\n\n\n<h3 class=\"wp-block-heading\">Zanima nas va\u0161a pri\u010da<\/h3>\n\n\n\n<p>\u017delite li i vi, posve anonimno, podijeliti svoje iskustvo i vi\u0111enje ove teme s nama i na\u0161im \u010ditateljima, mo\u017eete to u\u010diniti putem web obrasca <a rel=\"noreferrer noopener\" href=\"https:\/\/www.mojevrijeme.hr\/magazin\/povjerljivo\/\" target=\"_blank\">Povjerljivo<\/a>. Napi\u0161ite svoju pri\u010du!<\/p>\n\n\n\n<p><\/div>\n<div id=\"mojev-1870284812\" class=\"mojev-kraj-teksta mojev-entity-placement\" style=\"margin-bottom: 20px;margin-left: auto;margin-right: auto;text-align: center;\"><div class=\"mojev-adlabel\">oglas<\/div><div style=\"height: 250px;\"><script async src=\"https:\/\/pagead2.googlesyndication.com\/pagead\/js\/adsbygoogle.js?client=ca-pub-8106111766207173\"\r\n     crossorigin=\"anonymous\"><\/script>\r\n<!-- Display-1 -->\r\n<ins class=\"adsbygoogle\"\r\n     style=\"display:block\"\r\n     data-ad-client=\"ca-pub-8106111766207173\"\r\n     data-ad-slot=\"1465712950\"\r\n     data-ad-format=\"auto\"\r\n     data-full-width-responsive=\"true\"><\/ins>\r\n<script>\r\n     (adsbygoogle = window.adsbygoogle || []).push({});\r\n<\/script><\/div><\/div>","protected":false},"excerpt":{"rendered":"<p>&#8216;Je li to zla sudbina, je li na\u010din \u017eivota do\u0161ao na naplatu, jesam li Bogu \u0161to skrivila, ne znam, ali se bojim \u0161to \u0107e biti sa mnom sad kad za koji dan zadnji put zaklju\u010dam vrata svog privatnog kioska, praznog kioska. Propao mi je brak, nemam djece ni unu\u010dadi, bolesna sam, a sada tik pred penziju moram staviti klju\u010d u bravu&#8217;, po\u017ealila nam se 59-godi\u0161nja gospo\u0111a Jelena iz Zagreba.<\/p>\n","protected":false},"author":17,"featured_media":73602,"comment_status":"closed","ping_status":"closed","sticky":false,"template":"","format":"standard","meta":{"footnotes":""},"categories":[3552],"tags":[304,1436],"class_list":["post-73533","post","type-post","status-publish","format-standard","has-post-thumbnail","hentry","category-povjerljivo","tag-brak","tag-povjerljivo"],"_links":{"self":[{"href":"https:\/\/www.mojevrijeme.hr\/magazin\/wp-json\/wp\/v2\/posts\/73533","targetHints":{"allow":["GET"]}}],"collection":[{"href":"https:\/\/www.mojevrijeme.hr\/magazin\/wp-json\/wp\/v2\/posts"}],"about":[{"href":"https:\/\/www.mojevrijeme.hr\/magazin\/wp-json\/wp\/v2\/types\/post"}],"author":[{"embeddable":true,"href":"https:\/\/www.mojevrijeme.hr\/magazin\/wp-json\/wp\/v2\/users\/17"}],"replies":[{"embeddable":true,"href":"https:\/\/www.mojevrijeme.hr\/magazin\/wp-json\/wp\/v2\/comments?post=73533"}],"version-history":[{"count":0,"href":"https:\/\/www.mojevrijeme.hr\/magazin\/wp-json\/wp\/v2\/posts\/73533\/revisions"}],"wp:featuredmedia":[{"embeddable":true,"href":"https:\/\/www.mojevrijeme.hr\/magazin\/wp-json\/wp\/v2\/media\/73602"}],"wp:attachment":[{"href":"https:\/\/www.mojevrijeme.hr\/magazin\/wp-json\/wp\/v2\/media?parent=73533"}],"wp:term":[{"taxonomy":"category","embeddable":true,"href":"https:\/\/www.mojevrijeme.hr\/magazin\/wp-json\/wp\/v2\/categories?post=73533"},{"taxonomy":"post_tag","embeddable":true,"href":"https:\/\/www.mojevrijeme.hr\/magazin\/wp-json\/wp\/v2\/tags?post=73533"}],"curies":[{"name":"wp","href":"https:\/\/api.w.org\/{rel}","templated":true}]}}