{"id":73603,"date":"2023-05-12T09:05:44","date_gmt":"2023-05-12T07:05:44","guid":{"rendered":"https:\/\/www.mojevrijeme.hr\/magazin\/?p=73603"},"modified":"2023-05-12T09:10:21","modified_gmt":"2023-05-12T07:10:21","slug":"do-kada-ce-prijevremeni-umirovljenici-biti-dozivotni-kaznjenici","status":"publish","type":"post","link":"https:\/\/www.mojevrijeme.hr\/magazin\/2023\/05\/do-kada-ce-prijevremeni-umirovljenici-biti-dozivotni-kaznjenici\/","title":{"rendered":"Do kada \u0107e prijevremeni umirovljenici biti do\u017eivotni ka\u017enjenici?"},"content":{"rendered":"\n<p>Nema dana da telefon u uredima Sindikata umirovljenika Hrvatske (SUH) ne zvoni i po desetak puta. Sada je glavna tema: vratite nam oteto! I u pravu su. Javljaju se prijevremeni starosni umirovljenici i pitaju za\u0161to oni ne dobiju povrat pune mirovine koju su zaradili godinama rada i doprinosima, kad steknu uvjete dobi za umirovljenje, pi\u0161e <strong>Jasna A. Petrovi\u0107<\/strong>, predsjednica SUH-a, za <a rel=\"noreferrer noopener\" href=\"http:\/\/suh.hr\" target=\"_blank\">Glas umirovljenika<\/a>. <\/p>\n\n\n\n<p>Danica Marinkovi\u0107 iz Splita o\u010dajni\u010dki je pitala zbog \u010dega i ona i suprug moraju i dalje dobivati mirovine umanjene za penalizaciju od 204 posto svaki, na ionako mizerne mirovine, a da prijevremena mirovina nije bila njihov izbor, kao niti ve\u0107ine umirovljenika koji su bili prinu\u0111eni prihvatiti je zbog otpu\u0161tanja vi\u0161kova radnika, privatizacije i slanja na zavode za zapo\u0161ljavanje.<\/p>\n\n\n\n<p>Tako je svojedobno tenisa\u010d Bruno Ore\u0161ar, poznat po izjavi kako mu je &#8220;Franjo Tu\u0111man bio poput djeda&#8221;, bio nagra\u0111en privatizacijom splitskog Jadrankamena gdje je odmah zapo\u010deo otpu\u0161tati radnike i &#8220;zaboravljati&#8221; isplate pla\u0107a. Kroz \u0161trajkove se ni\u0161ta nije uspjelo, pa je tako suprug Danice Marinkovi\u0107 zavr\u0161io na burzi i ostao bez posla. Ore\u0161ar je u dotu dobio i splitsku firmu Monter, gdje je isto brzo otpu\u0161tao radnike i prodavao nekretnine, a na kraju je uni\u0161tio i firmu Uzor iz koje je Danica oti\u0161la na zavod za zapo\u0161ljavanje, odakle je 12 godina tra\u017eila posao i na kraju zavr\u0161ila u mirovinu. S penalizacijom.<\/p><div id=\"mojev-3959243652\" class=\"mojev-u-tekstu mojev-entity-placement\" style=\"margin-left: auto;margin-right: auto;text-align: center;\"><div class=\"mojev-adlabel\">oglas<\/div><div style=\"height: 250px;\"><script async src=\"https:\/\/pagead2.googlesyndication.com\/pagead\/js\/adsbygoogle.js?client=ca-pub-8106111766207173\"\r\n     crossorigin=\"anonymous\"><\/script>\r\n<!-- Prikazni 1 u tekstu -->\r\n<ins class=\"adsbygoogle\"\r\n     style=\"display:block\"\r\n     data-ad-client=\"ca-pub-8106111766207173\"\r\n     data-ad-slot=\"8535551207\"\r\n     data-ad-format=\"auto\"\r\n     data-full-width-responsive=\"true\"><\/ins>\r\n<script>\r\n     (adsbygoogle = window.adsbygoogle || []).push({});\r\n<\/script><\/div><\/div><br style=\"clear: both; display: block; float: none;\"\/>\n\n\n\n<p>Petrovi\u0107 podsje\u0107a da je Ore\u0161ar, kao ve\u0107inski vlasnik Uzora od 2006. do 2011., svojoj drugoj tvrtki Jadrankamenu isplatio pozajmicu od 7,9 milijuna kuna bez osiguranja povrata novca, a bio je pod istragama u Hrvatskoj i Austriji. No, ceh su u svim njegovim mu\u010dkama platili samo radnici. Svojom sramotnom sudbinom.<\/p>\n\n\n\n<p>Ovo je samo jedan tipi\u010dan primjer za\u0161to je danas oko 210.000 prijevremenih umirovljenika ka\u017enjeno do\u017eivotnom kaznom, i to penalizacijom od naj\u010de\u0161\u0107e 20,4 posto, a tek od 1.1.2019. godine od 18 posto, nakon peticije i prosvjeda. I to upravo kategorija onih koji su \u017eeljeli raditi, uredno pla\u0107ali doprinose i odradili prosje\u010dno vi\u0161e od 36 godina. E, takvi su prinudno zavr\u0161avali u prijevremenim mirovinama i ostali do danas zakinuti za penalizaciju.<\/p>\n\n\n\n<p>Sindikat umirovljenika Hrvatske ve\u0107 godinama u svojem programu inzistira na ukidanju penalizacije istodobno s ispunjenjem uvjeta dobi za umirovljenje, dakle sa 65 godina. Od tog dana svi prijevremeni umirovljenici trebali bi primati punu starosnu mirovinu. Tko ima obraza re\u0107i da to nije ispravna politika, kad je takva i u brojnim europskim zemljama? Tko ima obraza re\u0107i da treba ka\u017enjavati one koji su htjeli raditi, ali su &#8220;poslani&#8221; u mirovinu. Po dekretu politike, po privatizacijskim prijevarama. Po babi i stricu.<\/p>\n\n\n\n<div id=\"crveno\"><\/p>\n\n\n\n<h3 class=\"wp-block-heading\">Zanima nas va\u0161a pri\u010da<\/h3>\n\n\n\n<p>\u017delite li i vi, posve anonimno, podijeliti svoje iskustvo i vi\u0111enje ove teme s nama i na\u0161im \u010ditateljima, mo\u017eete to u\u010diniti putem web obrasca <a rel=\"noreferrer noopener\" href=\"https:\/\/www.mojevrijeme.hr\/magazin\/povjerljivo\/\" target=\"_blank\">Povjerljivo<\/a>. Napi\u0161ite svoju pri\u010du!<\/p>\n\n\n\n<p><\/div>\n<div id=\"mojev-562971963\" class=\"mojev-kraj-teksta mojev-entity-placement\" style=\"margin-bottom: 20px;margin-left: auto;margin-right: auto;text-align: center;\"><div class=\"mojev-adlabel\">oglas<\/div><div style=\"height: 250px;\"><script async src=\"https:\/\/pagead2.googlesyndication.com\/pagead\/js\/adsbygoogle.js?client=ca-pub-8106111766207173\"\r\n     crossorigin=\"anonymous\"><\/script>\r\n<!-- Display-1 -->\r\n<ins class=\"adsbygoogle\"\r\n     style=\"display:block\"\r\n     data-ad-client=\"ca-pub-8106111766207173\"\r\n     data-ad-slot=\"1465712950\"\r\n     data-ad-format=\"auto\"\r\n     data-full-width-responsive=\"true\"><\/ins>\r\n<script>\r\n     (adsbygoogle = window.adsbygoogle || []).push({});\r\n<\/script><\/div><\/div>","protected":false},"excerpt":{"rendered":"<p>Tko ima obraza re\u0107i da treba ka\u017enjavati one koji su htjeli raditi, ali su &#8216;poslani&#8217; u mirovinu. Po dekretu politike, po privatizacijskim prijevarama. Po babi i stricu.<\/p>\n","protected":false},"author":1,"featured_media":44992,"comment_status":"closed","ping_status":"closed","sticky":false,"template":"","format":"standard","meta":{"footnotes":""},"categories":[9],"tags":[18,3000],"class_list":["post-73603","post","type-post","status-publish","format-standard","has-post-thumbnail","hentry","category-vijesti","tag-mirovine","tag-prijevremena-mirovina"],"_links":{"self":[{"href":"https:\/\/www.mojevrijeme.hr\/magazin\/wp-json\/wp\/v2\/posts\/73603","targetHints":{"allow":["GET"]}}],"collection":[{"href":"https:\/\/www.mojevrijeme.hr\/magazin\/wp-json\/wp\/v2\/posts"}],"about":[{"href":"https:\/\/www.mojevrijeme.hr\/magazin\/wp-json\/wp\/v2\/types\/post"}],"author":[{"embeddable":true,"href":"https:\/\/www.mojevrijeme.hr\/magazin\/wp-json\/wp\/v2\/users\/1"}],"replies":[{"embeddable":true,"href":"https:\/\/www.mojevrijeme.hr\/magazin\/wp-json\/wp\/v2\/comments?post=73603"}],"version-history":[{"count":0,"href":"https:\/\/www.mojevrijeme.hr\/magazin\/wp-json\/wp\/v2\/posts\/73603\/revisions"}],"wp:featuredmedia":[{"embeddable":true,"href":"https:\/\/www.mojevrijeme.hr\/magazin\/wp-json\/wp\/v2\/media\/44992"}],"wp:attachment":[{"href":"https:\/\/www.mojevrijeme.hr\/magazin\/wp-json\/wp\/v2\/media?parent=73603"}],"wp:term":[{"taxonomy":"category","embeddable":true,"href":"https:\/\/www.mojevrijeme.hr\/magazin\/wp-json\/wp\/v2\/categories?post=73603"},{"taxonomy":"post_tag","embeddable":true,"href":"https:\/\/www.mojevrijeme.hr\/magazin\/wp-json\/wp\/v2\/tags?post=73603"}],"curies":[{"name":"wp","href":"https:\/\/api.w.org\/{rel}","templated":true}]}}