{"id":7392,"date":"2016-05-10T18:17:38","date_gmt":"2016-05-10T16:17:38","guid":{"rendered":"http:\/\/www.mojevrijeme.hr\/magazin\/?p=7392"},"modified":"2016-05-10T18:22:05","modified_gmt":"2016-05-10T16:22:05","slug":"bezovan-gradani-radije-trose-na-mobitele-nego-na-dopunsko-osiguranje","status":"publish","type":"post","link":"https:\/\/www.mojevrijeme.hr\/magazin\/2016\/05\/bezovan-gradani-radije-trose-na-mobitele-nego-na-dopunsko-osiguranje\/","title":{"rendered":"Be\u017eovan: Gra\u0111ani lak\u0161e tro\u0161e na mobitele nego na dopunsko osiguranje"},"content":{"rendered":"<p>O najavljenoj mirovinskoj reformi i reformi zdravstva za program <a href=\"http:\/\/vijesti.hrt.hr\/334158\/bezovan-mirovine-nisu-prirodna-pojava-one-se-moraju-zaraditi\" target=\"_blank\">HRT-a<\/a> govorili su profesor sa zagreba\u010dkog Pravnog fakulteta <strong>Gojko Be\u017eovan<\/strong> i potpredsjednik Bloka umirovljenici\u00a0zajedno (BUZ) <strong>Dra\u017een \u0160tigli\u0107<\/strong>.<\/p>\n<p>&#8216;Odlazak u mirovinu sa 67 godina odluka je koju smo morali donijeti pod pritiskom EU-a i ne radi se o mirovinskoj reformi. Pitanje je koliko mi mirovine financiramo iz fondova, a koliko iz prora\u010duna koji pripada svim gra\u0111anima&#8217;, kazao je Be\u017eovan. &#8216;Mi smo u krizi pove\u0107avali mirovine, dijelili bo\u017ei\u0107nice, a nemamo nikakve mjere zapo\u0161ljavanja i ne radimo ni\u0161ta da nam mladi ostanu u Hrvatskoj&#8217;. Napomenuo je kako ovih godina u mirovinu odlazi najve\u0107i broj zaposlenih, onih koji pripadaju &#8216;baby boom&#8217; generaciji. Prozvao je medije u Hrvatskoj da o tome javnost nisu dobro informirali.<\/p>\n<p>\u0160tigli\u0107 je rekao kako je BUZ apsolutno protiv odlaska u mirovinu sa 67 godina, a inzistiraju i na drugom mirovinskom stupu. Naglasio je kako smo tre\u0107a europska zemlja po siroma\u0161tvu umirovljenika.<\/p><div id=\"mojev-2340318187\" class=\"mojev-u-tekstu mojev-entity-placement\" style=\"margin-left: auto;margin-right: auto;text-align: center;\"><div class=\"mojev-adlabel\">oglas<\/div><div style=\"height: 250px;\"><script async src=\"https:\/\/pagead2.googlesyndication.com\/pagead\/js\/adsbygoogle.js?client=ca-pub-8106111766207173\"\r\n     crossorigin=\"anonymous\"><\/script>\r\n<!-- Prikazni 1 u tekstu -->\r\n<ins class=\"adsbygoogle\"\r\n     style=\"display:block\"\r\n     data-ad-client=\"ca-pub-8106111766207173\"\r\n     data-ad-slot=\"8535551207\"\r\n     data-ad-format=\"auto\"\r\n     data-full-width-responsive=\"true\"><\/ins>\r\n<script>\r\n     (adsbygoogle = window.adsbygoogle || []).push({});\r\n<\/script><\/div><\/div><br style=\"clear: both; display: block; float: none;\"\/>\n<p>Komentiraju\u0107i odustajanje od poskupljenja dopunskog zdravstvenog osiguranja, Be\u017eovan je kazao kako o\u010dito ministar zdravlja Dario Naki\u0107 nema politi\u010dkog iskustva. &#8216;Mislim da je ve\u0107ina na\u0161ih gra\u0111ana spremna potro\u0161iti vi\u0161e novca na mobilnu telefoniju nego na zdravlje&#8217; i u tom bi slu\u010daju, smatra, trebalo uvesti imovinski cenzus. &#8216;Mirovine nisu prirodna pojava, one se moraju zaraditi&#8217;, naglasio je.<\/p>\n<div id=\"mojev-1197378918\" class=\"mojev-kraj-teksta mojev-entity-placement\" style=\"margin-bottom: 20px;margin-left: auto;margin-right: auto;text-align: center;\"><div class=\"mojev-adlabel\">oglas<\/div><div style=\"height: 250px;\"><script async src=\"https:\/\/pagead2.googlesyndication.com\/pagead\/js\/adsbygoogle.js?client=ca-pub-8106111766207173\"\r\n     crossorigin=\"anonymous\"><\/script>\r\n<!-- Display-1 -->\r\n<ins class=\"adsbygoogle\"\r\n     style=\"display:block\"\r\n     data-ad-client=\"ca-pub-8106111766207173\"\r\n     data-ad-slot=\"1465712950\"\r\n     data-ad-format=\"auto\"\r\n     data-full-width-responsive=\"true\"><\/ins>\r\n<script>\r\n     (adsbygoogle = window.adsbygoogle || []).push({});\r\n<\/script><\/div><\/div>","protected":false},"excerpt":{"rendered":"<p>&#8216;Mi smo u krizi pove\u0107avali mirovine, dijelili bo\u017ei\u0107nice, a nemamo nikakve mjere zapo\u0161ljavanja i ne radimo ni\u0161ta da nam mladi ostanu u Hrvatskoj. Mirovine nisu prirodna pojava, one se moraju zaraditi&#8217;, naglasio je je ovaj profesor Pravnog fakulteta. <\/p>\n","protected":false},"author":1,"featured_media":7393,"comment_status":"closed","ping_status":"open","sticky":false,"template":"","format":"standard","meta":{"footnotes":""},"categories":[9],"tags":[607,18,238],"class_list":["post-7392","post","type-post","status-publish","format-standard","has-post-thumbnail","hentry","category-vijesti","tag-dopunsko-osiguranje","tag-mirovine","tag-politika"],"_links":{"self":[{"href":"https:\/\/www.mojevrijeme.hr\/magazin\/wp-json\/wp\/v2\/posts\/7392","targetHints":{"allow":["GET"]}}],"collection":[{"href":"https:\/\/www.mojevrijeme.hr\/magazin\/wp-json\/wp\/v2\/posts"}],"about":[{"href":"https:\/\/www.mojevrijeme.hr\/magazin\/wp-json\/wp\/v2\/types\/post"}],"author":[{"embeddable":true,"href":"https:\/\/www.mojevrijeme.hr\/magazin\/wp-json\/wp\/v2\/users\/1"}],"replies":[{"embeddable":true,"href":"https:\/\/www.mojevrijeme.hr\/magazin\/wp-json\/wp\/v2\/comments?post=7392"}],"version-history":[{"count":0,"href":"https:\/\/www.mojevrijeme.hr\/magazin\/wp-json\/wp\/v2\/posts\/7392\/revisions"}],"wp:featuredmedia":[{"embeddable":true,"href":"https:\/\/www.mojevrijeme.hr\/magazin\/wp-json\/wp\/v2\/media\/7393"}],"wp:attachment":[{"href":"https:\/\/www.mojevrijeme.hr\/magazin\/wp-json\/wp\/v2\/media?parent=7392"}],"wp:term":[{"taxonomy":"category","embeddable":true,"href":"https:\/\/www.mojevrijeme.hr\/magazin\/wp-json\/wp\/v2\/categories?post=7392"},{"taxonomy":"post_tag","embeddable":true,"href":"https:\/\/www.mojevrijeme.hr\/magazin\/wp-json\/wp\/v2\/tags?post=7392"}],"curies":[{"name":"wp","href":"https:\/\/api.w.org\/{rel}","templated":true}]}}