{"id":74095,"date":"2023-05-14T19:03:32","date_gmt":"2023-05-14T17:03:32","guid":{"rendered":"https:\/\/www.mojevrijeme.hr\/magazin\/?p=74095"},"modified":"2023-05-14T19:35:21","modified_gmt":"2023-05-14T17:35:21","slug":"prijevremeni-umirovljenici-dosta-je-zlostavljanja-obestetite-nas","status":"publish","type":"post","link":"https:\/\/www.mojevrijeme.hr\/magazin\/2023\/05\/prijevremeni-umirovljenici-dosta-je-zlostavljanja-obestetite-nas\/","title":{"rendered":"Prijevremeni umirovljenici: Dosta je zlostavljanja, obe\u0161tetite nas!"},"content":{"rendered":"\n<p>Industrogradnja, INA, Jugoplastika, NIK, Dioki, Borovo&#8230; To su samo neke od tvrtki u kojima je radilo stotinjak na\u0161ih \u010ditatelja koji su nam se javili u protekla dva dana. Jedno im je zajedni\u010dko \u2013 svi odreda potjerani su u prijevremenu mirovinu i danas u\u017eivaju plodove takozvane penalizacije za koju nisu krivi.<\/p>\n\n\n\n<p>Podr\u017eavaju Sindikat umirovljenika Hrvatske (SUH) u zahtjevima da se penalizacija ukine kada umirovljenik navr\u0161i 65 godina \u017eivota. Uz to, umirovljenici koji nam se javljaju jasno tra\u017ee da ih dr\u017eava retroaktivno obe\u0161teti za godine pro\u017eivljene u siroma\u0161tvu i gubitku dostojanstva te da im vrati barem nepravedno zara\u010dunate penale. Za lo\u0161e uprave i jo\u0161 gore privatizacije, dodaju, nisu krivi, no najvi\u0161e ih u o\u010daj tjera to \u0161to niti jedna vladaju\u0107a garnitura do sada nije smatrala da je njihov slu\u010daj prioritetan.<\/p>\n\n\n\n<p>&#8220;U ovoj novoj dr\u017eavi sam pro\u0161la sve i to najgore. Imala sam dobar posao, siguran u velikoj prehrambenoj firmi. Htjeli mi to priznati ili ne, \u017eivjeli smo s karticama i kreditima koje smo mogli pla\u0107ati i sve je funkcioniralo OK. Malo po malo, u firmi je bilo sve manje radnika, a 2009. godine zagreba\u010dka podru\u017enica postala je vi\u0161ak&#8221;, ka\u017ee na\u0161a \u010ditateljica <strong>Maja<\/strong> koja je s kolegama potjerana na burzu gdje je trebala \u010dekati do 55. ro\u0111endana kako bi stekla uvjete za prijevremenu mirovinu.<\/p><div id=\"mojev-2344666964\" class=\"mojev-u-tekstu mojev-entity-placement\" style=\"margin-left: auto;margin-right: auto;text-align: center;\"><div class=\"mojev-adlabel\">oglas<\/div><div style=\"height: 250px;\"><script async src=\"https:\/\/pagead2.googlesyndication.com\/pagead\/js\/adsbygoogle.js?client=ca-pub-8106111766207173\"\r\n     crossorigin=\"anonymous\"><\/script>\r\n<!-- Prikazni 1 u tekstu -->\r\n<ins class=\"adsbygoogle\"\r\n     style=\"display:block\"\r\n     data-ad-client=\"ca-pub-8106111766207173\"\r\n     data-ad-slot=\"8535551207\"\r\n     data-ad-format=\"auto\"\r\n     data-full-width-responsive=\"true\"><\/ins>\r\n<script>\r\n     (adsbygoogle = window.adsbygoogle || []).push({});\r\n<\/script><\/div><\/div><br style=\"clear: both; display: block; float: none;\"\/>\n\n\n\n<h3 class=\"wp-block-heading\">Pala u du\u017eni\u010dko ropstvo<\/h3>\n\n\n\n<p>Ubrzo je, govori, ostala bez potpore HZZ-a, a ona i k\u0107i su 2011. godine ostale bez ikakvog primanja. &#8220;Krediti, kartice, minusi se nisu mogli naplatiti i postala sam du\u017eni\u010dki rob. Na dr\u017eavnu pomo\u0107 nisam imala pravo, ve\u0107 su mi rekli da prodam stan pa \u0107u imati od \u010dega \u017eivjeti&#8221;, nastavlja. Kada je do\u010dekala mirovinu, Maja je uz penalizaciju dobila 1.400 kuna za 32 godine rada. Do cijele mirovine nije mogla do\u0107i jer joj je Fina skidala novac za naplatu dugova. Pre\u017eivjela je, obja\u0161njava, samo zahvaljuju\u0107i tome \u0161to joj je k\u0107i radila uz studij i tako ih je uzdr\u017eavala. <\/p>\n\n\n\n<p>&#8220;Ta penalizacija je unesre\u0107ila brojne obitelji i otjerala ih je u posvema\u0161nje siroma\u0161tvo. Pitam se: tko nam ima pravo oduzimati dio primanja, a cijeli radni vijek uredno smo pla\u0107ali poreze, prireze, zdravstvo i sve \u0161to se trebalo oduzeti od pla\u0107e? \u010cujem da novi zakon sada majkama daje 6 mjeseci radnog sta\u017ea na mirovinu, ako imaju dijete. I ja imam dijete, ali po HZMO-u nisam majka. To je sramota ove dr\u017eave koja nas je dovela do samog ruba pre\u017eivljavanja&#8221;, zaklju\u010duje Maja.<\/p>\n\n\n\n<h3 class=\"wp-block-heading\">&#8220;Pobjegla sam od rada bez pla\u0107e&#8221;<\/h3>\n\n\n\n<p>Za\u0161to su neki radnici hvatali prijevremenu mirovinu \u010dim su ostvarili uvjete za nju, opisala je na\u0161a \u010ditateljica <strong>Maca<\/strong> koja je, ka\u017ee, radila u gradu s razvijenom industrijom. &#8220;Imala sam sre\u0107u da sam imala 39 godina sta\u017ea i oti\u0161la u prijevremenu mirovinu 2008. godine. Ta mirovina se i danas zove prijevremena, bez obzira na moje godine i sta\u017e koji sam prikupila do 55 godina starosti. Odlu\u010dila sam se za prijevremenu mirovinu jer sam znala da \u0107e firma oti\u0107i u ste\u010daj, a moje kolegice su ostale raditi bez pla\u0107e.&#8221;<\/p>\n\n\n\n<h3 class=\"wp-block-heading\">&#8220;Neka dr\u017eava ispravi gre\u0161ku!&#8221;<\/h3>\n\n\n\n<p>&#8220;Prisilno sam morao oti\u0107i u prijevremenu mirovinu 2014. zahvaljuju\u0107i gospodinu Todori\u0107u. Radio sam u Belju vi\u0161e od 38 godina. U vojsci sam bio 3 godine. Imam civilnu mirovinu od 2.100 kuna, braniteljski dodatak od 570 kuna, a penalizacija mi je 6 posto. Mogao sam raditi do 65 godina starosti. Tko \u0107e mi namiriti tih sedam godina i obe\u0161tetiti me? Neka dr\u017eava prizna svoju krivicu i ispravi gre\u0161ku&#8221;, poru\u010duje <strong>Andrej<\/strong> koji je izra\u010dunao da je ranijim umirovljenjem i penalizacijom do sada o\u0161te\u0107en za ne\u0161to manje od pola milijuna kuna.<\/p>\n\n\n\n<p>Podsjetimo, prema podacima Sindikata umirovljenika Hrvatske, danas je oko 210.000 prijevremenih umirovljenika ka\u017enjeno do\u017eivotnom kaznom, i to penalizacijom od naj\u010de\u0161\u0107e 20,4 posto, a tek od 2019. godine od 18 posto. <\/p>\n\n\n\n<p>Prema va\u017ee\u0107em zakonu, polazni faktor za odre\u0111ivanje prijevremene starosne mirovine trajno se smanjuje za 0,2 posto&nbsp;za svaki mjesec ranijeg ostvarivanja prava na mirovinu prije navr\u0161enih godina \u017eivota osiguranika propisanih za stjecanje prava na starosnu mirovinu, neovisno o du\u017eini mirovinskog sta\u017ea.<\/p>\n\n\n\n<div id=\"crveno\"><\/p>\n\n\n\n<h3 class=\"wp-block-heading\">Zanima nas va\u0161a pri\u010da<\/h3>\n\n\n\n<p>\u017delite li i vi, posve anonimno, podijeliti svoje iskustvo i vi\u0111enje ove teme s nama i na\u0161im \u010ditateljima, mo\u017eete to u\u010diniti putem web obrasca <a rel=\"noreferrer noopener\" href=\"https:\/\/www.mojevrijeme.hr\/magazin\/povjerljivo\/\" target=\"_blank\">Povjerljivo<\/a>. Napi\u0161ite svoju pri\u010du!<\/p>\n\n\n\n<p><\/div>\n<div id=\"mojev-2024315510\" class=\"mojev-kraj-teksta mojev-entity-placement\" style=\"margin-bottom: 20px;margin-left: auto;margin-right: auto;text-align: center;\"><div class=\"mojev-adlabel\">oglas<\/div><div style=\"height: 250px;\"><script async src=\"https:\/\/pagead2.googlesyndication.com\/pagead\/js\/adsbygoogle.js?client=ca-pub-8106111766207173\"\r\n     crossorigin=\"anonymous\"><\/script>\r\n<!-- Display-1 -->\r\n<ins class=\"adsbygoogle\"\r\n     style=\"display:block\"\r\n     data-ad-client=\"ca-pub-8106111766207173\"\r\n     data-ad-slot=\"1465712950\"\r\n     data-ad-format=\"auto\"\r\n     data-full-width-responsive=\"true\"><\/ins>\r\n<script>\r\n     (adsbygoogle = window.adsbygoogle || []).push({});\r\n<\/script><\/div><\/div>","protected":false},"excerpt":{"rendered":"<p>Prijevremeni umirovljenici zahtijevaju ukidanje penalizacije nakon navr\u0161enih 65 godina \u017eivota i retroaktivno obe\u0161te\u0107enje za godine provedene u siroma\u0161tvu. Ka\u017eu, nisu krivi \u0161to su zbog lo\u0161ih uprava i privatizacije, silom potjerani u mirovinu. <\/p>\n","protected":false},"author":1,"featured_media":74104,"comment_status":"closed","ping_status":"closed","sticky":false,"template":"","format":"standard","meta":{"footnotes":""},"categories":[9],"tags":[18,3498,3000],"class_list":["post-74095","post","type-post","status-publish","format-standard","has-post-thumbnail","hentry","category-vijesti","tag-mirovine","tag-penalizacija","tag-prijevremena-mirovina"],"_links":{"self":[{"href":"https:\/\/www.mojevrijeme.hr\/magazin\/wp-json\/wp\/v2\/posts\/74095","targetHints":{"allow":["GET"]}}],"collection":[{"href":"https:\/\/www.mojevrijeme.hr\/magazin\/wp-json\/wp\/v2\/posts"}],"about":[{"href":"https:\/\/www.mojevrijeme.hr\/magazin\/wp-json\/wp\/v2\/types\/post"}],"author":[{"embeddable":true,"href":"https:\/\/www.mojevrijeme.hr\/magazin\/wp-json\/wp\/v2\/users\/1"}],"replies":[{"embeddable":true,"href":"https:\/\/www.mojevrijeme.hr\/magazin\/wp-json\/wp\/v2\/comments?post=74095"}],"version-history":[{"count":0,"href":"https:\/\/www.mojevrijeme.hr\/magazin\/wp-json\/wp\/v2\/posts\/74095\/revisions"}],"wp:featuredmedia":[{"embeddable":true,"href":"https:\/\/www.mojevrijeme.hr\/magazin\/wp-json\/wp\/v2\/media\/74104"}],"wp:attachment":[{"href":"https:\/\/www.mojevrijeme.hr\/magazin\/wp-json\/wp\/v2\/media?parent=74095"}],"wp:term":[{"taxonomy":"category","embeddable":true,"href":"https:\/\/www.mojevrijeme.hr\/magazin\/wp-json\/wp\/v2\/categories?post=74095"},{"taxonomy":"post_tag","embeddable":true,"href":"https:\/\/www.mojevrijeme.hr\/magazin\/wp-json\/wp\/v2\/tags?post=74095"}],"curies":[{"name":"wp","href":"https:\/\/api.w.org\/{rel}","templated":true}]}}