{"id":74155,"date":"2023-05-15T10:16:04","date_gmt":"2023-05-15T08:16:04","guid":{"rendered":"https:\/\/www.mojevrijeme.hr\/magazin\/?p=74155"},"modified":"2023-05-15T10:16:07","modified_gmt":"2023-05-15T08:16:07","slug":"izlaze-li-umirovljenici-zaista-na-ceste-i-hoce-li-zatraziti-ono-sto-im-pripada","status":"publish","type":"post","link":"https:\/\/www.mojevrijeme.hr\/magazin\/2023\/05\/izlaze-li-umirovljenici-zaista-na-ceste-i-hoce-li-zatraziti-ono-sto-im-pripada\/","title":{"rendered":"Izlaze li umirovljenici zaista na ceste i ho\u0107e li zatra\u017eiti ono \u0161to im pripada?"},"content":{"rendered":"\n<p>Ugledni znanstvenici \u010dije projekte i naknade za &#8220;rad&#8221; u upravnim vije\u0107ima ili nadzornim odborima nerijetko financiraju obvezni mirovinski fondovi, odnosno strane banke u Hrvatskoj, vole prikazivati hrvatski mirovinski sustav kao neodr\u017eiv, a \u010desto dobivaju \u0161iroki medijski prostor.<\/p>\n\n\n\n<p>Sada su sliku navodne neodr\u017eivosti donekle popravile nove ra\u010dunice, pa tako ministar rada, mirovinskog sustava itd. <strong>Marin Pileti\u0107<\/strong> na pitanje novinara kako misli da \u0107e do\u0107i do rasta mirovina ako \u0107e se smanjivati doprinosi, navodi kako mirovinski doprinosi trenutno pokrivaju 62 posto isplata za mirovine, \u0161to predstavlja porast, koji se mo\u017ee zahvaliti ve\u0107im pla\u0107ama. Preostalih se oko 38 posto za mirovine ispla\u0107uje iz prora\u010dunskih sredstava, ka\u017ee, a cilj je da taj omjer ne bude naru\u0161en, pi\u0161e <strong>Jasna A. Petrovi\u0107<\/strong> za <a href=\"https:\/\/www.suh.hr\/naslovna\/umirovljenici-ce-morati-u-prosvjede\/\" target=\"_blank\" rel=\"noreferrer noopener\">Glas umirovljenika<\/a>.<\/p>\n\n\n\n<p>Sindikat umirovljenika i neki nezavisni znanstvenici imaju posve druk\u010diju ra\u010dunicu od one na kojoj ministar financija Marko Primorac gradi svoju \u010dudovi\u0161nu (ne bajkovitu, ve\u0107 horor) poreznu reformu. Kraljevi\u0107 Marko bi buzdovanom otkrhnuo jo\u0161 komadi\u0107 prvog javnog stupa, od kojega su Ra\u010dan i Vidovi\u0107 jo\u0161 2002. i\u0161\u010dupali \u010detvrtinu, da bi to dali za potrebe<em> casino<\/em>-ekonomije fond-menad\u017eerima drugog mirovinskog stupa. <\/p><div id=\"mojev-2057840329\" class=\"mojev-u-tekstu mojev-entity-placement\" style=\"margin-left: auto;margin-right: auto;text-align: center;\"><div class=\"mojev-adlabel\">oglas<\/div><div style=\"height: 250px;\"><script async src=\"https:\/\/pagead2.googlesyndication.com\/pagead\/js\/adsbygoogle.js?client=ca-pub-8106111766207173\"\r\n     crossorigin=\"anonymous\"><\/script>\r\n<!-- Prikazni 1 u tekstu -->\r\n<ins class=\"adsbygoogle\"\r\n     style=\"display:block\"\r\n     data-ad-client=\"ca-pub-8106111766207173\"\r\n     data-ad-slot=\"8535551207\"\r\n     data-ad-format=\"auto\"\r\n     data-full-width-responsive=\"true\"><\/ins>\r\n<script>\r\n     (adsbygoogle = window.adsbygoogle || []).push({});\r\n<\/script><\/div><\/div><br style=\"clear: both; display: block; float: none;\"\/>\n\n\n\n<p>Istina, Primorac se brani kako ne\u0107e dirati u drugi stup (\u0161to bi, zapravo trebao), ve\u0107 \u0107e samo smanjiti doprinose iz prvog stupa. Ma dajte, najte! Pove\u0107at \u0107e pla\u0107e tako da umirovljenicima uzme, a da ni dr\u017eavu ne ko\u0161ta. Stoga i jest jasno kako takve konfabulacije podr\u017eavaju samo Hrvatska udruga poslodavaca i drugi lukavi poslodavci koji bi pove\u0107avali pla\u0107e, ali tako da ih pla\u0107a dr\u017eava, koja bi Markovim pou\u010dkom jo\u0161 vi\u0161e morala krpati mirovinski fond.<\/p>\n\n\n\n<h3 class=\"wp-block-heading\">Marko ja\u0161e na juna\u010dkom \u0160arcu<\/h3>\n\n\n\n<p>Gotovo sve zemlje Europske unije usmjerene su na sna\u017eenje prvog mirovinskog stupa, javnog ili dr\u017eavnog, kako u kojoj zemlji, a ve\u0107ina mirovine temelji na minulom radu i veli\u010dini upla\u0107enih doprinosa. S tim da su doprinosi za javni stup uvelike vi\u0161i od 20 posto, do \u010dak 26 posto u \u010ce\u0161koj i Francuskoj ili 33 posto u Italiji, a kod nas je on sru\u0161en na jadnih 15 posto. Pa ba\u0161 zbog toga su mirovine u Hrvatskoj sramotno niske, dok to prikrivamo nategnutim statistikama o prosje\u010dnim mirovinama &#8220;bez me\u0111unarodnih ugovora&#8221;. I u\u0161lo to u narodni obi\u010daj, prikazivati stvari neistinitima. Time je Marko na juna\u010dkom konju \u0160arcu dosegao Munchausenov sindrom i objavio rat radnicima i umirovljenicima.<\/p>\n\n\n\n<p>Da se ne zaboravi re\u0107i kako je relativna vrijednost mirovine u Hrvatskoj trenutno najni\u017ea u Europskoj uniji i iznosi samo 35,45 posto, \u0161to zna\u010di da radnik danom odlaska u mirovinu po\u010dne vrijedi samo tre\u0107inu sebe samoga, zar ne?<\/p>\n\n\n\n<p>Zato se Savez samostalnih sindikata Hrvatske o\u0161tro usprotivio bilo kakvom modelu smanjivanja doprinosa za mirovinsko osiguranje, uklju\u010duju\u0107i promjene u stopi doprinosa, kao i osnovici na koju se on obra\u010dunava. Svaki potez u tom smjeru izuzetno je \u0161tetan i opasan za budu\u0107nost mirovinskog sustava i razinu mirovinskih prava, ali i za samu politiku pla\u0107a. Da prostora za rast pla\u0107a itekako ima i bez poreznog rastere\u0107enja govore i podaci Registra godi\u0161njih financijskih izvje\u0161taja Fine, koji pokazuju da je u 2021. godini ukupna dobit hrvatskih poduzetnika rasla za 109,6 posto u odnosu na prethodnu godinu, dok su pla\u0107e pove\u0107ane za samo 6,1 posto.<\/p>\n\n\n\n<h3 class=\"wp-block-heading\">Re\u017ei dobit, a ne doprinose<\/h3>\n\n\n\n<p>Prihva\u0107anje teze da rast pla\u0107a nije mogu\u0107 osim kroz porezno rastere\u0107enje vodi nas zakopavanju u poziciju zemlje s niskom cijenom rada, umjesto na put pribli\u017eavanja razini ekonomskog razvoja i \u017eivotnog standarda starih \u010dlanica Europske unije.<\/p>\n\n\n\n<p>SSSH potvr\u0111uje da tro\u0161kovi mirovinskih prava ste\u010denih iz rada trenutno nisu u potpunosti pokriveni uplatama doprinosa za mirovinsko osiguranje, a ovom bi Primor\u010devom reformom postali jo\u0161 vi\u0161e zemlja niske stope zaposlenosti, visokog udjela sive ekonomije, i smanjenju veze izme\u0111u mirovinskih prava i rada. U budu\u0107nosti to \u0107e visinu mirovina u\u010diniti jo\u0161 ni\u017eom, a stopa siroma\u0161tva starijih osoba \u0107e porasti na vi\u0161e od dana\u0161njih 32,4 posto.<\/p>\n\n\n\n<p>Tako\u0111er, suprotno \u010desto navo\u0111enim tezama, glavna razlika izme\u0111u na\u0161eg poreznog sustava i onog ve\u0107ine dr\u017eava \u010dlanica EU je u tome \u0161to Hrvatska sna\u017eno oporezuje potro\u0161nju, a izuzetno slabo dobit od kapitala i imovinu. Porezno optere\u0107enje rada, koje se poku\u0161ava prikazati kao glavni problem, pritom je me\u0111u ni\u017eima u Europi. Prema podacima Europske komisije, udio poreza na rad u ukupnim poreznim prihodima u Hrvatskoj je 2021. godine iznosio 37,7 posto i uz Bugarsku bio najni\u017ei me\u0111u dr\u017eavama \u010dlanicama, dok je prosjek EU iznosio 53,3 posto.<\/p>\n\n\n\n<h3 class=\"wp-block-heading\">Njihova i na\u0161a matematika<\/h3>\n\n\n\n<p>Dugoro\u010dna \u0161teta sada\u0161njim umirovljenicima, kojima bitno treba podi\u0107i mirovine, ukinuti penalizaciju kad steknu uvjet dobi za umirovljenje, popraviti model uskla\u0111ivanja mirovina, uvesti minimalnu (a ne najni\u017eu) mirovinu, uvesti trinaestu mirovinu umjesto pet jednokratnih dodataka koji niti ne ulaze u mirovinu, samo je jedna od \u0161teta, ali glavnu \u0107e platiti javne financije i budu\u0107i umirovljenici.<\/p>\n\n\n\n<p>Profesor emeritus ekonomskih znanosti <strong>\u017deljko Gara\u010da<\/strong> reagirao je na Linkedinu o\u0161tro osudiv\u0161i najavu Primorca o smanjenju doprinosa za mirovinsko osiguranje iz prvog stupa, jer je to nova tragedija na tragediju drugog stupa. No, k tome se pita kako tragi\u010dnost aktualne mirovinske reforme ne razumije sveu\u010dili\u0161ni profesor koji se bavi javnim financijama. &#8220;Pla\u010di, voljena zemljo!&#8221;, zaklju\u010duje Gara\u010da.<\/p>\n\n\n\n<p>\u0160to je preostalo umirovljenicima? \u0160aka? Ako im je \u0161aka slaba, poslu\u017eit \u0107e \u0161taka. Da, umirovljenici za jesen najavljuju prosvjede na ulicama ve\u0107ih gradova, jer to je o\u010dito jedini jezik koji \u010duju oni koji odlu\u010duju.<\/p>\n\n\n\n<p>Na\u0161a matematika ka\u017ee: u 2023. godini se o\u010dekuju mirovinski rashodi u visini od 6,56 milijardi eura, od \u010dega 4,02 milijardi prikupljenih iz mirovinskih doprinosa. No, kako su u predvi\u0111enim rashodima i mirovine ste\u010dene prema posebnim propisima, \u010diji je obveznik pla\u0107anja dr\u017eava, onda uz prihode od doprinosa treba dodati i oko 1,5 milijardi eura za &#8220;dr\u017eavne obveze&#8221; propisane zakonima, pa to iznosi 5,52 milijarde, \u010dime je visina pokrivenosti rashoda prihodima \u010dak 84 posto. A ne 62 posto, gospodo. Hrvatski mirovinski fond ima prostora i za rast mirovina i njihovu adekvatnost, zaklju\u010duje predsjednica SUH-a Jasna A. Petrovi\u0107.<\/p>\n<div id=\"mojev-3164318011\" class=\"mojev-kraj-teksta mojev-entity-placement\" style=\"margin-bottom: 20px;margin-left: auto;margin-right: auto;text-align: center;\"><div class=\"mojev-adlabel\">oglas<\/div><div style=\"height: 250px;\"><script async src=\"https:\/\/pagead2.googlesyndication.com\/pagead\/js\/adsbygoogle.js?client=ca-pub-8106111766207173\"\r\n     crossorigin=\"anonymous\"><\/script>\r\n<!-- Display-1 -->\r\n<ins class=\"adsbygoogle\"\r\n     style=\"display:block\"\r\n     data-ad-client=\"ca-pub-8106111766207173\"\r\n     data-ad-slot=\"1465712950\"\r\n     data-ad-format=\"auto\"\r\n     data-full-width-responsive=\"true\"><\/ins>\r\n<script>\r\n     (adsbygoogle = window.adsbygoogle || []).push({});\r\n<\/script><\/div><\/div>","protected":false},"excerpt":{"rendered":"<p>&#8216;\u0160to je preostalo umirovljenicima? \u0160aka? Ako im je \u0161aka slaba, poslu\u017eit \u0107e \u0161taka. Da, umirovljenici za jesen najavljuju prosvjede na ulicama ve\u0107ih gradova, jer to je o\u010dito jedini jezik koji \u010duju oni koji odlu\u010duju.&#8217;<\/p>\n","protected":false},"author":1,"featured_media":14950,"comment_status":"closed","ping_status":"closed","sticky":false,"template":"","format":"standard","meta":{"footnotes":""},"categories":[9],"tags":[3457,1116,687,167,77],"class_list":["post-74155","post","type-post","status-publish","format-standard","has-post-thumbnail","hentry","category-vijesti","tag-marko-primorac","tag-mirovinska-reforma","tag-prosvjedi","tag-sindikat-umirovljenika","tag-umirovljenici"],"_links":{"self":[{"href":"https:\/\/www.mojevrijeme.hr\/magazin\/wp-json\/wp\/v2\/posts\/74155","targetHints":{"allow":["GET"]}}],"collection":[{"href":"https:\/\/www.mojevrijeme.hr\/magazin\/wp-json\/wp\/v2\/posts"}],"about":[{"href":"https:\/\/www.mojevrijeme.hr\/magazin\/wp-json\/wp\/v2\/types\/post"}],"author":[{"embeddable":true,"href":"https:\/\/www.mojevrijeme.hr\/magazin\/wp-json\/wp\/v2\/users\/1"}],"replies":[{"embeddable":true,"href":"https:\/\/www.mojevrijeme.hr\/magazin\/wp-json\/wp\/v2\/comments?post=74155"}],"version-history":[{"count":0,"href":"https:\/\/www.mojevrijeme.hr\/magazin\/wp-json\/wp\/v2\/posts\/74155\/revisions"}],"wp:featuredmedia":[{"embeddable":true,"href":"https:\/\/www.mojevrijeme.hr\/magazin\/wp-json\/wp\/v2\/media\/14950"}],"wp:attachment":[{"href":"https:\/\/www.mojevrijeme.hr\/magazin\/wp-json\/wp\/v2\/media?parent=74155"}],"wp:term":[{"taxonomy":"category","embeddable":true,"href":"https:\/\/www.mojevrijeme.hr\/magazin\/wp-json\/wp\/v2\/categories?post=74155"},{"taxonomy":"post_tag","embeddable":true,"href":"https:\/\/www.mojevrijeme.hr\/magazin\/wp-json\/wp\/v2\/tags?post=74155"}],"curies":[{"name":"wp","href":"https:\/\/api.w.org\/{rel}","templated":true}]}}