{"id":74163,"date":"2023-05-17T08:37:54","date_gmt":"2023-05-17T06:37:54","guid":{"rendered":"https:\/\/www.mojevrijeme.hr\/magazin\/?p=74163"},"modified":"2023-05-17T08:38:08","modified_gmt":"2023-05-17T06:38:08","slug":"nesretna-umirovljenica-svi-bi-da-nas-vise-nema-samo-gledaju-sto-ce-zgrabiti","status":"publish","type":"post","link":"https:\/\/www.mojevrijeme.hr\/magazin\/2023\/05\/nesretna-umirovljenica-svi-bi-da-nas-vise-nema-samo-gledaju-sto-ce-zgrabiti\/","title":{"rendered":"Nesretna umirovljenica: Svi bi da nas vi\u0161e nema, samo gledaju \u0161to \u0107e zgrabiti"},"content":{"rendered":"\n<p>Umirovljeni roditelji odnosno bake i djedovi \u010desto svoje slobodno vrijeme, kao i ono malo eura \u0161to im ostane od mirovine, naj\u010de\u0161\u0107e pru\u017ee djeci i unucima. Samo oni znaju \u0161to zna\u010di nesebi\u010dno davati i pra\u0161tati, a s druge strane primati jedino \u2013 nezahvalnost, prigovore. Neki pod stare dane do\u017eive i prevaru zbog nasljedstva, da ne ka\u017eemo da odrasla djeca na njih di\u017eu ruku.<\/p>\n\n\n\n<p>Po\u0161tuj oca i majku da dugo \u017eivi\u0161 i dobro ti bude na zemlji \u2013 nisu ova naredba i obe\u0107anje tek tako uklesani u kamen za sva vremena. Te\u0161ke rane se otvore unutar obitelji kad se stariji ne slu\u0161aju, ne uva\u017eavaju, ne cijene, kad im se nikad ne uzvrati ljubazno\u0161\u0107u, malim znakom pa\u017enje, kad ih se nikad ne zagrli. Jo\u0161 su te\u017ee rane kad ih se vara, vrije\u0111a, potkrada.<\/p>\n\n\n\n<h3 class=\"wp-block-heading\">Gospo\u0111a Jana: Oboje djece rastavljeno, pritisak nevi\u0111en<\/h3>\n\n\n\n<p>O ranama na du\u0161i govori i gospo\u0111a Jana, koja nam povjerila da su ona i suprug ludi od pritiska zbog imovine. &#8220;Pri\u010da va\u0161eg <a rel=\"noreferrer noopener\" href=\"https:\/\/www.mojevrijeme.hr\/magazin\/2023\/05\/sve-radim-za-kcer-i-unuku-a-opet-ne-valjam-izjeda-me-to\/\" data-type=\"post\" data-id=\"73517\" target=\"_blank\">nesretnog djeda<\/a> me nagnala da se i ja izjadam. Imam dvoje djece i petero unu\u010dadi. Za sve njih \u017eivim i borim se do posljednje kapi krvi. Za sebe sam malo napravila, samo da bude njima bolje. Nesebi\u010dno sam im svima davala. Sad kad su odrasli ljudi, polako se udaljavaju od mene. Bojim se da \u0107e im \u017eivot to vratiti.&#8221;<\/p><div id=\"mojev-1980998182\" class=\"mojev-u-tekstu mojev-entity-placement\" style=\"margin-left: auto;margin-right: auto;text-align: center;\"><div class=\"mojev-adlabel\">oglas<\/div><div style=\"height: 250px;\"><script async src=\"https:\/\/pagead2.googlesyndication.com\/pagead\/js\/adsbygoogle.js?client=ca-pub-8106111766207173\"\r\n     crossorigin=\"anonymous\"><\/script>\r\n<!-- Prikazni 1 u tekstu -->\r\n<ins class=\"adsbygoogle\"\r\n     style=\"display:block\"\r\n     data-ad-client=\"ca-pub-8106111766207173\"\r\n     data-ad-slot=\"8535551207\"\r\n     data-ad-format=\"auto\"\r\n     data-full-width-responsive=\"true\"><\/ins>\r\n<script>\r\n     (adsbygoogle = window.adsbygoogle || []).push({});\r\n<\/script><\/div><\/div><br style=\"clear: both; display: block; float: none;\"\/>\n\n\n\n<p>&#8220;Oboje moje djece se rastalo i to me jo\u0161 vi\u0161e ti\u0161ti. U obitelj su se uvukli oni koji \u017eele samo imovinu, za supruga i mene nije bitno gdje \u0107emo i kako. Samo slu\u0161amo &#8216;daj ku\u0107u sinu da on mo\u017ee dati meni&#8217;.  Pritom ta osoba ne misli na mene i supruga, na moju k\u0107er i njezinu djecu, na nikoga osim na sebe.&#8221;<\/p>\n\n\n\n<p>&#8220;Suprug i ja smo pogrije\u0161ili, vidimo tek sada, \u0161to nismo prodali ku\u0107u, uzeli si novac i osigurali starost. Ali ne ra\u010duna \u010dovjek s tim da \u0107e sve to do\u017eivjeti, da \u0107e tek kad se dobro ope\u010de shvatiti \u0161ta je trebao napraviti. Ovaj djed o kojem ste pisali ima jedno unu\u010de pa mu je te\u0161ko, a zamislite kako je meni, ja ih imam petero. Nakon mog \u017eivotnog iskustva, dragi roditelji, djedovi i bake, mogu vam samo savjetovati: mislite korak unaprijed i najprije osigurajte sebe za starost, a potom mislite na sve ostale.&#8221;<\/p>\n\n\n\n<h3 class=\"wp-block-heading\"><strong>Gospo\u0111a Mirica: svi bi da nas vi\u0161e nema<\/strong><\/h3>\n\n\n\n<p>Da \u010dovjek doista nikad ne zna \u0161to ga \u010deka, svjedo\u010di i gospo\u0111a Mirica: &#8220;Suprug i ja ostali smo \u017eivjeti u ku\u0107i njegovih roditelja. On se posljednji \u017eenio, njegovi sestra i brat su ve\u0107 bili oti\u0161li iz obiteljskoga gnijezda pa su se slo\u017eili da mi mo\u017eemo ostati \u017eivjeti u ku\u0107i i odr\u017eavati je. Nikad oni nisu spomenuli da imaju pravo na ku\u0107u, ali kad su im djeca porasla, nastali su problemi \u2013 upravo su ih oni pritiskali da nam ka\u017eu da ku\u0107a nije samo na\u0161a, da vrijedi jer je u sredi\u0161tu grada te da bi valjalo razmi\u0161ljati o potpisivanju ugovora prema kojem \u0107e se ku\u0107a nakon na\u0161e smrti prodati i novac podijeliti na sve njih i na\u0161u djecu.&#8221;<\/p>\n\n\n\n<p>&#8220;Mi to mo\u017eemo shvatiti, ali smo se od strane ne\u0107aka naslu\u0161ali svakakvih prigovora, \u010detiri obitelji su u zavadi zbog toga. I na\u0161a vlastita djeca priti\u0161\u0107u nas, prigovaraju da smo se za \u017eivota trebali pobrinuti i prisvojiti ku\u0107u, da ne\u0161to ostavimo vlastitoj djeci i unucima. Ma znate \u0161to, do\u0111e nam da sve prodamo i odemo u stara\u010dki dom, da nikoga ne vidimo i ne \u010dujemo&#8221;, govori gospo\u0111a Mirica.<\/p>\n\n\n\n<p>\u010cini se da u ovom svijetu stalno treba ponavljati: tko unesre\u0107i starije roditelje, na mo\u017ee biti blagoslovljen. Ako ga ne udari sudbina, udarit \u0107e ga savjest koja kad-tad dolazi na naplatu.<\/p>\n\n\n\n<div id=\"crveno\"><\/p>\n\n\n\n<h3 class=\"wp-block-heading\">Zanima nas va\u0161a pri\u010da<\/h3>\n\n\n\n<p>\u017delite li i vi, posve anonimno, podijeliti svoje iskustvo i vi\u0111enje ove teme s nama i na\u0161im \u010ditateljima, mo\u017eete to u\u010diniti putem web obrasca <a rel=\"noreferrer noopener\" href=\"https:\/\/www.mojevrijeme.hr\/magazin\/povjerljivo\/\" target=\"_blank\">Povjerljivo<\/a>. Napi\u0161ite svoju pri\u010du!<\/p>\n\n\n\n<p><\/div>\n<div id=\"mojev-3204971890\" class=\"mojev-kraj-teksta mojev-entity-placement\" style=\"margin-bottom: 20px;margin-left: auto;margin-right: auto;text-align: center;\"><div class=\"mojev-adlabel\">oglas<\/div><div style=\"height: 250px;\"><script async src=\"https:\/\/pagead2.googlesyndication.com\/pagead\/js\/adsbygoogle.js?client=ca-pub-8106111766207173\"\r\n     crossorigin=\"anonymous\"><\/script>\r\n<!-- Display-1 -->\r\n<ins class=\"adsbygoogle\"\r\n     style=\"display:block\"\r\n     data-ad-client=\"ca-pub-8106111766207173\"\r\n     data-ad-slot=\"1465712950\"\r\n     data-ad-format=\"auto\"\r\n     data-full-width-responsive=\"true\"><\/ins>\r\n<script>\r\n     (adsbygoogle = window.adsbygoogle || []).push({});\r\n<\/script><\/div><\/div>","protected":false},"excerpt":{"rendered":"<p>Nevjerojatno puno reakcija stiglo je na na\u0161u redakciju nakon \u0161to smo objavili pri\u010du o umirovljeniku koji \u017eivi sam, povremeno vozi taksi da ispuni slobodno vrijeme, a svaki atom snage nesebi\u010dno ula\u017ee u pomo\u0107 k\u0107eri, samohranoj majci, i unuci vrti\u0107ke dobi. Djed na svojoj ko\u017ei osje\u0107a da mu se na sve to vra\u0107a jedino \u2013 nezahvalno\u0161\u0107u. A ako je za suditi prema va\u0161im svjedo\u010denjima, nije jedini &#8211; mnogi se umirovljenici osje\u0107aju iskori\u0161teno, ostavljeni na cjedilu i pi\u0161u nam pisma ne bi li olak\u0161ali du\u0161u.<\/p>\n","protected":false},"author":17,"featured_media":74417,"comment_status":"closed","ping_status":"closed","sticky":false,"template":"","format":"standard","meta":{"footnotes":""},"categories":[2],"tags":[918,2432,3437],"class_list":["post-74163","post","type-post","status-publish","format-standard","has-post-thumbnail","hentry","category-mozaik","tag-imovina","tag-nasljedstvo","tag-obiteljski-odnosi"],"_links":{"self":[{"href":"https:\/\/www.mojevrijeme.hr\/magazin\/wp-json\/wp\/v2\/posts\/74163","targetHints":{"allow":["GET"]}}],"collection":[{"href":"https:\/\/www.mojevrijeme.hr\/magazin\/wp-json\/wp\/v2\/posts"}],"about":[{"href":"https:\/\/www.mojevrijeme.hr\/magazin\/wp-json\/wp\/v2\/types\/post"}],"author":[{"embeddable":true,"href":"https:\/\/www.mojevrijeme.hr\/magazin\/wp-json\/wp\/v2\/users\/17"}],"replies":[{"embeddable":true,"href":"https:\/\/www.mojevrijeme.hr\/magazin\/wp-json\/wp\/v2\/comments?post=74163"}],"version-history":[{"count":0,"href":"https:\/\/www.mojevrijeme.hr\/magazin\/wp-json\/wp\/v2\/posts\/74163\/revisions"}],"wp:featuredmedia":[{"embeddable":true,"href":"https:\/\/www.mojevrijeme.hr\/magazin\/wp-json\/wp\/v2\/media\/74417"}],"wp:attachment":[{"href":"https:\/\/www.mojevrijeme.hr\/magazin\/wp-json\/wp\/v2\/media?parent=74163"}],"wp:term":[{"taxonomy":"category","embeddable":true,"href":"https:\/\/www.mojevrijeme.hr\/magazin\/wp-json\/wp\/v2\/categories?post=74163"},{"taxonomy":"post_tag","embeddable":true,"href":"https:\/\/www.mojevrijeme.hr\/magazin\/wp-json\/wp\/v2\/tags?post=74163"}],"curies":[{"name":"wp","href":"https:\/\/api.w.org\/{rel}","templated":true}]}}