{"id":74190,"date":"2023-05-16T09:31:10","date_gmt":"2023-05-16T07:31:10","guid":{"rendered":"https:\/\/www.mojevrijeme.hr\/magazin\/?p=74190"},"modified":"2023-05-16T11:34:13","modified_gmt":"2023-05-16T09:34:13","slug":"snaha-nera-svekrva-mi-u-30-godina-nikad-ni-kavu-nije-skuhala-zao-mi-je-zbog-toga","status":"publish","type":"post","link":"https:\/\/www.mojevrijeme.hr\/magazin\/2023\/05\/snaha-nera-svekrva-mi-u-30-godina-nikad-ni-kavu-nije-skuhala-zao-mi-je-zbog-toga\/","title":{"rendered":"Snaha Nera: Svekrva mi u 30 godina nikad ni kavu nije skuhala, \u017eao mi je zbog toga"},"content":{"rendered":"\n<p>Ovoga puta ne govorimo o generacijskom jazu izme\u0111u svekrve i snahe, ne govorimo o njihovim posve druga\u010dijim karakterima, niti o socijalnim razlikama u obiteljima, kao \u0161to to ponekad zna biti razlog za me\u0111usobnu netrpeljivost. <\/p>\n\n\n\n<p>Govorimo o vezanosti majke na sina jedinca, koja svog pti\u0107a ne \u017eeli pustiti da poleti i ostvari se kroz vlastitu obitelj. Upravo me boljelo slu\u0161ati ovu ispovijest snahe Nere i kroz razgovor uvi\u0111ati koliko su posljedice dalekose\u017ene, jer nekoliko obitelji ozbiljno trpi, a unuci se ne prestaju pitati: \u201dZa\u0161to je baka takva?\u201d<\/p>\n\n\n\n<p>&#8220;Moja svekrva Vesna u Veliku Goricu je sa suprugom doselila iz Podravine, u kasnim sedamdesetima, kada je njezin sin, a moj dana\u0161nji suprug, imao tri godine. Radila je u ra\u010dunovodstvu, a svekar u gra\u0111evini. Poslovi su bili stabilni, radilo se od 6 do 14, imali su tada roditelji puno vremena za obitelj. Nisu imali nekih egzistencijalnih problema, niti su se sva\u0111ali, pa ne znam znam vu\u010de li svekrva traume iz djetinjstva, ili se udala nespremna i premlada (s 19 godina), ali ja se ne mogu na\u010duditi njezinom pogledu na \u017eivot i svijet oko sebe. Ona se toliko fokusirala na to da sve u njezinom obiteljskom \u017eivotu mora biti savr\u0161eno, da je postalo suludo&#8221;, govori nam gospo\u0111a Nera. <\/p><div id=\"mojev-4134022130\" class=\"mojev-u-tekstu mojev-entity-placement\" style=\"margin-left: auto;margin-right: auto;text-align: center;\"><div class=\"mojev-adlabel\">oglas<\/div><div style=\"height: 250px;\"><script async src=\"https:\/\/pagead2.googlesyndication.com\/pagead\/js\/adsbygoogle.js?client=ca-pub-8106111766207173\"\r\n     crossorigin=\"anonymous\"><\/script>\r\n<!-- Prikazni 1 u tekstu -->\r\n<ins class=\"adsbygoogle\"\r\n     style=\"display:block\"\r\n     data-ad-client=\"ca-pub-8106111766207173\"\r\n     data-ad-slot=\"8535551207\"\r\n     data-ad-format=\"auto\"\r\n     data-full-width-responsive=\"true\"><\/ins>\r\n<script>\r\n     (adsbygoogle = window.adsbygoogle || []).push({});\r\n<\/script><\/div><\/div><br style=\"clear: both; display: block; float: none;\"\/>\n\n\n\n<p>Kako ka\u017ee, kod svekrve je sve moralo biti besprijekorno \u010disto, uredno, slo\u017eeno &#8220;kao po \u0161pagi&#8221;. Nitko nije smio kroz ulazna vrata u cipelama, nitko nije smio ne\u0161to odlo\u017eiti na &#8216;krivo&#8217; mjesto, \u010dak ni baciti klju\u010deve na ormari\u0107 u hodniku. U kuhinji se nije smjelo ni\u0161ta poprskati, kao ni u kupaonici.<\/p>\n\n\n\n<h3 class=\"wp-block-heading\">Suprug je \u017eivio u strahu<\/h3>\n\n\n\n<p>&#8220;U po\u010decima veze s mojim dana\u0161njim suprugom mislila sam da si utvaram neke \u010dinjenice oko nje, jer moja zdrava pamet i logika nisu mogli pojmiti da netko mo\u017ee toliko pobrkati \u017eivotne lon\u010di\u0107e. Osobito jer se tada \u010dinila jo\u0161 i ljubaznom. Mislila sam \u010dak da svaki put tako pospremi zbog mene!&#8221;<\/p>\n\n\n\n<p>&#8220;\u0160to je posrijedi, shvatila sam tek kad mi je suprug povjerio da je stalno strepio da ne\u0161to ne uprlja i da je kao dijete, kad bi dolazili gosti, i po sat vremena morao sjediti na kutnoj garnituri, uredno odjeven i po\u010de\u0161ljan, da do dolaska gostiju ne bi uneredio ku\u0107i ili, ne daj Bo\u017ee, sebe&#8221;, govori gospo\u0111a Nera o svojoj svekrvi.<\/p>\n\n\n\n<p>\u201dToliko o njezinom nezdravom odr\u017eavanju savr\u0161enstva po ku\u0107i. Vratimo se sad na &#8216;savr\u0161enstvo&#8217; odnosa koje je uvela u svoju tro\u010dlanu obitelj. Sina je vezala isklju\u010divo na sebe, \u010dak ni djedovi i bake nisu smjeli biti dugo s njim. Nikad mu nije dopustila da ku\u0107i pozove prijatelje. Ako bi on pokazao imalo ve\u0107u naklonost prema nekome, dobila bi glavobolju. A ba\u0161 zbog u\u010destalih glavobolja koje je imala kad god joj ne\u0161to ne bi odgovaralo, njezin suprug, moj svekar, prestao joj je proturje\u010diti, povukao se i radio kako ona dirigira&#8221;, govori snaha Nera.<\/p>\n\n\n\n<h3 class=\"wp-block-heading\">Gotovo im je uni\u0161tila po\u010detak veze<\/h3>\n\n\n\n<p>&#8220;Kad smo suprug i ja tek prohodali, donekle je hinila ljubaznost jer je tada jo\u0161 bila uvjerena da ne postoji nitko tko bi joj mogao &#8216;oteti&#8217; sina. Nekad mi se \u010dak \u010dinilo da se prenema\u017ee u tom svom preglasnom smijehu, bilo bi mi \u010dak nelagodno, ali kako sam je rijetko i nakratko vi\u0111ala, nisam se time zamarala&#8221;, govori gospo\u0111a Nera i dodaje da je prelazila i preko toga \u0161to ju budu\u0107a svekrva nikad nije pitala barem \u017eeli li malo sjesti, popiti kavu.<\/p>\n\n\n\n<p>Kako je vrijeme odmicalo, me\u0111u mladim je parom bivalo sve napetije. &#8220;Supruga sam upoznala na fakultetu. Ja sam \u017eivjela u Zagrebu i imala sam svoj mali studentski stan pa je on po\u010deo ostajati kod mene po dva, tri dana, ali to nije potrajalo. Ubrzo se po\u010deo izmotavati da mora ku\u0107i, uvijek su tu bili drugi razlozi. Poslije me \u010dak po\u010deo ispitivati gdje sam bila prethodne ve\u010deri, ili me iz \u010dista mira napao ispituju\u0107i koliko sam frajera imala prije njega. Krenule su trzavice&#8221;, govori nam na\u0161a sugovornica.<\/p>\n\n\n\n<p>Da se ne\u0161to jako nezdravo doga\u0111a u toj obitelji, otkrila joj je suprugova sestri\u010dna. &#8220;Tada smo u vezi bili nekih pola godine, kad mi je njegova sestri\u010dna na jednoj kavi u gradu rekla da \u0107e se svekrva &#8216;\u017eiva pojesti ako nastavimo vezu&#8217;. Rekla je da me ogovara, da istra\u017euje okolo informacije o meni, o mojim roditeljima, o mojoj pro\u0161losti, ocjenama u \u0161koli i ispitima na fakultetu, a onda me pred sinom ocrnjuje izvrgavaju\u0107i stvarnost. Saznala sam i da je znala imati histeri\u010dne ispade &#8211; odmah mi je bilo jasno da zbog toga on vi\u0161e ne \u017eeli prespavati kod mene. Iskreno, bila sam u te\u0161kom \u0161oku nakon tog razgovora&#8221;, prisjetila se gospo\u0111a Nera, danas 51-godi\u0161njakinja.<\/p>\n\n\n\n<h3 class=\"wp-block-heading\">Ipak je odabrao suprugu<\/h3>\n\n\n\n<p>&#8220;Jo\u0161 sam nekoliko puta bila kod njih, sada je ve\u0107 bila ozbiljna, gotovo blijeda, nate\u010dena kad bih ja do\u0161la. Vjerujem da je plakala od u\u017easa \u0161to dolazim. Kad bi ja ne\u0161to govorila, ona bi gledala u mene razroga\u010denih o\u010diju kao da pri\u010dam nonsense. Tu i tamo me malo podbola, htjela me pred sinom napraviti glupom&#8221;, govori snaha Nera.<\/p>\n\n\n\n<p>Kako ka\u017ee, da se u tom trenutku njezin tada de\u010dko, a danas suprug, odlu\u010dio za majku umjesto za nju, nikad ne bi stvorili divnu obitelj koju imaju. &#8220;Imala sam sre\u0107e da je moj suprug uvidio u \u010demu je problem i nakon svih previranja, odlu\u010dio oti\u0107i od majke.&#8221;<\/p>\n\n\n\n<p>&#8220;Danas imamo lijepu obitelj, dvoje odrasle djece. Sa svekrvom nikad nisam imala nikakav odnos, iako je dolazila na obiteljske proslave ro\u0111endana, \u0161kolske predstave djeci i sli\u010dno. Svekar je razgovarao sa svima i bio normalan i drag, a ona je stajala po strani i moglo se vidjeti da se iznutra izjeda. Djeca su nas stalno ispitivala &#8216;\u0160to je baki, za\u0161to je takva?&#8217;, a mi smo nalazili razne izgovore za njezina stanja. <\/p>\n\n\n\n<p>&#8220;\u017dao mi je \u0161to se cijeli \u017eivot nije urazumila, radila na sebi, pozvala nas na koji ru\u010dak, ali tu vi\u0161e nema pomo\u0107i, dana ima 81 godinu i isto se pona\u0161a kao prije 30 godina kad sam je upoznala&#8221;, ispri\u010dala je gospo\u0111a Nera.<\/p>\n\n\n\n<div id=\"crveno\"><\/p>\n\n\n\n<h3 class=\"wp-block-heading\">Zanima nas va\u0161a pri\u010da<\/h3>\n\n\n\n<p>\u017delite li i vi, posve anonimno, podijeliti svoje iskustvo i vi\u0111enje ove teme s nama i na\u0161im \u010ditateljima, mo\u017eete to u\u010diniti putem web obrasca <a rel=\"noreferrer noopener\" href=\"https:\/\/www.mojevrijeme.hr\/magazin\/povjerljivo\/\" target=\"_blank\">Povjerljivo<\/a>. Napi\u0161ite svoju pri\u010du!<\/p>\n\n\n\n<p><\/div>\n<div id=\"mojev-3484144292\" class=\"mojev-kraj-teksta mojev-entity-placement\" style=\"margin-bottom: 20px;margin-left: auto;margin-right: auto;text-align: center;\"><div class=\"mojev-adlabel\">oglas<\/div><div style=\"height: 250px;\"><script async src=\"https:\/\/pagead2.googlesyndication.com\/pagead\/js\/adsbygoogle.js?client=ca-pub-8106111766207173\"\r\n     crossorigin=\"anonymous\"><\/script>\r\n<!-- Display-1 -->\r\n<ins class=\"adsbygoogle\"\r\n     style=\"display:block\"\r\n     data-ad-client=\"ca-pub-8106111766207173\"\r\n     data-ad-slot=\"1465712950\"\r\n     data-ad-format=\"auto\"\r\n     data-full-width-responsive=\"true\"><\/ins>\r\n<script>\r\n     (adsbygoogle = window.adsbygoogle || []).push({});\r\n<\/script><\/div><\/div>","protected":false},"excerpt":{"rendered":"<p>Da se u tom trenutku njezin dana\u0161nji suprug odlu\u010dio za majku, umjesto za nju, nikad ne bi stvorili divnu obitelj koju imaju.<\/p>\n","protected":false},"author":17,"featured_media":74280,"comment_status":"closed","ping_status":"closed","sticky":false,"template":"","format":"standard","meta":{"footnotes":""},"categories":[2],"tags":[3437,3374,3373],"class_list":["post-74190","post","type-post","status-publish","format-standard","has-post-thumbnail","hentry","category-mozaik","tag-obiteljski-odnosi","tag-snahe","tag-svekrve"],"_links":{"self":[{"href":"https:\/\/www.mojevrijeme.hr\/magazin\/wp-json\/wp\/v2\/posts\/74190","targetHints":{"allow":["GET"]}}],"collection":[{"href":"https:\/\/www.mojevrijeme.hr\/magazin\/wp-json\/wp\/v2\/posts"}],"about":[{"href":"https:\/\/www.mojevrijeme.hr\/magazin\/wp-json\/wp\/v2\/types\/post"}],"author":[{"embeddable":true,"href":"https:\/\/www.mojevrijeme.hr\/magazin\/wp-json\/wp\/v2\/users\/17"}],"replies":[{"embeddable":true,"href":"https:\/\/www.mojevrijeme.hr\/magazin\/wp-json\/wp\/v2\/comments?post=74190"}],"version-history":[{"count":0,"href":"https:\/\/www.mojevrijeme.hr\/magazin\/wp-json\/wp\/v2\/posts\/74190\/revisions"}],"wp:featuredmedia":[{"embeddable":true,"href":"https:\/\/www.mojevrijeme.hr\/magazin\/wp-json\/wp\/v2\/media\/74280"}],"wp:attachment":[{"href":"https:\/\/www.mojevrijeme.hr\/magazin\/wp-json\/wp\/v2\/media?parent=74190"}],"wp:term":[{"taxonomy":"category","embeddable":true,"href":"https:\/\/www.mojevrijeme.hr\/magazin\/wp-json\/wp\/v2\/categories?post=74190"},{"taxonomy":"post_tag","embeddable":true,"href":"https:\/\/www.mojevrijeme.hr\/magazin\/wp-json\/wp\/v2\/tags?post=74190"}],"curies":[{"name":"wp","href":"https:\/\/api.w.org\/{rel}","templated":true}]}}