{"id":74258,"date":"2023-05-16T00:22:25","date_gmt":"2023-05-15T22:22:25","guid":{"rendered":"https:\/\/www.mojevrijeme.hr\/magazin\/?p=74258"},"modified":"2023-05-16T09:42:59","modified_gmt":"2023-05-16T07:42:59","slug":"kome-rastu-place-i-kome-ce-drzava-placati-dio-doprinosa-prve-konture-reforme","status":"publish","type":"post","link":"https:\/\/www.mojevrijeme.hr\/magazin\/2023\/05\/kome-rastu-place-i-kome-ce-drzava-placati-dio-doprinosa-prve-konture-reforme\/","title":{"rendered":"Kome rastu pla\u0107e, koga \u0107e dr\u017eava rasteretiti dijela  mirovinskih doprinosa?"},"content":{"rendered":"\n<p>Nakon pro\u0161irene sjednice Predsjedni\u0161tva Hrvatske demokratske zajednice (HDZ), premijer Andrej Plenkovi\u0107 novinarima je objasnio mehanizam koji \u0107e kroz poreznu reformu pove\u0107ati pla\u0107e. Podsjetimo, ve\u0107 tjednima se govori o rezanju doprinosa za prvi mirovinski stup \u010dime bi se izravno, od 1. sije\u010dnja 2024. godine, pove\u0107ao neto. <\/p>\n\n\n\n<p>Poslodavci pozdravljaju ovakve najave, budu\u0107i da na taj na\u010din oni ne bi financirali pove\u0107anje pla\u0107e. Sindikati pak upozoravaju da se ru\u0161i prvi mirovinski stup te da se stvara iluzija pove\u0107anja pla\u0107a, a da se zapravo radi o pove\u0107anju pla\u0107e nau\u0161trb budu\u0107e radni\u010dke mirovine. Vlada otklanja takva naga\u0111anja i poru\u010duje da nitko ne\u0107e biti o\u0161te\u0107en. <\/p>\n\n\n\n<p>O\u010dekivano, ovakvim bi se potezom pove\u0107ao udio dr\u017eavnog financiranja mirovina, budu\u0107i da se doprinosima i sada prikupi tek \u0161ezdesetak posto potrebne mase. Premijer je pak objasnio kako \u0107e se to formalizirati.<\/p><div id=\"mojev-2971771182\" class=\"mojev-u-tekstu mojev-entity-placement\" style=\"margin-left: auto;margin-right: auto;text-align: center;\"><div class=\"mojev-adlabel\">oglas<\/div><div style=\"height: 250px;\"><script async src=\"https:\/\/pagead2.googlesyndication.com\/pagead\/js\/adsbygoogle.js?client=ca-pub-8106111766207173\"\r\n     crossorigin=\"anonymous\"><\/script>\r\n<!-- Prikazni 1 u tekstu -->\r\n<ins class=\"adsbygoogle\"\r\n     style=\"display:block\"\r\n     data-ad-client=\"ca-pub-8106111766207173\"\r\n     data-ad-slot=\"8535551207\"\r\n     data-ad-format=\"auto\"\r\n     data-full-width-responsive=\"true\"><\/ins>\r\n<script>\r\n     (adsbygoogle = window.adsbygoogle || []).push({});\r\n<\/script><\/div><\/div><br style=\"clear: both; display: block; float: none;\"\/>\n\n\n\n<p>&#8220;Na\u010din da se pove\u0107aju pla\u0107e i\u0107i \u0107e tako da \u0107e dr\u017eava preuzeti dio kod odre\u0111enog kruga ljudi s odre\u0111enim maksimumom prihoda, otprilike&nbsp;<strong>do 1.500 eura<\/strong>, uplate&nbsp;u dio mirovinskog doprinosa i time \u0107e automatski ostati vi\u0161e njima u tzv. bruto 1 pla\u0107i. Drugo je da se&nbsp;pove\u0107a osobni odbitak&nbsp;i tre\u0107e,&nbsp;ukidanje prireza, dakle prirez bi se ukinuo, a spojila bi se mogu\u0107nost autonomijom elegacijom prema jedinicama lokalne samouprave da dodaju ono \u0161to je nekad bio prirez na porez na dohodak&#8221;, rekao je premijer.<\/p>\n\n\n\n<p>&#8220;Dakle&#8221;, kako je dodao, &#8220;imamo dvije stope poreza na dohodak; jedna je od 20 posto, prag je otprilike 3.700 eura, a druga je od 30 posto&#8221;, rekao je i pojasnio. &#8220;U onoj jedinici gdje je sama jedinica odredila prirez da bude 10 posto, to je 10 posto na porez na dohodak. Dakle, 20 posto plus 10 posto je recimo 22 posto poreza na dohodak&#8221;.<\/p>\n<div id=\"mojev-3357384281\" class=\"mojev-kraj-teksta mojev-entity-placement\" style=\"margin-bottom: 20px;margin-left: auto;margin-right: auto;text-align: center;\"><div class=\"mojev-adlabel\">oglas<\/div><div style=\"height: 250px;\"><script async src=\"https:\/\/pagead2.googlesyndication.com\/pagead\/js\/adsbygoogle.js?client=ca-pub-8106111766207173\"\r\n     crossorigin=\"anonymous\"><\/script>\r\n<!-- Display-1 -->\r\n<ins class=\"adsbygoogle\"\r\n     style=\"display:block\"\r\n     data-ad-client=\"ca-pub-8106111766207173\"\r\n     data-ad-slot=\"1465712950\"\r\n     data-ad-format=\"auto\"\r\n     data-full-width-responsive=\"true\"><\/ins>\r\n<script>\r\n     (adsbygoogle = window.adsbygoogle || []).push({});\r\n<\/script><\/div><\/div>","protected":false},"excerpt":{"rendered":"<p>Premijer Andrej Plenkovi\u0107 po prvi put je objasnio kojoj skupini radnika \u0107e dr\u017eava pla\u0107ati dio doprinosa za 1. mirovinski stup.  <\/p>\n","protected":false},"author":1,"featured_media":67253,"comment_status":"closed","ping_status":"closed","sticky":false,"template":"","format":"standard","meta":{"footnotes":""},"categories":[9],"tags":[17],"class_list":["post-74258","post","type-post","status-publish","format-standard","has-post-thumbnail","hentry","category-vijesti","tag-novac"],"_links":{"self":[{"href":"https:\/\/www.mojevrijeme.hr\/magazin\/wp-json\/wp\/v2\/posts\/74258","targetHints":{"allow":["GET"]}}],"collection":[{"href":"https:\/\/www.mojevrijeme.hr\/magazin\/wp-json\/wp\/v2\/posts"}],"about":[{"href":"https:\/\/www.mojevrijeme.hr\/magazin\/wp-json\/wp\/v2\/types\/post"}],"author":[{"embeddable":true,"href":"https:\/\/www.mojevrijeme.hr\/magazin\/wp-json\/wp\/v2\/users\/1"}],"replies":[{"embeddable":true,"href":"https:\/\/www.mojevrijeme.hr\/magazin\/wp-json\/wp\/v2\/comments?post=74258"}],"version-history":[{"count":0,"href":"https:\/\/www.mojevrijeme.hr\/magazin\/wp-json\/wp\/v2\/posts\/74258\/revisions"}],"wp:featuredmedia":[{"embeddable":true,"href":"https:\/\/www.mojevrijeme.hr\/magazin\/wp-json\/wp\/v2\/media\/67253"}],"wp:attachment":[{"href":"https:\/\/www.mojevrijeme.hr\/magazin\/wp-json\/wp\/v2\/media?parent=74258"}],"wp:term":[{"taxonomy":"category","embeddable":true,"href":"https:\/\/www.mojevrijeme.hr\/magazin\/wp-json\/wp\/v2\/categories?post=74258"},{"taxonomy":"post_tag","embeddable":true,"href":"https:\/\/www.mojevrijeme.hr\/magazin\/wp-json\/wp\/v2\/tags?post=74258"}],"curies":[{"name":"wp","href":"https:\/\/api.w.org\/{rel}","templated":true}]}}