{"id":74409,"date":"2023-05-17T07:56:02","date_gmt":"2023-05-17T05:56:02","guid":{"rendered":"https:\/\/www.mojevrijeme.hr\/magazin\/?p=74409"},"modified":"2023-05-17T07:56:42","modified_gmt":"2023-05-17T05:56:42","slug":"nakon-52-godine-rada-omiljeni-vlakovoda-ispracen-je-u-mirovinu","status":"publish","type":"post","link":"https:\/\/www.mojevrijeme.hr\/magazin\/2023\/05\/nakon-52-godine-rada-omiljeni-vlakovoda-ispracen-je-u-mirovinu\/","title":{"rendered":"Nakon 52 godine rada, omiljeni vlakovo\u0111a ispra\u0107en je u mirovinu"},"content":{"rendered":"\n<p>Vlakovo\u0111a <strong>Joe Crean<\/strong> iz Glossopa u Derbyshireu bio je vidljivo emotivan kada su ga obitelj i prijatelji do\u010dekali na peronu Manchester Piccadilly. Bila je to, javlja <a href=\"http:\/\/bbc.co.uk\" target=\"_blank\" rel=\"noreferrer noopener\">BBC<\/a>, njegova posljednja radna smjena.<\/p>\n\n\n\n<p>Crean, koji ima 69 godina, zapo\u010deo je karijeru u britanskoj \u017eeljeznici 1971. godine kao poslu\u017eitelj u restoranu vlaka.<\/p>\n\n\n\n<p>&#8220;Imam vi\u0161e od pola stolje\u0107a dragocjenih uspomena i puno mi zna\u010di \u0161to sam podijelio svoje posljednje putovanje sa svojom obitelji i \u017eeljezni\u010dkom obitelji&#8221;, rekao je. &#8220;Radujem se provo\u0111enju vi\u0161e vremena sa svojom suprugom Christine, sinovima Garyjem i Shaneom te pro\u0161irenom obitelji koja je do\u0161la vidjeti moju posljednju vo\u017enju.&#8221;<\/p><div id=\"mojev-860218665\" class=\"mojev-u-tekstu mojev-entity-placement\" style=\"margin-left: auto;margin-right: auto;text-align: center;\"><div class=\"mojev-adlabel\">oglas<\/div><div style=\"height: 250px;\"><script async src=\"https:\/\/pagead2.googlesyndication.com\/pagead\/js\/adsbygoogle.js?client=ca-pub-8106111766207173\"\r\n     crossorigin=\"anonymous\"><\/script>\r\n<!-- Prikazni 1 u tekstu -->\r\n<ins class=\"adsbygoogle\"\r\n     style=\"display:block\"\r\n     data-ad-client=\"ca-pub-8106111766207173\"\r\n     data-ad-slot=\"8535551207\"\r\n     data-ad-format=\"auto\"\r\n     data-full-width-responsive=\"true\"><\/ins>\r\n<script>\r\n     (adsbygoogle = window.adsbygoogle || []).push({});\r\n<\/script><\/div><\/div><br style=\"clear: both; display: block; float: none;\"\/>\n\n\n\n<p><strong>Matthew Golton<\/strong>, izvr\u0161ni direktor TransPennine Expressa, rekao je: &#8220;Joeva mirovina ozna\u010dava kraj jedne ere, ali njegovo naslje\u0111e i doprinosi budu\u0107im generacijama voza\u010da \u0107e se nastaviti.&#8221;<\/p>\n<div id=\"mojev-2815038760\" class=\"mojev-kraj-teksta mojev-entity-placement\" style=\"margin-bottom: 20px;margin-left: auto;margin-right: auto;text-align: center;\"><div class=\"mojev-adlabel\">oglas<\/div><div style=\"height: 250px;\"><script async src=\"https:\/\/pagead2.googlesyndication.com\/pagead\/js\/adsbygoogle.js?client=ca-pub-8106111766207173\"\r\n     crossorigin=\"anonymous\"><\/script>\r\n<!-- Display-1 -->\r\n<ins class=\"adsbygoogle\"\r\n     style=\"display:block\"\r\n     data-ad-client=\"ca-pub-8106111766207173\"\r\n     data-ad-slot=\"1465712950\"\r\n     data-ad-format=\"auto\"\r\n     data-full-width-responsive=\"true\"><\/ins>\r\n<script>\r\n     (adsbygoogle = window.adsbygoogle || []).push({});\r\n<\/script><\/div><\/div>","protected":false},"excerpt":{"rendered":"<p>Omiljeni vlakovo\u0111a u mirovinu je ispra\u0107en aplauzom. na \u017eeljeznici je po\u010deo raditi kao poslu\u017eitelj u vagonima.<\/p>\n","protected":false},"author":1,"featured_media":74411,"comment_status":"closed","ping_status":"closed","sticky":false,"template":"","format":"standard","meta":{"footnotes":""},"categories":[2],"tags":[957,829],"class_list":["post-74409","post","type-post","status-publish","format-standard","has-post-thumbnail","hentry","category-mozaik","tag-mirovina","tag-velika-britanija"],"_links":{"self":[{"href":"https:\/\/www.mojevrijeme.hr\/magazin\/wp-json\/wp\/v2\/posts\/74409","targetHints":{"allow":["GET"]}}],"collection":[{"href":"https:\/\/www.mojevrijeme.hr\/magazin\/wp-json\/wp\/v2\/posts"}],"about":[{"href":"https:\/\/www.mojevrijeme.hr\/magazin\/wp-json\/wp\/v2\/types\/post"}],"author":[{"embeddable":true,"href":"https:\/\/www.mojevrijeme.hr\/magazin\/wp-json\/wp\/v2\/users\/1"}],"replies":[{"embeddable":true,"href":"https:\/\/www.mojevrijeme.hr\/magazin\/wp-json\/wp\/v2\/comments?post=74409"}],"version-history":[{"count":0,"href":"https:\/\/www.mojevrijeme.hr\/magazin\/wp-json\/wp\/v2\/posts\/74409\/revisions"}],"wp:featuredmedia":[{"embeddable":true,"href":"https:\/\/www.mojevrijeme.hr\/magazin\/wp-json\/wp\/v2\/media\/74411"}],"wp:attachment":[{"href":"https:\/\/www.mojevrijeme.hr\/magazin\/wp-json\/wp\/v2\/media?parent=74409"}],"wp:term":[{"taxonomy":"category","embeddable":true,"href":"https:\/\/www.mojevrijeme.hr\/magazin\/wp-json\/wp\/v2\/categories?post=74409"},{"taxonomy":"post_tag","embeddable":true,"href":"https:\/\/www.mojevrijeme.hr\/magazin\/wp-json\/wp\/v2\/tags?post=74409"}],"curies":[{"name":"wp","href":"https:\/\/api.w.org\/{rel}","templated":true}]}}