{"id":74422,"date":"2023-05-17T10:09:21","date_gmt":"2023-05-17T08:09:21","guid":{"rendered":"https:\/\/www.mojevrijeme.hr\/magazin\/?p=74422"},"modified":"2023-05-17T10:13:40","modified_gmt":"2023-05-17T08:13:40","slug":"umirovljenici-spremni-na-prosvjed-neka-nas-netko-povede-nemamo-sto-izgubiti","status":"publish","type":"post","link":"https:\/\/www.mojevrijeme.hr\/magazin\/2023\/05\/umirovljenici-spremni-na-prosvjed-neka-nas-netko-povede-nemamo-sto-izgubiti\/","title":{"rendered":"Umirovljenici spremni na prosvjed: &#8216;Nemamo \u0161to izgubiti!&#8217;"},"content":{"rendered":"\n<p>Tko \u0107e nas izvesti na ceste? Pitanje je koje postavlja gospodin <strong>Mate<\/strong>, jedan od bezbroj takozvanih prijevremenih umirovljenika. Njega je, ba\u0161 kao i stotine drugih koji su nam se javili u zadnjih desetak dana, u mirovinu otjerala nesposobna uprava tvrtke u kojoj je radio, da bi ga dr\u017eava potom penalizirala i gurnula u siroma\u0161tvo.<\/p>\n\n\n\n<p>Ka\u017ee Mate da vi\u0161e nema \u0161to izgubiti, jer \u017eivot koji \u017eivi ne mo\u017ee se nazvati \u017eivotom. Oskudica ga poni\u017eava, iako je, dodaje, &#8220;natukao&#8221; \u010dak 39 godina sta\u017ea.<\/p>\n\n\n\n<p>Umirovljenica <strong>Ljiljana Krizmani\u0107<\/strong> nam pak govori da je u mirovinu oti\u0161la s 36 godina neprekinutog sta\u017ea i 56 godina starosti. &#8220;Radila sam kao rukovoditelj gradili\u0161ta, projekt manager i na posljetku kao tehni\u010dki direktor i nisam imala lo\u0161a primanja.&#8221;<\/p><div id=\"mojev-1871449241\" class=\"mojev-u-tekstu mojev-entity-placement\" style=\"margin-left: auto;margin-right: auto;text-align: center;\"><div class=\"mojev-adlabel\">oglas<\/div><div style=\"height: 250px;\"><script async src=\"https:\/\/pagead2.googlesyndication.com\/pagead\/js\/adsbygoogle.js?client=ca-pub-8106111766207173\"\r\n     crossorigin=\"anonymous\"><\/script>\r\n<!-- Prikazni 1 u tekstu -->\r\n<ins class=\"adsbygoogle\"\r\n     style=\"display:block\"\r\n     data-ad-client=\"ca-pub-8106111766207173\"\r\n     data-ad-slot=\"8535551207\"\r\n     data-ad-format=\"auto\"\r\n     data-full-width-responsive=\"true\"><\/ins>\r\n<script>\r\n     (adsbygoogle = window.adsbygoogle || []).push({});\r\n<\/script><\/div><\/div><br style=\"clear: both; display: block; float: none;\"\/>\n\n\n\n<h3 class=\"wp-block-heading\">Penalizirana zbog &#8211; mo\u017edanog udara<\/h3>\n\n\n\n<p>2013. godine je, na\u017ealost, do\u017eivjela mo\u017edani udar, da bi, dok je bila na bolovanju, u srpnju iste godine njen poslodavac oti\u0161ao u ste\u010daj. Dobila je jo\u0161 mjesec dana bolovanja, a nakon toga \u010dekanje na Zavodu za zapo\u0161ljavanje do prvih uvjeta za mirovinu uz penalizaciju od 15 posto. I upravo je u tome detalju nepravda koju je do\u017eivjela. Naime, obja\u0161njava gospo\u0111a Krizmani\u0107, kad tvrtka ode u ste\u010daj, radnici idu u prijevremenu mirovinu bez penalizacije. &#8220;Ali samo ako su odabrani. Jer, uvjet je da bude\u0161 na Zavodu za zapo\u0161ljavanje 2 godine!&#8221;<\/p>\n\n\n\n<p>&#8220;Naravno, danas dr\u017eava svima poma\u017ee raznim energetskim dodacima. I onima koji su radili i onima koji nisu. Treba ljudima pomo\u0107i, jer mirovine su mizerne. Sre\u0107om, jo\u0161 ne spadam u grupu koja je ugro\u017eena, ali, nastavi li se ovako, ne\u0107e pro\u0107i puno vremena prije nego i mene dohvati ta ugroza.&#8221;<\/p>\n\n\n\n<p>&#8220;Zapravo sam jako \u017ealosna zbog stvarne nepravde koja je nanesena nama koji smo \u010destito upla\u0107ivali sve doprinose, poreze i sva davanja u svom poprili\u010dno dugom radnom vijeku, pa \u010dak i sada pla\u0107amo porez iz mirovine, a oduzeto nam je ono \u0161to smo po\u0161teno zaradili i upla\u0107ivali godinama. Isto se odnosi i na zdravstveno osiguranje i na\u0161 zdravstveni sustav. Da ne spominjem da<a href=\"https:\/\/www.mojevrijeme.hr\/magazin\/2023\/04\/majcinski-dodatak-mogu-ostvariti-i-stare-umirovljenice-ovo-je-postupak\/\" data-type=\"post\" data-id=\"71110\" target=\"_blank\" rel=\"noreferrer noopener\"> mi nismo majke<\/a>, a imamo djecu. Bili smo zakinuti za rad na 4 sata, no to je ispravljeno pa sam i tu jo\u0161 odradila koju godinu, ali ne dovoljno za novi izra\u010dun mirovine.&#8221;<\/p>\n\n\n\n<p>Ljiljana, kao i ve\u0107ina drugih umirovljenika, o\u010dekuje da penalizacija prestane kad takozvani prijevremeni umirovljenici navr\u0161e 65 godina \u017eivota. Poma\u017ee se, ka\u017ee svima, i braniteljima i u\u017eivateljima obiteljskih mirovina, a na prijevremene umirovljenike nitko ne misli i nikako da do\u0111u na red.<\/p>\n\n\n\n<h3 class=\"wp-block-heading\">Ljuta na udovice i politi\u010dare<\/h3>\n\n\n\n<p>&#8220;I sama sam poslana na biro nakon privatizacije firme, da ne ka\u017eem lopovluka, a zatim i prijevremenu mirovinu. Naravno, ne svojom voljom&#8221;, sa\u017eima svoju umirovljeni\u010dku pri\u010du <strong>Slavica<\/strong>. Nezadovoljna je, dodaje, \u0161to svi imaju ve\u0107a prava, pa \u010dak i kad nemaju nikakav sta\u017e. &#8220;Osoba koja nikad nije radila prima obiteljsku mirovinu koja je ve\u0107a od moje, a ja sam 32 godine pla\u0107ala doprinose. Vrijeme je da i mi zakinuti budemo obe\u0161te\u0107eni, ali kako?&#8221; pita Slavica.<\/p>\n\n\n\n<p>&#8220;Ni nakon 70 godina starosti nemam pravo na starosnu mirovinu automatski. I socijalne naknade su nekima ve\u0107e od moje zara\u0111ene mirovine. Da ne ka\u017eem koliko je udovica la\u017enih vojnih invalida i branitelja koje primaju visoke mirovine. A tko \u0107e odgovarati za aferu \u017dalac, za Inu? Tko \u0107e vratiti pokradeno? Mo\u017eda bi se na\u0161e mirovine mogle pokriti s tim&#8221;, zaklju\u010duje.<\/p>\n\n\n\n<p>Podsjetimo, uvjeti za prijevremeno umirovljenje \u010desto su se mijenjali. Prema va\u017ee\u0107em zakonu, polazni faktor za odre\u0111ivanje prijevremene starosne mirovine trajno se smanjuje za 0,2 posto&nbsp;za svaki mjesec ranijeg ostvarivanja prava na mirovinu prije navr\u0161enih godina \u017eivota osiguranika propisanih za stjecanje prava na starosnu mirovinu, neovisno o du\u017eini mirovinskog sta\u017ea.<\/p>\n\n\n\n<div id=\"crveno\"><\/p>\n\n\n\n<h3 class=\"wp-block-heading\">Zanima nas va\u0161a pri\u010da<\/h3>\n\n\n\n<p>\u017delite li i vi, posve anonimno, podijeliti svoje iskustvo i vi\u0111enje ove teme s nama i na\u0161im \u010ditateljima, mo\u017eete to u\u010diniti putem web obrasca <a rel=\"noreferrer noopener\" href=\"https:\/\/www.mojevrijeme.hr\/magazin\/povjerljivo\/\" target=\"_blank\">Povjerljivo<\/a>. Napi\u0161ite svoju pri\u010du!<\/p>\n\n\n\n<p><\/div>\n<div id=\"mojev-3237328042\" class=\"mojev-kraj-teksta mojev-entity-placement\" style=\"margin-bottom: 20px;margin-left: auto;margin-right: auto;text-align: center;\"><div class=\"mojev-adlabel\">oglas<\/div><div style=\"height: 250px;\"><script async src=\"https:\/\/pagead2.googlesyndication.com\/pagead\/js\/adsbygoogle.js?client=ca-pub-8106111766207173\"\r\n     crossorigin=\"anonymous\"><\/script>\r\n<!-- Display-1 -->\r\n<ins class=\"adsbygoogle\"\r\n     style=\"display:block\"\r\n     data-ad-client=\"ca-pub-8106111766207173\"\r\n     data-ad-slot=\"1465712950\"\r\n     data-ad-format=\"auto\"\r\n     data-full-width-responsive=\"true\"><\/ins>\r\n<script>\r\n     (adsbygoogle = window.adsbygoogle || []).push({});\r\n<\/script><\/div><\/div>","protected":false},"excerpt":{"rendered":"<p>Poslodavci su ih otjerali u mirovinu, a dr\u017eava ih je penalizirala, guraju\u0107i ih u siroma\u0161tvo. Sada su frustrirani zbog nepravde koju su do\u017eivjeli, dok ostali s manje radnog sta\u017ea imaju ve\u0107a prava.<\/p>\n","protected":false},"author":1,"featured_media":74429,"comment_status":"closed","ping_status":"closed","sticky":false,"template":"","format":"standard","meta":{"footnotes":""},"categories":[9],"tags":[3000,687,77],"class_list":["post-74422","post","type-post","status-publish","format-standard","has-post-thumbnail","hentry","category-vijesti","tag-prijevremena-mirovina","tag-prosvjedi","tag-umirovljenici"],"_links":{"self":[{"href":"https:\/\/www.mojevrijeme.hr\/magazin\/wp-json\/wp\/v2\/posts\/74422","targetHints":{"allow":["GET"]}}],"collection":[{"href":"https:\/\/www.mojevrijeme.hr\/magazin\/wp-json\/wp\/v2\/posts"}],"about":[{"href":"https:\/\/www.mojevrijeme.hr\/magazin\/wp-json\/wp\/v2\/types\/post"}],"author":[{"embeddable":true,"href":"https:\/\/www.mojevrijeme.hr\/magazin\/wp-json\/wp\/v2\/users\/1"}],"replies":[{"embeddable":true,"href":"https:\/\/www.mojevrijeme.hr\/magazin\/wp-json\/wp\/v2\/comments?post=74422"}],"version-history":[{"count":0,"href":"https:\/\/www.mojevrijeme.hr\/magazin\/wp-json\/wp\/v2\/posts\/74422\/revisions"}],"wp:featuredmedia":[{"embeddable":true,"href":"https:\/\/www.mojevrijeme.hr\/magazin\/wp-json\/wp\/v2\/media\/74429"}],"wp:attachment":[{"href":"https:\/\/www.mojevrijeme.hr\/magazin\/wp-json\/wp\/v2\/media?parent=74422"}],"wp:term":[{"taxonomy":"category","embeddable":true,"href":"https:\/\/www.mojevrijeme.hr\/magazin\/wp-json\/wp\/v2\/categories?post=74422"},{"taxonomy":"post_tag","embeddable":true,"href":"https:\/\/www.mojevrijeme.hr\/magazin\/wp-json\/wp\/v2\/tags?post=74422"}],"curies":[{"name":"wp","href":"https:\/\/api.w.org\/{rel}","templated":true}]}}