{"id":74633,"date":"2023-05-19T10:21:57","date_gmt":"2023-05-19T08:21:57","guid":{"rendered":"https:\/\/www.mojevrijeme.hr\/magazin\/?p=74633"},"modified":"2023-06-05T11:25:03","modified_gmt":"2023-06-05T09:25:03","slug":"bila-sam-siromasna-ni-kupaonu-nismo-imali-u-skoli-mi-je-kuta-pomogla-da-prezivim","status":"publish","type":"post","link":"https:\/\/www.mojevrijeme.hr\/magazin\/2023\/05\/bila-sam-siromasna-ni-kupaonu-nismo-imali-u-skoli-mi-je-kuta-pomogla-da-prezivim\/","title":{"rendered":"Bila sam siroma\u0161na, ni kupaonu nismo imali, u \u0161koli mi je kuta pomogla da pre\u017eivim"},"content":{"rendered":"\n<p><em>Svi vidimo \u0161to se doga\u0111a po \u0161kolama, i dalje se maltretira one koji nemaju za skupe tenisice. Mnogi stoga&nbsp;predla\u017eu <a href=\"https:\/\/www.mojevrijeme.hr\/magazin\/2023\/05\/baka-vedrana-vratite-kute-u-skole-danas-ne-vrijedis-ako-nosis-robu-s-placa\/\" data-type=\"post\" data-id=\"74288\" target=\"_blank\" rel=\"noreferrer noopener\">vra\u0107anje kuta i papu\u010da<\/a>, dok <a href=\"https:\/\/www.mojevrijeme.hr\/magazin\/2023\/05\/ideja-obaveznih-kuta-u-skoli-je-promasena-razlike-ne-treba-umjetno-brisati\/\" data-type=\"post\" data-id=\"74586\" target=\"_blank\" rel=\"noreferrer noopener\">pedagozi rje\u0161enje vide<\/a> u izgradnji stava da je odje\u0107a sporedna i ne odre\u0111uje \u010dovjeka. Mi vam danas donosimo pismo na\u0161e \u010ditateljice Dunje koja dokazuju da stvari nikad nisu samo crne ili samo bijele. <\/em><\/p>\n\n\n\n<p><em>Lijepo je opisala da je njoj kuta, kao siroma\u0161noj srednjo\u0161kolki, bila najbolji \u0161tit od zlih jezika kolegica, a razgovori s majkom i profesorima najve\u0107a pomo\u0107 u izgradnji stava da nije va\u017eno \u0161to drugi misle, jer ona vrijedi vi\u0161e od odje\u0107e koju nosi.<\/em><\/p>\n\n\n\n<p>Moja pri\u010da po\u010dinje 1971. godine, bila sam tada srednjo\u0161kolka iz tipi\u010dne radni\u010dke obitelji. Otac je jedini privre\u0111ivao, majka je bila doma\u0107ica, imala sam i brata. Stanovali smo u gradskom stanu u potkrovlju, bez kupaonice.&nbsp;<\/p><div id=\"mojev-1112149551\" class=\"mojev-u-tekstu mojev-entity-placement\" style=\"margin-left: auto;margin-right: auto;text-align: center;\"><div class=\"mojev-adlabel\">oglas<\/div><div style=\"height: 250px;\"><script async src=\"https:\/\/pagead2.googlesyndication.com\/pagead\/js\/adsbygoogle.js?client=ca-pub-8106111766207173\"\r\n     crossorigin=\"anonymous\"><\/script>\r\n<!-- Prikazni 1 u tekstu -->\r\n<ins class=\"adsbygoogle\"\r\n     style=\"display:block\"\r\n     data-ad-client=\"ca-pub-8106111766207173\"\r\n     data-ad-slot=\"8535551207\"\r\n     data-ad-format=\"auto\"\r\n     data-full-width-responsive=\"true\"><\/ins>\r\n<script>\r\n     (adsbygoogle = window.adsbygoogle || []).push({});\r\n<\/script><\/div><\/div><br style=\"clear: both; display: block; float: none;\"\/>\n\n\n\n<p>Svaki dan sam iz prigradskog naselja sutobusom putovala u \u0161kolu. Krcati autobusi puni u\u010denika bili su mi najve\u0107a mora. Voziti se petnaest minuta do centra \u010dinilo mi se kao vje\u010dnost. Promatrala sam svoje vr\u0161njake koji su se po\u010deli isticati trapericama iz Trsta i sve ve\u0107im utjecajem zapadnja\u010dke mode (hipiji, minice, pu\u0161enje i <em>rock&#8217;n&#8217;roll<\/em> furka). Meni se \u010dinilo da sam s neke druge planete, nikako se nisam uklapala u taj svijet.<\/p>\n\n\n\n<h3 class=\"wp-block-heading\">Naslje\u0111ivala izno\u0161enu odje\u0107u<\/h3>\n\n\n\n<p>Uskoro se pojavio moj najve\u0107i problem &#8211; roditelji mi nisu mogli priu\u0161titi novu odje\u0107u. Uglavnom sam nosila izno\u0161enu robu mojih starijih sestri\u010dni. Ne samo da nisam imala svoju sobu, ve\u0107 nisam imala ni svoj ormar, \u010dak ni svoj stol za u\u010denje. Svi smo spavali u jednoj sobi. Barem je svatko imao svoj krevet.<\/p>\n\n\n\n<p>Jedino \u0161to je bilo moje bila je stolica na koju sam slagala svoju odje\u0107u (kao po \u0161pagi). Jedna suknja, jedne hla\u010de i nekoliko ko\u0161uljica, moja odje\u0107a za \u0161kolu.&nbsp;<\/p>\n\n\n\n<p>Po prirodi nikad nisam bila zahtjevno dijete. Jako dobro sam znala da ne mogu tra\u017eiti ni\u0161ta i da moram biti zadovoljna s onim \u0161to imam. Nisam ucjenjivala roditelje, nisam ih optu\u017eivala. Sve do jednog dana kad sam tijekom velikog odmora u \u0161koli prvi put do\u017eivjela ono \u0161to se danas zove <em>bulling<\/em>. Ruganje i ismijavanje mojih razrednih kolegica donijelo je navalu pomije\u0161anih osje\u0107aja u meni: bijes, suze, sram, nemo\u0107.&nbsp;<\/p>\n\n\n\n<h3 class=\"wp-block-heading\">&#8220;Ba\u0161 me briga \u0161to drugi misle&#8221;<\/h3>\n\n\n\n<p>Nisu me roditelji u\u010dili da uzvra\u0107am istom mjerom, niti da se suprotstavljam. Svaki trag buntovnosti u meni je bio duboko potisnut. Ne, nisam to do\u017eivjela kao traumu, jer sam imala svoje geslo koje mi pomoglo da prebrodim sve neugodnosti tijekom te \u010detiri godine \u0161kolovanja. Ono glasi &#8220;ba\u0161 me briga \u0161to drugi misle&#8221;.<\/p>\n\n\n\n<p>Naravno, pomogli su mi i svakodnevni razgovori s majkom koja nije okusila \u0161to zna\u010di srednja \u0161kola, ali je imala \u017eivotnu mudrost i pru\u017eala mi ljubav koju samo majke mogu pru\u017eiti.<\/p>\n\n\n\n<p>A onda me jednog dana majka iznenadila. Odvajala je novac od svakodnevnih tro\u0161kova i povela me u du\u0107an s odje\u0107om. Nije mi ba\u0161 bilo ugodno, ta koja srednjo\u0161kola u\u017eiva kupovati s mamom vi\u0161e nego s prijateljicom, ali brzo sam otklonila te misli. I onda nam je trgovkinja pokazala prekrasnu KUTU.<\/p>\n\n\n\n<p>Modra, pro\u0161ivena bijelim koncem po rubovima, s dvije <em>falte<\/em> ispod svakog d\u017eepa, i ma\u0161etama! Pristajala mi je kao salivena. Osmijeh na licu, radost u srcu i zahvalnost mojoj bri\u017enoj majci taj dan me obogatila. Shvatila sam kako strpljivost i skromnost nagra\u0111uju.<\/p>\n\n\n\n<h3 class=\"wp-block-heading\">Pohvala za kutu je zna\u010dila pobjedu<\/h3>\n\n\n\n<p>Uslijedila je uskoro jo\u0161 jedna pobjeda. Pobjeda u javnosti! Sat geografije ili zemljopisa, ne sje\u0107am se to\u010dno, ali se sje\u0107am posebnosti tog sata i dana. Profesorica je hodala me\u0111u redovima klupa. Uvijek dotjerana i ba\u0161 onako s autoritetom profesora kretala se poput dive. Ponavljali smo gradivo od pro\u0161log sata. Postavljala je pitanja, ali nitko se nije javljao. Bio je to \u017eenski razred budu\u0107ih ekonomistica.<\/p>\n\n\n\n<p>Odjednom je stala pred plo\u010du i prozvala moje prezime. Skamenila sam se. Znala sam gradivo, ali trema je bila ja\u010da. Nisam imala izbora, morala sam ustati i odgovarati. A onda je uzviknula: &#8220;Pogledajte! Ovako treba izgledati jedna srednjo\u0161kolka! A vi ostale? Zar mislite da ste na izboru za <em>miss<\/em> svijeta? A nokti? Nalakirani da, a ispod blato! A higijena!? Svaki put moram otvoriti \u0161irom prozore jer se ne perete. Glavno da vam se minice vide? A u glavi? \u0160to vam je u glavi?&#8221;<\/p>\n\n\n\n<p>Za cijelo to vrijeme stojim i jedino \u0161to mi prolazi groz glavu je &#8220;sad sam gotova&#8221;. I tako je zavr\u0161io sat. Na sre\u0107u zadnji, pa sam brzinom munje pobjegla iz razreda da me ne dostignu strijele kolegica.<\/p>\n\n\n\n<p>No, ni\u0161ta se nije promijenilo. Nitko od njih nakon toga nije kupio kutu. Nastavila sam ju nositi do posljednjeg dana svog \u0161kolovanja, ona je bila moj za\u0161titni znak. Ona je bila moj \u0161tit od ruganja jer sam bila druga\u010dija od svih. Ona me nau\u010dila da budem hrabra, da nije sramota ako ne nosi\u0161 brendiranu odje\u0107u. Nisam imala potrebu za skupom odje\u0107om samo zato da se svidim ostalima, da me prihvate zbog vanj\u0161tine. Nau\u010dila sam \u0161to su prave vrijednosti od svojih profesora i roditelja, uvijek su govorili da moji vr\u0161njaci ne odre\u0111uju moj karakter niti moju budu\u0107nost.<\/p>\n\n\n\n<div id=\"crveno\"><\/p>\n\n\n\n<h3 class=\"wp-block-heading\">Zanima nas va\u0161a pri\u010da<\/h3>\n\n\n\n<p>\u017delite li i vi, posve anonimno, podijeliti svoje iskustvo i vi\u0111enje ove teme s nama i na\u0161im \u010ditateljima, mo\u017eete to u\u010diniti putem web obrasca <a rel=\"noreferrer noopener\" href=\"https:\/\/www.mojevrijeme.hr\/magazin\/povjerljivo\/\" target=\"_blank\">Povjerljivo<\/a>. Napi\u0161ite svoju pri\u010du!<\/p>\n\n\n\n<p><\/div>\n<div id=\"mojev-2273463768\" class=\"mojev-kraj-teksta mojev-entity-placement\" style=\"margin-bottom: 20px;margin-left: auto;margin-right: auto;text-align: center;\"><div class=\"mojev-adlabel\">oglas<\/div><div style=\"height: 250px;\"><script async src=\"https:\/\/pagead2.googlesyndication.com\/pagead\/js\/adsbygoogle.js?client=ca-pub-8106111766207173\"\r\n     crossorigin=\"anonymous\"><\/script>\r\n<!-- Display-1 -->\r\n<ins class=\"adsbygoogle\"\r\n     style=\"display:block\"\r\n     data-ad-client=\"ca-pub-8106111766207173\"\r\n     data-ad-slot=\"1465712950\"\r\n     data-ad-format=\"auto\"\r\n     data-full-width-responsive=\"true\"><\/ins>\r\n<script>\r\n     (adsbygoogle = window.adsbygoogle || []).push({});\r\n<\/script><\/div><\/div>","protected":false},"excerpt":{"rendered":"<p>Promatraju\u0107i svijet oko sebe, uvi\u0111amo da tehnolo\u0161ki munjevito letimo u vis, a ljudski kao da, u najboljem slu\u010daju, stojimo na mjestu. Socijalne razlike odvajaju nas ba\u0161 kao \u0161to su odvajale i na\u0161e pretke, samo \u0161to je to danas na nekoj drugoj razini &#8211; da pojednostavimo, pred nosom nam je puno vi\u0161e obijesti. <\/p>\n","protected":false},"author":17,"featured_media":74698,"comment_status":"closed","ping_status":"closed","sticky":false,"template":"","format":"standard","meta":{"footnotes":""},"categories":[3552],"tags":[1436,237,434,236],"class_list":["post-74633","post","type-post","status-publish","format-standard","has-post-thumbnail","hentry","category-povjerljivo","tag-povjerljivo","tag-siromastvo","tag-skola","tag-standard"],"_links":{"self":[{"href":"https:\/\/www.mojevrijeme.hr\/magazin\/wp-json\/wp\/v2\/posts\/74633","targetHints":{"allow":["GET"]}}],"collection":[{"href":"https:\/\/www.mojevrijeme.hr\/magazin\/wp-json\/wp\/v2\/posts"}],"about":[{"href":"https:\/\/www.mojevrijeme.hr\/magazin\/wp-json\/wp\/v2\/types\/post"}],"author":[{"embeddable":true,"href":"https:\/\/www.mojevrijeme.hr\/magazin\/wp-json\/wp\/v2\/users\/17"}],"replies":[{"embeddable":true,"href":"https:\/\/www.mojevrijeme.hr\/magazin\/wp-json\/wp\/v2\/comments?post=74633"}],"version-history":[{"count":0,"href":"https:\/\/www.mojevrijeme.hr\/magazin\/wp-json\/wp\/v2\/posts\/74633\/revisions"}],"wp:featuredmedia":[{"embeddable":true,"href":"https:\/\/www.mojevrijeme.hr\/magazin\/wp-json\/wp\/v2\/media\/74698"}],"wp:attachment":[{"href":"https:\/\/www.mojevrijeme.hr\/magazin\/wp-json\/wp\/v2\/media?parent=74633"}],"wp:term":[{"taxonomy":"category","embeddable":true,"href":"https:\/\/www.mojevrijeme.hr\/magazin\/wp-json\/wp\/v2\/categories?post=74633"},{"taxonomy":"post_tag","embeddable":true,"href":"https:\/\/www.mojevrijeme.hr\/magazin\/wp-json\/wp\/v2\/tags?post=74633"}],"curies":[{"name":"wp","href":"https:\/\/api.w.org\/{rel}","templated":true}]}}