{"id":74658,"date":"2023-05-18T19:09:47","date_gmt":"2023-05-18T17:09:47","guid":{"rendered":"https:\/\/www.mojevrijeme.hr\/magazin\/?p=74658"},"modified":"2023-05-18T19:13:54","modified_gmt":"2023-05-18T17:13:54","slug":"vlada-ce-se-uskoro-zaduzivati-za-mirovine-pandorina-kutija-je-otvorena","status":"publish","type":"post","link":"https:\/\/www.mojevrijeme.hr\/magazin\/2023\/05\/vlada-ce-se-uskoro-zaduzivati-za-mirovine-pandorina-kutija-je-otvorena\/","title":{"rendered":"&#8216;Uskoro \u0107e se zadu\u017eivati za mirovine, Plenkovi\u0107 je otvorio Pandorinu kutiju&#8217;"},"content":{"rendered":"\n<p>\u201cOno \u0161to me najvi\u0161e iznenadilo je petljanje u mirovinski sustav. Otvorili smo Pandorinu kutiju, to je za mene zastra\u0161uju\u0107e.&#8221; Rije\u010di su to nekada\u0161njeg ministra financija iz Milanovi\u0107eve vlade &#8211; Borisa Lalovca izgovorene u programu <a href=\"https:\/\/n1info.hr\/vijesti\/lalovac-bojim-se-plenkovic-je-upravo-otvorio-pandorinu-kutiju\/\" target=\"_blank\" rel=\"noreferrer noopener\">N1<\/a> televizije.<\/p>\n\n\n\n<p>Podsjetimo, Vlada RH kroz porezno-mirovinsku reformu namjerava povisi neto osobni dohodak. Jedna od predvi\u0111enih mjera je da \u0107e dijelu radnika smanjiti (ne zna se koliko) stopu doprinosa za 1. mirovinski stup. Ujedno \u0107e, kako je to objasnio premijer Andrej Plenkovi\u0107 (HDZ), dr\u017eava iz bud\u017eeta zatrpati tu pro\u0161irenu rupu u isplati osnovnih mirovina. Prema neslu\u017ebenim informacijama, ova bi se mjera trebala odnositi na radnike koji imaju pla\u0107e do 1.300 eura. <\/p>\n\n\n\n<p>&#8220;U kriznim vremenima, kada se dogodi recesija i potonu prihodi, svi ministri financija su govorili da \u0107e braniti mirovinski sustav. Sada kada imamo katastrofalnu demografsku situaciju do\u0161li smo gotovo do toga da vi\u0161e ne\u0107emo upla\u0107ivati u mirovinski fond, ve\u0107 \u0107e to \u010diniti dr\u017eava. Ona \u0107e se uskoro morati zadu\u017eivati da isplati mirovine. Demografski problem prisutan je svugdje u Europi, no sve ozbiljne ekonomije gledaju kako u\u010diniti da im umirovljenici ne budu siroma\u0161ni\u201d, objasnio je Lalovac.<\/p><div id=\"mojev-2628302452\" class=\"mojev-u-tekstu mojev-entity-placement\" style=\"margin-left: auto;margin-right: auto;text-align: center;\"><div class=\"mojev-adlabel\">oglas<\/div><div style=\"height: 250px;\"><script async src=\"https:\/\/pagead2.googlesyndication.com\/pagead\/js\/adsbygoogle.js?client=ca-pub-8106111766207173\"\r\n     crossorigin=\"anonymous\"><\/script>\r\n<!-- Prikazni 1 u tekstu -->\r\n<ins class=\"adsbygoogle\"\r\n     style=\"display:block\"\r\n     data-ad-client=\"ca-pub-8106111766207173\"\r\n     data-ad-slot=\"8535551207\"\r\n     data-ad-format=\"auto\"\r\n     data-full-width-responsive=\"true\"><\/ins>\r\n<script>\r\n     (adsbygoogle = window.adsbygoogle || []).push({});\r\n<\/script><\/div><\/div><br style=\"clear: both; display: block; float: none;\"\/>\n<div id=\"mojev-3583669295\" class=\"mojev-kraj-teksta mojev-entity-placement\" style=\"margin-bottom: 20px;margin-left: auto;margin-right: auto;text-align: center;\"><div class=\"mojev-adlabel\">oglas<\/div><div style=\"height: 250px;\"><script async src=\"https:\/\/pagead2.googlesyndication.com\/pagead\/js\/adsbygoogle.js?client=ca-pub-8106111766207173\"\r\n     crossorigin=\"anonymous\"><\/script>\r\n<!-- Display-1 -->\r\n<ins class=\"adsbygoogle\"\r\n     style=\"display:block\"\r\n     data-ad-client=\"ca-pub-8106111766207173\"\r\n     data-ad-slot=\"1465712950\"\r\n     data-ad-format=\"auto\"\r\n     data-full-width-responsive=\"true\"><\/ins>\r\n<script>\r\n     (adsbygoogle = window.adsbygoogle || []).push({});\r\n<\/script><\/div><\/div>","protected":false},"excerpt":{"rendered":"<p>Saborski zastupnik SDP-a Boris Lalovac komentirao je poreznu reformu \u010dije je obrise nedavno objavio premijer Andrej Plenkovi\u0107. Smatra da se radi o katastrofalnom potezu.<\/p>\n","protected":false},"author":1,"featured_media":74659,"comment_status":"closed","ping_status":"closed","sticky":false,"template":"","format":"standard","meta":{"footnotes":""},"categories":[9],"tags":[225,18,1116],"class_list":["post-74658","post","type-post","status-publish","format-standard","has-post-thumbnail","hentry","category-vijesti","tag-boris-lalovac","tag-mirovine","tag-mirovinska-reforma"],"_links":{"self":[{"href":"https:\/\/www.mojevrijeme.hr\/magazin\/wp-json\/wp\/v2\/posts\/74658","targetHints":{"allow":["GET"]}}],"collection":[{"href":"https:\/\/www.mojevrijeme.hr\/magazin\/wp-json\/wp\/v2\/posts"}],"about":[{"href":"https:\/\/www.mojevrijeme.hr\/magazin\/wp-json\/wp\/v2\/types\/post"}],"author":[{"embeddable":true,"href":"https:\/\/www.mojevrijeme.hr\/magazin\/wp-json\/wp\/v2\/users\/1"}],"replies":[{"embeddable":true,"href":"https:\/\/www.mojevrijeme.hr\/magazin\/wp-json\/wp\/v2\/comments?post=74658"}],"version-history":[{"count":0,"href":"https:\/\/www.mojevrijeme.hr\/magazin\/wp-json\/wp\/v2\/posts\/74658\/revisions"}],"wp:featuredmedia":[{"embeddable":true,"href":"https:\/\/www.mojevrijeme.hr\/magazin\/wp-json\/wp\/v2\/media\/74659"}],"wp:attachment":[{"href":"https:\/\/www.mojevrijeme.hr\/magazin\/wp-json\/wp\/v2\/media?parent=74658"}],"wp:term":[{"taxonomy":"category","embeddable":true,"href":"https:\/\/www.mojevrijeme.hr\/magazin\/wp-json\/wp\/v2\/categories?post=74658"},{"taxonomy":"post_tag","embeddable":true,"href":"https:\/\/www.mojevrijeme.hr\/magazin\/wp-json\/wp\/v2\/tags?post=74658"}],"curies":[{"name":"wp","href":"https:\/\/api.w.org\/{rel}","templated":true}]}}