{"id":74664,"date":"2023-05-18T20:10:01","date_gmt":"2023-05-18T18:10:01","guid":{"rendered":"https:\/\/www.mojevrijeme.hr\/magazin\/?p=74664"},"modified":"2023-05-18T21:46:42","modified_gmt":"2023-05-18T19:46:42","slug":"ne-zelim-imati-unuke-i-bas-me-briga-sto-vi-mislite-o-tome","status":"publish","type":"post","link":"https:\/\/www.mojevrijeme.hr\/magazin\/2023\/05\/ne-zelim-imati-unuke-i-bas-me-briga-sto-vi-mislite-o-tome\/","title":{"rendered":"Ne \u017eelim imati unuke i ba\u0161 me briga \u0161to vi mislite o tome"},"content":{"rendered":"\n<p>Ne \u017eelim unu\u010dad. Evo, rekla sam to. Ve\u0107 mi je lak\u0161e iako vam jo\u0161 nisam ni rekla za\u0161to. Moj sin je u sretnom braku, ali ne planiraju uskoro imati djecu. Huh, odahnula sam! Jupi! Nije da ne volim djecu, jednostavno sam ve\u0107 imala svoje i to me je iscrpilo.<\/p>\n\n\n\n<p>Nikada se nisam osje\u0107ala kao najbolja mama, ali uvijek sam se trudila najvi\u0161e. U svojim godinama (65) nastojim ostati \u0161to aktivnija i zapravo ne \u017eelim malo dijete koje \u0107e me usporavati. Naravno, ne bih ga morala vi\u0111ati svaki dan i ne bi bilo moj teret, ali mislim da nisam jedina koja samo \u017eeli u\u017eivati u ostatku svoga \u017eivota. <\/p>\n\n\n\n<p>Da budem jasna, ako moj sin odlu\u010di imati dijete, voljet \u0107u ga i obo\u017eavati onako kako bih trebala. Samo se ne mogu obavezati da \u0107u biti bri\u017ena baka kakvu vi\u0111ate u televizijskim reklamama ili u novinama. Ne mo\u017eemo svi biti idealni bake i djedovi. A opet, ako nismo idealni, svi govore da smo u\u017easni ljudi. To nije moj stil i ne predstavlja mi zabavu, da budem iskrena.<\/p><div id=\"mojev-2681918746\" class=\"mojev-u-tekstu mojev-entity-placement\" style=\"margin-left: auto;margin-right: auto;text-align: center;\"><div class=\"mojev-adlabel\">oglas<\/div><div style=\"height: 250px;\"><script async src=\"https:\/\/pagead2.googlesyndication.com\/pagead\/js\/adsbygoogle.js?client=ca-pub-8106111766207173\"\r\n     crossorigin=\"anonymous\"><\/script>\r\n<!-- Prikazni 1 u tekstu -->\r\n<ins class=\"adsbygoogle\"\r\n     style=\"display:block\"\r\n     data-ad-client=\"ca-pub-8106111766207173\"\r\n     data-ad-slot=\"8535551207\"\r\n     data-ad-format=\"auto\"\r\n     data-full-width-responsive=\"true\"><\/ins>\r\n<script>\r\n     (adsbygoogle = window.adsbygoogle || []).push({});\r\n<\/script><\/div><\/div><br style=\"clear: both; display: block; float: none;\"\/>\n\n\n\n<h3 class=\"wp-block-heading\">Unu\u010dad mo\u017ee biti i izvor velikih problema i jada<\/h3>\n\n\n\n<p>Mo\u017eda zvu\u010dim kao stara ljutita \u017eena, ali zapravo nisam. Imam puno prijatelja koji imaju unu\u010dad koju iznimno vole, ali su im ta unu\u010dad kasnije zadavala brige. Mo\u017eda su slatki i predivni kada se rode, ali mogu postati pravi gadovi kasnije. <\/p>\n\n\n\n<p>\u0160to je s unu\u010dadi koja su problemati\u010dna i iz nekog razloga krenu putem droge, alkohola ili kriminala u adolescenciji ili dvadesetima? Ili \u010dak onima koji ne mogu pla\u0107ati rate stambenog kredita i trebaju pomo\u0107? Financijski stabilniji bake i djedovi moraju usko\u010diti?<\/p>\n\n\n\n<p>To nisu izolirani slu\u010dajevi, o njima slu\u0161am \u010desto. Naravno, bez oklijevanja bih pomogla svojem hipotetskom unuku, ali istovremeno ne osje\u0107am te\u017enju za tom odgovorno\u0161\u0107u i stresom u svojim kasnijim godinama. A tko normalan uop\u0107e osje\u0107a?!<\/p>\n\n\n\n<h3 class=\"wp-block-heading\">Neke bake se \u017eele iskupiti za gre\u0161ke iz mladosti<\/h3>\n\n\n\n<p>Neki djedovi i bake \u017eele na unucima ispraviti gre\u0161ke koje su napravili sa svojom djecom. Ne mislim da je dobro unuke pretvoriti u drugu \u0161ansu. S druge strane, ja se uop\u0107e ne brinem o gre\u0161kama koje sam napravila kao roditelj. Nisam imala knjige koje bi mi rekle \u0161to trebam raditi. Jednostavno sam se oslanjala na svoje instinkte. Kao, recimo, sada. Moji instinkti mi govore da ne \u017eelim unu\u010de!<\/p>\n\n\n\n<h3 class=\"wp-block-heading\">Imaju na\u0161 DNK? Pa \u0161to onda?<\/h3>\n\n\n\n<p>Ne \u017eelim biti baka koja se pona\u0161a kao roditelj i donosi odluke na svakom koraku. Ako me nazovu da obavim du\u017enosti bake, u\u010dinit \u0107u to, ali \u0107u se dr\u017eati u pozadini. \u017delim da moj sin zna da je on roditelj i da je to njegovo dijete. \u017delim da zna da samo zato \u0161to dijete dijeli dio DNK sa mnom, ne\u0107e boraviti kod mene svaki drugi vikend!<\/p>\n\n\n\n<p>Bake i djedovi mogu biti prili\u010dno pod stresom. O roditeljstvu odlu\u010dujete sami, ali postati baka ili djed ovisi isklju\u010divo o va\u0161oj djeci. Svi se ne mogu nositi s tim ili ne \u017eele njegovati dijete 30 godina nakon svog vlastitog. I zato, ne bismo trebali osje\u0107ati da smo sebi\u010dni ili smije\u0161ni ako negativno reagiramo na vijest o novom djetetu u obitelji.<\/p>\n\n\n\n<div id=\"crveno\"><\/p>\n\n\n\n<h3 class=\"wp-block-heading\">Zanima nas va\u0161a pri\u010da<\/h3>\n\n\n\n<p>\u017delite li i vi, posve anonimno, podijeliti svoje iskustvo i vi\u0111enje ove teme s nama i na\u0161im \u010ditateljima, mo\u017eete to u\u010diniti putem web obrasca <a rel=\"noreferrer noopener\" href=\"https:\/\/www.mojevrijeme.hr\/magazin\/povjerljivo\/\" target=\"_blank\">Povjerljivo<\/a>. Napi\u0161ite svoju pri\u010du!<\/p>\n\n\n\n<p><\/div>\n<div id=\"mojev-39975331\" class=\"mojev-kraj-teksta mojev-entity-placement\" style=\"margin-bottom: 20px;margin-left: auto;margin-right: auto;text-align: center;\"><div class=\"mojev-adlabel\">oglas<\/div><div style=\"height: 250px;\"><script async src=\"https:\/\/pagead2.googlesyndication.com\/pagead\/js\/adsbygoogle.js?client=ca-pub-8106111766207173\"\r\n     crossorigin=\"anonymous\"><\/script>\r\n<!-- Display-1 -->\r\n<ins class=\"adsbygoogle\"\r\n     style=\"display:block\"\r\n     data-ad-client=\"ca-pub-8106111766207173\"\r\n     data-ad-slot=\"1465712950\"\r\n     data-ad-format=\"auto\"\r\n     data-full-width-responsive=\"true\"><\/ins>\r\n<script>\r\n     (adsbygoogle = window.adsbygoogle || []).push({});\r\n<\/script><\/div><\/div>","protected":false},"excerpt":{"rendered":"<p>Ne \u017eeli svaka \u017eena postati bakom. I to je u redu. No nije u redu zbog toga do\u017eivljavati osude okoline. Svoje vi\u0111enje ove teme za magazin StartsAt60 opisala je neimenovana 65-godi\u0161nja autorica.<\/p>\n","protected":false},"author":1,"featured_media":74674,"comment_status":"closed","ping_status":"closed","sticky":false,"template":"","format":"standard","meta":{"footnotes":""},"categories":[2],"tags":[979,198,3437,1167],"class_list":["post-74664","post","type-post","status-publish","format-standard","has-post-thumbnail","hentry","category-mozaik","tag-bake","tag-obitelj","tag-obiteljski-odnosi","tag-unucad"],"_links":{"self":[{"href":"https:\/\/www.mojevrijeme.hr\/magazin\/wp-json\/wp\/v2\/posts\/74664","targetHints":{"allow":["GET"]}}],"collection":[{"href":"https:\/\/www.mojevrijeme.hr\/magazin\/wp-json\/wp\/v2\/posts"}],"about":[{"href":"https:\/\/www.mojevrijeme.hr\/magazin\/wp-json\/wp\/v2\/types\/post"}],"author":[{"embeddable":true,"href":"https:\/\/www.mojevrijeme.hr\/magazin\/wp-json\/wp\/v2\/users\/1"}],"replies":[{"embeddable":true,"href":"https:\/\/www.mojevrijeme.hr\/magazin\/wp-json\/wp\/v2\/comments?post=74664"}],"version-history":[{"count":0,"href":"https:\/\/www.mojevrijeme.hr\/magazin\/wp-json\/wp\/v2\/posts\/74664\/revisions"}],"wp:featuredmedia":[{"embeddable":true,"href":"https:\/\/www.mojevrijeme.hr\/magazin\/wp-json\/wp\/v2\/media\/74674"}],"wp:attachment":[{"href":"https:\/\/www.mojevrijeme.hr\/magazin\/wp-json\/wp\/v2\/media?parent=74664"}],"wp:term":[{"taxonomy":"category","embeddable":true,"href":"https:\/\/www.mojevrijeme.hr\/magazin\/wp-json\/wp\/v2\/categories?post=74664"},{"taxonomy":"post_tag","embeddable":true,"href":"https:\/\/www.mojevrijeme.hr\/magazin\/wp-json\/wp\/v2\/tags?post=74664"}],"curies":[{"name":"wp","href":"https:\/\/api.w.org\/{rel}","templated":true}]}}