{"id":74755,"date":"2023-05-19T17:26:53","date_gmt":"2023-05-19T15:26:53","guid":{"rendered":"https:\/\/www.mojevrijeme.hr\/magazin\/?p=74755"},"modified":"2023-05-19T17:35:23","modified_gmt":"2023-05-19T15:35:23","slug":"prijevremeno-umirovljeni-dozivotno-kaznjeni-mi-smo-crvi-sramimo-se-mirovine","status":"publish","type":"post","link":"https:\/\/www.mojevrijeme.hr\/magazin\/2023\/05\/prijevremeno-umirovljeni-dozivotno-kaznjeni-mi-smo-crvi-sramimo-se-mirovine\/","title":{"rendered":"Prijevremeno umirovljeni, do\u017eivotno ka\u017enjeni: &#8216;Mi smo crvi, sramimo se mirovine!&#8217;"},"content":{"rendered":"\n<p>&#8220;Mi nismo ljudi, mi smo crvi&#8221;, govori nam gospo\u0111a <strong>Ljubica<\/strong>, umirovljenica koja je, ne svojom krivnjom, umirovljena prije uvjeta za &#8220;punu mirovinu&#8221; uz takozvanu penalizaciju. Stotine poruka koje smo primili zadnjih dana odra\u017eavaju Ljubi\u010dine misli: &#8220;Nismo krivi za propast firmi u kojima smo radili, nismo postavljali uprave niti smo provodili privatizacije. Jedva \u010dekam da netko pozove pa da se odazovem na prosvjed!&#8221;<\/p>\n\n\n\n<p>Podsjetimo, uvjeti za prijevremeno umirovljenje \u010desto su se mijenjali. Prema va\u017ee\u0107em zakonu, polazni faktor za odre\u0111ivanje prijevremene starosne mirovine <strong>trajno se smanjuje za 0,2 posto za svaki mjesec<\/strong> ranijeg ostvarivanja prava na mirovinu prije navr\u0161enih godina \u017eivota osiguranika propisanih za stjecanje prava na starosnu mirovinu, neovisno o du\u017eini mirovinskog sta\u017ea. U ovom trenutku u Hrvatskoj i Srbiji umirovljeni\u010dke udruge inzistiraju da se penaliziranje prijevremenih umirovljenika prekine kada isti navr\u0161e <strong>65 godina<\/strong>.<\/p>\n\n\n\n<p>Do kakve nepravde i bijede u starosti dovodi sustav do\u017eivotnog penaliziranja prijevremenih umirovljenika obja\u0161njava na\u0161a \u010ditateljica <strong>Lili<\/strong>. U trenutku kada je propala tvrtka u kojoj je radila, imala je 58 godina \u017eivota i \u010dak 38 godina sta\u017ea. &#8220;Kolegica s 16 godina sta\u017ea i dovoljnim brojem godina \u017eivota ima ve\u0107u mirovinu, zar je to pravedno? Ka\u017enjena sam jer sam premlada po\u010dela raditi. Isto tako, iako sam rodila dvoje djece, nisam majka, jer sam oti\u0161la u mirovinu par mjeseci prije dono\u0161enja zakona o dodatnom sta\u017eu za svako dijete.&#8221;<\/p><div id=\"mojev-3957914752\" class=\"mojev-u-tekstu mojev-entity-placement\" style=\"margin-left: auto;margin-right: auto;text-align: center;\"><div class=\"mojev-adlabel\">oglas<\/div><div style=\"height: 250px;\"><script async src=\"https:\/\/pagead2.googlesyndication.com\/pagead\/js\/adsbygoogle.js?client=ca-pub-8106111766207173\"\r\n     crossorigin=\"anonymous\"><\/script>\r\n<!-- Prikazni 1 u tekstu -->\r\n<ins class=\"adsbygoogle\"\r\n     style=\"display:block\"\r\n     data-ad-client=\"ca-pub-8106111766207173\"\r\n     data-ad-slot=\"8535551207\"\r\n     data-ad-format=\"auto\"\r\n     data-full-width-responsive=\"true\"><\/ins>\r\n<script>\r\n     (adsbygoogle = window.adsbygoogle || []).push({});\r\n<\/script><\/div><\/div><br style=\"clear: both; display: block; float: none;\"\/>\n\n\n\n<h3 class=\"wp-block-heading\">\u0160tedi na svemu, na grijanju i lijekovima<\/h3>\n\n\n\n<p>Lili za sebe ka\u017ee da je gubitnica po vi\u0161e osnova. &#8220;Najgore od svega su nepravda, poni\u017eenje, gubitak dostojanstva. S 420 eura mirovine, moj \u017eivot je golo pre\u017eivljavanje. \u0160tedim na hrani, grijanju, lijekovima. Jadno i prete\u0161ko.&#8221;<\/p>\n\n\n\n<p>Ova umirovljenica misli da je rje\u0161enje u razdvajanju blagajni iz kojih se ispla\u0107uju mirovine. &#8220;Jedan fond za stvarno upla\u0107ene doprinose, a drugi iz dr\u017eavnog prora\u010duna za sve ostale povla\u0161tene mirovine. \u017delim pravedan obra\u010dun mirovina i \u017eivot dostojan \u010dovjeka. Treba nam pomo\u0107 u pokretanju akcije za promjene koje bi nam vratile dostojanstvo u starosti&#8221;, zaklju\u010duje.<\/p>\n\n\n\n<h3 class=\"wp-block-heading\">Nismo dobile i \u0161est mjeseci za svako dijete<\/h3>\n\n\n\n<p>&#8220;Bila sam tehnolo\u0161ki vi\u0161ak sa 27 godina sta\u017ea. Na Zavodu sam bila do ispunjenja prvih uvjeta za mirovinu. Sama sam pla\u0107ala mirovinsko osiguranje za taj sta\u017e svaki mjesec 580 kuna tijekom 4 pune godine. Oti\u0161la sam u mirovinu sa 57 godina. Me\u0111utim, uz penalizaciju, nisu mi priznali ni \u0161est mjeseci za svako dijete. Sada se nalazim u grupi s najni\u017eim mirovinama i sramim se re\u0107i iznos jer primaju vi\u0161e osobe koje su socijalni slu\u010dajevi ili udovice, a nemaju nijedan dan radnog sta\u017ea&#8221;, ka\u017ee umirovljenica Mira.<\/p>\n\n\n\n<p>I Jasna podr\u017eava inicijativu da se penalizacija poni\u0161ti kada umirovljenik navr\u0161i 65 godina \u017eivota. &#8220;U mirovini sam ve\u0107 \u0161est godina. Zbog bolesti sam oti\u0161la u prijevremenu mirovinu. Imam zavr\u0161en fakultet i 34 godine sta\u017ea. Mirovina mi iznosi 400 eura, a penalizacija mi je 18 posto. Voljela bih, kao i drugi, da se ukine penalizacija nakon navr\u0161enih 65 godina \u017eivota. Mnogi imaju manje sta\u017ea, a nemaju penalizaciju.&#8221;<\/p>\n\n\n\n<div id=\"crveno\"><\/p>\n\n\n\n<h3 class=\"wp-block-heading\">Zanima nas va\u0161a pri\u010da<\/h3>\n\n\n\n<p>\u017delite li i vi, posve anonimno, podijeliti svoje iskustvo i vi\u0111enje ove teme s nama i na\u0161im \u010ditateljima, mo\u017eete to u\u010diniti putem web obrasca <a rel=\"noreferrer noopener\" href=\"https:\/\/www.mojevrijeme.hr\/magazin\/povjerljivo\/\" target=\"_blank\">Povjerljivo<\/a>. Napi\u0161ite svoju pri\u010du!<\/p>\n\n\n\n<p><\/div>\n<div id=\"mojev-672315083\" class=\"mojev-kraj-teksta mojev-entity-placement\" style=\"margin-bottom: 20px;margin-left: auto;margin-right: auto;text-align: center;\"><div class=\"mojev-adlabel\">oglas<\/div><div style=\"height: 250px;\"><script async src=\"https:\/\/pagead2.googlesyndication.com\/pagead\/js\/adsbygoogle.js?client=ca-pub-8106111766207173\"\r\n     crossorigin=\"anonymous\"><\/script>\r\n<!-- Display-1 -->\r\n<ins class=\"adsbygoogle\"\r\n     style=\"display:block\"\r\n     data-ad-client=\"ca-pub-8106111766207173\"\r\n     data-ad-slot=\"1465712950\"\r\n     data-ad-format=\"auto\"\r\n     data-full-width-responsive=\"true\"><\/ins>\r\n<script>\r\n     (adsbygoogle = window.adsbygoogle || []).push({});\r\n<\/script><\/div><\/div>","protected":false},"excerpt":{"rendered":"<p>Lili sebe smatra gubitnicom zbog nepravde, poni\u017eenja i gubitka dostojanstva koje do\u017eivljava. S mirovinom od 420 eura, njen \u017eivot je oskudno pre\u017eivljavanje. \u0160tedi na hrani, grijanju i lijekovima.<\/p>\n","protected":false},"author":1,"featured_media":45364,"comment_status":"closed","ping_status":"closed","sticky":false,"template":"","format":"standard","meta":{"footnotes":""},"categories":[9],"tags":[18,3000,237],"class_list":["post-74755","post","type-post","status-publish","format-standard","has-post-thumbnail","hentry","category-vijesti","tag-mirovine","tag-prijevremena-mirovina","tag-siromastvo"],"_links":{"self":[{"href":"https:\/\/www.mojevrijeme.hr\/magazin\/wp-json\/wp\/v2\/posts\/74755","targetHints":{"allow":["GET"]}}],"collection":[{"href":"https:\/\/www.mojevrijeme.hr\/magazin\/wp-json\/wp\/v2\/posts"}],"about":[{"href":"https:\/\/www.mojevrijeme.hr\/magazin\/wp-json\/wp\/v2\/types\/post"}],"author":[{"embeddable":true,"href":"https:\/\/www.mojevrijeme.hr\/magazin\/wp-json\/wp\/v2\/users\/1"}],"replies":[{"embeddable":true,"href":"https:\/\/www.mojevrijeme.hr\/magazin\/wp-json\/wp\/v2\/comments?post=74755"}],"version-history":[{"count":0,"href":"https:\/\/www.mojevrijeme.hr\/magazin\/wp-json\/wp\/v2\/posts\/74755\/revisions"}],"wp:featuredmedia":[{"embeddable":true,"href":"https:\/\/www.mojevrijeme.hr\/magazin\/wp-json\/wp\/v2\/media\/45364"}],"wp:attachment":[{"href":"https:\/\/www.mojevrijeme.hr\/magazin\/wp-json\/wp\/v2\/media?parent=74755"}],"wp:term":[{"taxonomy":"category","embeddable":true,"href":"https:\/\/www.mojevrijeme.hr\/magazin\/wp-json\/wp\/v2\/categories?post=74755"},{"taxonomy":"post_tag","embeddable":true,"href":"https:\/\/www.mojevrijeme.hr\/magazin\/wp-json\/wp\/v2\/tags?post=74755"}],"curies":[{"name":"wp","href":"https:\/\/api.w.org\/{rel}","templated":true}]}}