{"id":74894,"date":"2023-05-22T07:37:54","date_gmt":"2023-05-22T05:37:54","guid":{"rendered":"https:\/\/www.mojevrijeme.hr\/magazin\/?p=74894"},"modified":"2023-05-22T07:38:53","modified_gmt":"2023-05-22T05:38:53","slug":"novi-model-uskladivanja-naknada-za-branitelje-je-u-javnom-savjetovanju","status":"publish","type":"post","link":"https:\/\/www.mojevrijeme.hr\/magazin\/2023\/05\/novi-model-uskladivanja-naknada-za-branitelje-je-u-javnom-savjetovanju\/","title":{"rendered":"Novi model uskla\u0111ivanja naknada za branitelje u javnom je savjetovanju"},"content":{"rendered":"\n<p>Do 10. lipnja traje javno savjetovanje oko izmjena i dopuna Zakona o hrvatskim braniteljima, kojima se, izme\u0111u ostaloga, podi\u017eu osobne invalidnine i pro\u0161iruje mogu\u0107nost rada uz mirovinu.<\/p>\n\n\n\n<p>U okviru materijalnih prava hrvatskih branitelja iz Domovinskog rata i \u010dlanova njihovih obitelji uvodi se\u00a0<strong>novi model uskla\u0111ivanja naknada<\/strong>\u00a0koje primaju korisnici.<\/p>\n\n\n\n<p>Po novome, iznos osobne invalidnine, posebnog doplatka, doplatka za njegu i pomo\u0107 druge osobe, ortopedskog doplatka, obiteljske invalidnine, pove\u0107ane i uve\u0107ane obiteljske invalidnine, nov\u010dane naknade u iznosu obiteljske invalidnine, nov\u010dane naknade u iznosu pove\u0107ane i uve\u0107ane obiteljske invalidnine, naknade za njegovatelja i naknade za nezaposlene hrvatske branitelje iz Domovinskog rata svake godine \u0107e se odre\u0111ivati prema osnovici koju odredi Vlada svojom odlukom, analizira <a rel=\"noreferrer noopener\" href=\"https:\/\/www.tportal.hr\/biznis\/clanak\/zavirili-smo-u-novi-zakon-o-hrvatskim-braniteljima-evo-sto-ce-sve-dobiti-foto-20230522\" target=\"_blank\">Tportal<\/a>.<\/p><div id=\"mojev-2011739205\" class=\"mojev-u-tekstu mojev-entity-placement\" style=\"margin-left: auto;margin-right: auto;text-align: center;\"><div class=\"mojev-adlabel\">oglas<\/div><div style=\"height: 250px;\"><script async src=\"https:\/\/pagead2.googlesyndication.com\/pagead\/js\/adsbygoogle.js?client=ca-pub-8106111766207173\"\r\n     crossorigin=\"anonymous\"><\/script>\r\n<!-- Prikazni 1 u tekstu -->\r\n<ins class=\"adsbygoogle\"\r\n     style=\"display:block\"\r\n     data-ad-client=\"ca-pub-8106111766207173\"\r\n     data-ad-slot=\"8535551207\"\r\n     data-ad-format=\"auto\"\r\n     data-full-width-responsive=\"true\"><\/ins>\r\n<script>\r\n     (adsbygoogle = window.adsbygoogle || []).push({});\r\n<\/script><\/div><\/div><br style=\"clear: both; display: block; float: none;\"\/>\n\n\n\n<p>Dosad su se materijalna prava utvr\u0111ivala prema prora\u010dunskoj osnovici od&nbsp;<strong>3.326 kuna,<\/strong>&nbsp;odnosno 441,44 eura, koja se nije mijenjala vi\u0161e od 20 godina. U obrazlo\u017eenju izmjena, iz Ministarstva napominju da su prosje\u010dne neto pla\u0107e i tro\u0161kovi \u017eivota u me\u0111uvremenu neprestano rasli, dok je za vi\u0161e od 40 posto hrvatskih ratnih vojnih invalida iz Domovinskog rata osobna invalidnina mjese\u010dno cijelo vrijeme iznosila&nbsp;<strong>15,23 eura.<\/strong><\/p>\n\n\n\n<p>Prema prijedlogu, Vlada bi mogla odlu\u010diti o podizanju osnovice ako postoje ekonomska opravdanost i financijske mogu\u0107nosti dr\u017eave, a po sli\u010dnom modelu koji je uveden u nekim drugim propisima, primjerice Zakonu o socijalnoj skrbi.<\/p>\n\n\n\n<p>\u0160to se ti\u010de mogu\u0107nosti rada umirovljenih branitelja, u zakon su ugra\u0111ena nova prava regulirana Zakonom o mirovinskom osiguranju.<\/p>\n\n\n\n<p>Radi se o uskla\u0111ivanju kojim se omogu\u0107uje da hrvatski branitelji mogu primati&nbsp;<strong>puni iznos najni\u017ee mirovine odre\u0111ene Zakonom o hrvatskim braniteljima,<\/strong>&nbsp;ako im je on povoljniji od njihove starosne mirovine, i biti zaposleni do polovice radnog vremena, \u010dime se \u017eeli potaknuti njihova radna aktivnost, javlja <a href=\"https:\/\/www.tportal.hr\/biznis\/clanak\/zavirili-smo-u-novi-zakon-o-hrvatskim-braniteljima-evo-sto-ce-sve-dobiti-foto-20230522\" target=\"_blank\" rel=\"noreferrer noopener\">Tportal<\/a>.<\/p>\n\n\n\n<p>Braniteljima zaposlenima do pola radnog vremena mirovina \u0107e se odre\u0111ivati po faktoru 0,8, dok \u0107e ostalima zaposlenima na dulje radno vrijeme ili u djelatnostima za koje postoji obveza prijave na mirovinsko osiguranje, mirovinski faktor iznositi kao i dosad \u2013 0,6667. I&nbsp;<strong>primateljima obiteljske mirovine&nbsp;<\/strong>omogu\u0107uje se rad do polovice radnog vremena uz primanje punog iznosa mirovine.<\/p>\n\n\n\n<p>Me\u0111u braniteljima i \u010dlanovima njihovih obitelji ima i onih kojima je priznata najni\u017ea mirovina umjesto invalidske zbog djelomi\u010dnog gubitka radne sposobnosti. Njima \u0107e se tijekom rada duljeg od \u010detiri sata dnevno mirovina obustaviti, ali \u0107e im se vratiti i ponovno obra\u010dunati nakon prestanka obavljanja posla.<\/p>\n<div id=\"mojev-1151125142\" class=\"mojev-kraj-teksta mojev-entity-placement\" style=\"margin-bottom: 20px;margin-left: auto;margin-right: auto;text-align: center;\"><div class=\"mojev-adlabel\">oglas<\/div><div style=\"height: 250px;\"><script async src=\"https:\/\/pagead2.googlesyndication.com\/pagead\/js\/adsbygoogle.js?client=ca-pub-8106111766207173\"\r\n     crossorigin=\"anonymous\"><\/script>\r\n<!-- Display-1 -->\r\n<ins class=\"adsbygoogle\"\r\n     style=\"display:block\"\r\n     data-ad-client=\"ca-pub-8106111766207173\"\r\n     data-ad-slot=\"1465712950\"\r\n     data-ad-format=\"auto\"\r\n     data-full-width-responsive=\"true\"><\/ins>\r\n<script>\r\n     (adsbygoogle = window.adsbygoogle || []).push({});\r\n<\/script><\/div><\/div>","protected":false},"excerpt":{"rendered":"<p>Usvajanje izmjena i dopuna predvi\u0111eno je po hitnom postupku, \u0161to \u0107e ubrzati proces i omogu\u0107iti br\u017ee ostvarivanje prava velikom broju pripadnika braniteljske populacije.<\/p>\n","protected":false},"author":1,"featured_media":27317,"comment_status":"closed","ping_status":"closed","sticky":false,"template":"","format":"standard","meta":{"footnotes":""},"categories":[9],"tags":[627,752,971],"class_list":["post-74894","post","type-post","status-publish","format-standard","has-post-thumbnail","hentry","category-vijesti","tag-branitelji","tag-naknade","tag-uskladivanje-mirovina"],"_links":{"self":[{"href":"https:\/\/www.mojevrijeme.hr\/magazin\/wp-json\/wp\/v2\/posts\/74894","targetHints":{"allow":["GET"]}}],"collection":[{"href":"https:\/\/www.mojevrijeme.hr\/magazin\/wp-json\/wp\/v2\/posts"}],"about":[{"href":"https:\/\/www.mojevrijeme.hr\/magazin\/wp-json\/wp\/v2\/types\/post"}],"author":[{"embeddable":true,"href":"https:\/\/www.mojevrijeme.hr\/magazin\/wp-json\/wp\/v2\/users\/1"}],"replies":[{"embeddable":true,"href":"https:\/\/www.mojevrijeme.hr\/magazin\/wp-json\/wp\/v2\/comments?post=74894"}],"version-history":[{"count":0,"href":"https:\/\/www.mojevrijeme.hr\/magazin\/wp-json\/wp\/v2\/posts\/74894\/revisions"}],"wp:featuredmedia":[{"embeddable":true,"href":"https:\/\/www.mojevrijeme.hr\/magazin\/wp-json\/wp\/v2\/media\/27317"}],"wp:attachment":[{"href":"https:\/\/www.mojevrijeme.hr\/magazin\/wp-json\/wp\/v2\/media?parent=74894"}],"wp:term":[{"taxonomy":"category","embeddable":true,"href":"https:\/\/www.mojevrijeme.hr\/magazin\/wp-json\/wp\/v2\/categories?post=74894"},{"taxonomy":"post_tag","embeddable":true,"href":"https:\/\/www.mojevrijeme.hr\/magazin\/wp-json\/wp\/v2\/tags?post=74894"}],"curies":[{"name":"wp","href":"https:\/\/api.w.org\/{rel}","templated":true}]}}