{"id":74929,"date":"2023-05-22T12:50:50","date_gmt":"2023-05-22T10:50:50","guid":{"rendered":"https:\/\/www.mojevrijeme.hr\/magazin\/?p=74929"},"modified":"2023-06-05T11:24:58","modified_gmt":"2023-06-05T09:24:58","slug":"svekrva-na-krstenje-mog-djeteta-zove-cijelo-selo-sto-da-radim","status":"publish","type":"post","link":"https:\/\/www.mojevrijeme.hr\/magazin\/2023\/05\/svekrva-na-krstenje-mog-djeteta-zove-cijelo-selo-sto-da-radim\/","title":{"rendered":"&#8216;Svekrva na krstitke zove cijelo selo. \u0160to da radim?&#8217;"},"content":{"rendered":"\n<p>Kr\u0161tenje novoro\u0111en\u010deta jo\u0161 uvijek je velika stvar u obiteljima koje dr\u017ee do vjere ili samo do tradicije. Ne \u010dudi stoga da mnoge bake \u017eele rasko\u0161no proslaviti kr\u0161tenje svoga unu\u010deta, a to je koncepcija suprotna \u017eivotnom stilu mladih roditelja koji ne \u017eele od kr\u0161tenja raditi &#8220;malu svadbu&#8221;.<\/p>\n\n\n\n<p>Jedna majka iz Hrvatske se tako u grupi <a rel=\"noreferrer noopener\" href=\"https:\/\/www.facebook.com\/profile.php?id=100064495610523\" target=\"_blank\">Mamine tajne<\/a> na Facebooku po\u017ealila da svekrva na krstitke \u017eeli pozvati i ljude s kojima ona i suprug uop\u0107e nisu u prijateljskim odnosima niti su s njima bliski na bilo koji na\u010din. &#8220;Na primjer, krsnu kumu mu\u017eevog brata, svekrvine susjede, mu\u017eeve brati\u0107e s kojima mu\u017e nema dobar odnos.&#8221;<\/p>\n\n\n\n<p>&#8220;Naime, svekrva i svekar \u017eive na selu. Sat vremena su udaljeni od grada u kojem smo mu\u017e i ja. Mi imamo druga\u010diji i br\u017ei \u017eivot, radimo odgovorne poslove, biramo svoje okru\u017eenje i prijatelje te smatramo da su krstitke ne\u0161to intimno na \u0161to treba pozvati najbli\u017ee ljude. A to je opet oko 50-60 ljudi s na\u0161im roditeljima, bra\u0107om, sestrama, ne\u0107acima, kumovima, tetkama, ujacima, stri\u010devima, brati\u0107ima&#8230; i ljudima s kojima se dru\u017eimo&#8221;, obrazla\u017ee problem ova mlada majka. <\/p><div id=\"mojev-1849926171\" class=\"mojev-u-tekstu mojev-entity-placement\" style=\"margin-left: auto;margin-right: auto;text-align: center;\"><div class=\"mojev-adlabel\">oglas<\/div><div style=\"height: 250px;\"><script async src=\"https:\/\/pagead2.googlesyndication.com\/pagead\/js\/adsbygoogle.js?client=ca-pub-8106111766207173\"\r\n     crossorigin=\"anonymous\"><\/script>\r\n<!-- Prikazni 1 u tekstu -->\r\n<ins class=\"adsbygoogle\"\r\n     style=\"display:block\"\r\n     data-ad-client=\"ca-pub-8106111766207173\"\r\n     data-ad-slot=\"8535551207\"\r\n     data-ad-format=\"auto\"\r\n     data-full-width-responsive=\"true\"><\/ins>\r\n<script>\r\n     (adsbygoogle = window.adsbygoogle || []).push({});\r\n<\/script><\/div><\/div><br style=\"clear: both; display: block; float: none;\"\/>\n\n\n\n<p>&#8220;Moj mu\u017e joj govori da \u0107emo pozvati koga mi \u017eelimo, a ona odgovara u stilu da mi ne \u017eelimo po\u010dastiti ljude, da smo \u0161krti&#8221;, nastavlja. Svekrva je, pi\u0161e mlada majka, ponudila da ona plati restoran ili da se krstitke organiziraju kod nje na selu. Ali nije problem u novcu. <\/p>\n\n\n\n<p>&#8220;Ne mije\u0161am se previ\u0161e u razgovor, jer mu\u017e s njima takve stvari rje\u0161ava. Ipak, kasnije me je to sve, nakon \u0161to sam razmislila, na\u017eivciralo&#8221;, zaklju\u010duje ova majka navode\u0107i da \u017eeli korektne odnose sa svekrom i svekrvom, kao i da se ne \u017eeli upu\u0161tati u sva\u0111e.<\/p>\n\n\n\n<p>Savjeti koje je dobila na opisani problem kre\u0107u se od &#8220;Vi pozovite na kr\u0161tenje koga \u017eelite, a svekrva neka rodi pa nek&#8217; zove koga ho\u0107e&#8221; do &#8220;Ne bi mi smetalo, ako svekrva pla\u0107a&#8221;.<\/p>\n\n\n\n<p>&#8220;Imali smo takvu situaciju. Rekla je moja mama da uzmemo dijete i krsne kumove i nek&#8217; to bude to. Tako je i bilo. Isto tako, nekako za pri\u010dest i krizmu, naju\u017ei obiteljski krug i kuma. Ne volimo raditi <em>narodno veselje<\/em>&#8220;, napisala je jedna komentatorica. <\/p>\n\n\n\n<p>&#8220;Va\u0161 \u017eivot, va\u0161e dijete &#8211; zna\u010di i va\u0161a odluka. Moji pripremaju svatove i naravno da bih i ja \u017eeljela da pozovu neke osobe meni drage, ali njihova svadba je njihov dan, a ne moj&#8221;, stav je jedne svekrve koja se uklju\u010dila u raspravu. <\/p>\n\n\n\n<p>&#8220;Ti su obi\u010daji na selu ne\u0161to ja\u010di &#8211; zovu se svi. Nemojte komplicirati, pogotovo ako oni snose tro\u0161kove slavlja za kr\u0161tenje. Vi budite majka-kraljica koja im je podarila unu\u010de. Ako vi snosite tro\u0161kove, onda ozbiljno s njima popri\u010dajte. Neka vam je sretno&#8221;, komentar je koji stvari stavlja u realnu perspektivu. A \u0161to biste vi savjetovali?<\/p>\n\n\n\n<div id=\"crveno\"><\/p>\n\n\n\n<h3 class=\"wp-block-heading\">Zanima nas va\u0161a pri\u010da<\/h3>\n\n\n\n<p>\u017delite li i vi, posve anonimno, podijeliti svoje iskustvo i vi\u0111enje ove teme s nama i na\u0161im \u010ditateljima, mo\u017eete to u\u010diniti putem web obrasca <a rel=\"noreferrer noopener\" href=\"https:\/\/www.mojevrijeme.hr\/magazin\/povjerljivo\/\" target=\"_blank\">Povjerljivo<\/a>. Napi\u0161ite svoju pri\u010du!<\/p>\n\n\n\n<p><\/div>\n<div id=\"mojev-3776387383\" class=\"mojev-kraj-teksta mojev-entity-placement\" style=\"margin-bottom: 20px;margin-left: auto;margin-right: auto;text-align: center;\"><div class=\"mojev-adlabel\">oglas<\/div><div style=\"height: 250px;\"><script async src=\"https:\/\/pagead2.googlesyndication.com\/pagead\/js\/adsbygoogle.js?client=ca-pub-8106111766207173\"\r\n     crossorigin=\"anonymous\"><\/script>\r\n<!-- Display-1 -->\r\n<ins class=\"adsbygoogle\"\r\n     style=\"display:block\"\r\n     data-ad-client=\"ca-pub-8106111766207173\"\r\n     data-ad-slot=\"1465712950\"\r\n     data-ad-format=\"auto\"\r\n     data-full-width-responsive=\"true\"><\/ins>\r\n<script>\r\n     (adsbygoogle = window.adsbygoogle || []).push({});\r\n<\/script><\/div><\/div>","protected":false},"excerpt":{"rendered":"<p>Mlada majka i njen suprug \u017eive u gradu, daleko od svekrve i svekra koji su na selu. Sukob nastaje oko organizacije kr\u0161tenja. Mladi par smatra da je to intimni doga\u0111aj za najbli\u017ee ljude, dok svekrva \u017eeli pozvati sve svoje prijatelje i rodbinu. Ponudila je financiranje proslave u restoranu ili organizaciju kr\u0161tenja na selu, ali novac nije problem.<\/p>\n","protected":false},"author":1,"featured_media":74935,"comment_status":"closed","ping_status":"closed","sticky":false,"template":"","format":"standard","meta":{"footnotes":""},"categories":[3552],"tags":[3011,3437,1436,314],"class_list":["post-74929","post","type-post","status-publish","format-standard","has-post-thumbnail","hentry","category-povjerljivo","tag-krstenje","tag-obiteljski-odnosi","tag-povjerljivo","tag-svekrva"],"_links":{"self":[{"href":"https:\/\/www.mojevrijeme.hr\/magazin\/wp-json\/wp\/v2\/posts\/74929","targetHints":{"allow":["GET"]}}],"collection":[{"href":"https:\/\/www.mojevrijeme.hr\/magazin\/wp-json\/wp\/v2\/posts"}],"about":[{"href":"https:\/\/www.mojevrijeme.hr\/magazin\/wp-json\/wp\/v2\/types\/post"}],"author":[{"embeddable":true,"href":"https:\/\/www.mojevrijeme.hr\/magazin\/wp-json\/wp\/v2\/users\/1"}],"replies":[{"embeddable":true,"href":"https:\/\/www.mojevrijeme.hr\/magazin\/wp-json\/wp\/v2\/comments?post=74929"}],"version-history":[{"count":0,"href":"https:\/\/www.mojevrijeme.hr\/magazin\/wp-json\/wp\/v2\/posts\/74929\/revisions"}],"wp:featuredmedia":[{"embeddable":true,"href":"https:\/\/www.mojevrijeme.hr\/magazin\/wp-json\/wp\/v2\/media\/74935"}],"wp:attachment":[{"href":"https:\/\/www.mojevrijeme.hr\/magazin\/wp-json\/wp\/v2\/media?parent=74929"}],"wp:term":[{"taxonomy":"category","embeddable":true,"href":"https:\/\/www.mojevrijeme.hr\/magazin\/wp-json\/wp\/v2\/categories?post=74929"},{"taxonomy":"post_tag","embeddable":true,"href":"https:\/\/www.mojevrijeme.hr\/magazin\/wp-json\/wp\/v2\/tags?post=74929"}],"curies":[{"name":"wp","href":"https:\/\/api.w.org\/{rel}","templated":true}]}}