{"id":74982,"date":"2023-05-22T19:10:33","date_gmt":"2023-05-22T17:10:33","guid":{"rendered":"https:\/\/www.mojevrijeme.hr\/magazin\/?p=74982"},"modified":"2023-05-22T19:16:46","modified_gmt":"2023-05-22T17:16:46","slug":"plenkovic-mirovine-bi-bile-manje-da-se-isplacuju-samo-iz-doprinosa","status":"publish","type":"post","link":"https:\/\/www.mojevrijeme.hr\/magazin\/2023\/05\/plenkovic-mirovine-bi-bile-manje-da-se-isplacuju-samo-iz-doprinosa\/","title":{"rendered":"Plenkovi\u0107: Da je do doprinosa, nitko ne bi dobio mirovinu koliku ima"},"content":{"rendered":"\n<p>Najavljenom poreznom reformom zadire se i u doprinose za mirovinsko osiguranje, odnosno oni smanjuju za odre\u0111eni broj gra\u0111ana do odre\u0111enih primanja. Premijer <strong>Andrej Plenkovi\u0107<\/strong> (HDZ) jo\u0161 je jednom objasnio kako \u0107e se zakrpati, na taj na\u010din pove\u0107ana, rupa isplati mirovina.<\/p>\n\n\n\n<p>&#8220;To smanjenje \u0107e im ostaviti ve\u0107a primanja na pla\u0107i, a umjesto njih \u0107e dr\u017eava to nadomjestiti&#8221;, kazao je premijer odbaciv\u0161i tezu da \u0107e se ugroziti mirovinski sustav. &#8220;Da se mirovine ispla\u0107uju jedino i isklju\u010divo na temelju doprinosa ne bi nitko dobio mirovinu koliku ima sada. Godinama dopla\u0107ujemo dio za mirovine iz poreznih prihoda&#8221;, rekao je.<\/p>\n\n\n\n<p>&#8220;Da bismo pove\u0107ali pla\u0107e onima koji imaju manja primanja, mi drugih prostora nemamo. Osim da poslodavci pove\u0107aju pla\u0107e, to je najbolji na\u010din&#8221;, dodao je.<\/p><div id=\"mojev-956093574\" class=\"mojev-u-tekstu mojev-entity-placement\" style=\"margin-left: auto;margin-right: auto;text-align: center;\"><div class=\"mojev-adlabel\">oglas<\/div><div style=\"height: 250px;\"><script async src=\"https:\/\/pagead2.googlesyndication.com\/pagead\/js\/adsbygoogle.js?client=ca-pub-8106111766207173\"\r\n     crossorigin=\"anonymous\"><\/script>\r\n<!-- Prikazni 1 u tekstu -->\r\n<ins class=\"adsbygoogle\"\r\n     style=\"display:block\"\r\n     data-ad-client=\"ca-pub-8106111766207173\"\r\n     data-ad-slot=\"8535551207\"\r\n     data-ad-format=\"auto\"\r\n     data-full-width-responsive=\"true\"><\/ins>\r\n<script>\r\n     (adsbygoogle = window.adsbygoogle || []).push({});\r\n<\/script><\/div><\/div><br style=\"clear: both; display: block; float: none;\"\/>\n\n\n\n<p>Prema neslu\u017ebenim informacijama, dr\u017eava \u0107e najvjerojatnije preuzeti dio pla\u0107anja mirovinskog doprinosa za gra\u0111ane \u010diji prihodi ne prema\u0161uju 1.300 eura, a ne 1.500 eura kao \u0161to je ranije najavljeno. Do iznosa od 1.300 eura do\u0161lo se kroz procjenu eksperata Ministarstva financija o tome koliki pritisak novih obveza mo\u017ee izdr\u017eati dr\u017eavni prora\u010dun, javio je prije nekoliko dana Jutarnji list. <\/p>\n\n\n\n<h3 class=\"wp-block-heading\">Sindikat umirovljenika &#8211; o\u0161tro protiv<\/h3>\n\n\n\n<p>Najistaknutija hrvatska umirovljeni\u010dka aktivistkinja <strong>Jasna A. Petrovi\u0107<\/strong> za <em>MojeVrijeme.hr<\/em> ka\u017ee da je Sindikat umirovljenika Hrvatske krenuo u razgovore s radni\u010dkim sindikatima. \u201cNe\u0107emo dopustiti pr\u010dkanje po doprinosima, a pogotovo smo protiv ideja da se onima s ni\u017eim pla\u0107ama propisuje ni\u017ei doprinos. To bi zna\u010dilo stvaranje dr\u017eavne mirovine na razini socijale. Ne prihva\u0107amo to!\u201d<\/p>\n\n\n\n<p>\u201cUmjesto toga u javni stup treba vratiti pet posto pa neka u drugim stupovima \u0161tede oni koji to \u017eele i koliko \u017eele. Primor\u010deve ideje \u0107e samo potaknuti sivu ekonomiju u Hrvatskoj, a ona je ionako prevelika.\u201d Sada\u0161nji i budu\u0107i umirovljenici mogu, ka\u017ee na\u0161a sugovornica, od svega o\u010dekivati veliku \u0161tetu, jer \u0107e malo novca biti u mirovinskom fondu.<\/p>\n\n\n\n<p>\u201cI\u0107i \u0107emo na ceste ako treba. Dugo smo \u0161utjeli, dugo pregovarali, imali kvalitetan socijalni dijalog kroz Nacionalno vije\u0107e za umirovljenike i starije osobe te radne skupine kroz koje sudjelujemo na izradi raznih zakona. To je funkcioniralo jako dobro. Ali ovo sada je otvoreni rat\u201d, zaklju\u010duje Petrovi\u0107.<\/p>\n<div id=\"mojev-569208144\" class=\"mojev-kraj-teksta mojev-entity-placement\" style=\"margin-bottom: 20px;margin-left: auto;margin-right: auto;text-align: center;\"><div class=\"mojev-adlabel\">oglas<\/div><div style=\"height: 250px;\"><script async src=\"https:\/\/pagead2.googlesyndication.com\/pagead\/js\/adsbygoogle.js?client=ca-pub-8106111766207173\"\r\n     crossorigin=\"anonymous\"><\/script>\r\n<!-- Display-1 -->\r\n<ins class=\"adsbygoogle\"\r\n     style=\"display:block\"\r\n     data-ad-client=\"ca-pub-8106111766207173\"\r\n     data-ad-slot=\"1465712950\"\r\n     data-ad-format=\"auto\"\r\n     data-full-width-responsive=\"true\"><\/ins>\r\n<script>\r\n     (adsbygoogle = window.adsbygoogle || []).push({});\r\n<\/script><\/div><\/div>","protected":false},"excerpt":{"rendered":"<p>Da bismo pove\u0107ali pla\u0107e onima koji imaju manja primanja, mi drugih prostora nemamo, kazao je predsjednik Vlade RH.<\/p>\n","protected":false},"author":1,"featured_media":39000,"comment_status":"closed","ping_status":"closed","sticky":false,"template":"","format":"standard","meta":{"footnotes":""},"categories":[9],"tags":[888,1840,1116,889],"class_list":["post-74982","post","type-post","status-publish","format-standard","has-post-thumbnail","hentry","category-vijesti","tag-andrej-plenkovic","tag-doprinosi","tag-mirovinska-reforma","tag-porezna-reforma"],"_links":{"self":[{"href":"https:\/\/www.mojevrijeme.hr\/magazin\/wp-json\/wp\/v2\/posts\/74982","targetHints":{"allow":["GET"]}}],"collection":[{"href":"https:\/\/www.mojevrijeme.hr\/magazin\/wp-json\/wp\/v2\/posts"}],"about":[{"href":"https:\/\/www.mojevrijeme.hr\/magazin\/wp-json\/wp\/v2\/types\/post"}],"author":[{"embeddable":true,"href":"https:\/\/www.mojevrijeme.hr\/magazin\/wp-json\/wp\/v2\/users\/1"}],"replies":[{"embeddable":true,"href":"https:\/\/www.mojevrijeme.hr\/magazin\/wp-json\/wp\/v2\/comments?post=74982"}],"version-history":[{"count":0,"href":"https:\/\/www.mojevrijeme.hr\/magazin\/wp-json\/wp\/v2\/posts\/74982\/revisions"}],"wp:featuredmedia":[{"embeddable":true,"href":"https:\/\/www.mojevrijeme.hr\/magazin\/wp-json\/wp\/v2\/media\/39000"}],"wp:attachment":[{"href":"https:\/\/www.mojevrijeme.hr\/magazin\/wp-json\/wp\/v2\/media?parent=74982"}],"wp:term":[{"taxonomy":"category","embeddable":true,"href":"https:\/\/www.mojevrijeme.hr\/magazin\/wp-json\/wp\/v2\/categories?post=74982"},{"taxonomy":"post_tag","embeddable":true,"href":"https:\/\/www.mojevrijeme.hr\/magazin\/wp-json\/wp\/v2\/tags?post=74982"}],"curies":[{"name":"wp","href":"https:\/\/api.w.org\/{rel}","templated":true}]}}